{"id":16070,"date":"2023-09-26T11:48:07","date_gmt":"2023-09-26T08:48:07","guid":{"rendered":"https:\/\/akdenizhaber.com.tr\/?p=16070"},"modified":"2023-09-26T11:48:08","modified_gmt":"2023-09-26T08:48:08","slug":"baskan-uysal-balik-mezadini-yapti","status":"publish","type":"post","link":"https:\/\/akdenizhaber.com.tr\/index.php\/2023\/09\/26\/baskan-uysal-balik-mezadini-yapti\/","title":{"rendered":"Ba\u015fkan Uysal, bal\u0131k mezad\u0131n\u0131 yapt\u0131"},"content":{"rendered":"\n<p><\/p>\n\n\n\n<p>Antalya\u2019da Muratpa\u015fa Belediye Ba\u015fkan\u0131 \u00dcmit Uysal, Akdeniz\u2019de av yasa\u011f\u0131n\u0131n kald\u0131r\u0131lmas\u0131n\u0131n ard\u0131ndan Antalya Bal\u0131k\u00e7\u0131 Bar\u0131na\u011f\u0131\u2019nda bal\u0131k mezad\u0131na kat\u0131ld\u0131. Kurban kesilip, dualarla ba\u015flanan mezatta Ba\u015fkan Uysal, bal\u0131k\u00e7\u0131lara hay\u0131rl\u0131 ve bereketli bir sezon diledi.<\/p>\n\n\n\n<p>Ba\u015fkan Uysal, Akdeniz\u2019de av yasa\u011f\u0131n\u0131n kalkmas\u0131n\u0131n ard\u0131ndan \u2018Vira bismillah\u2019 diyerek denizlere a\u00e7\u0131lan bal\u0131k\u00e7\u0131larla bir araya geldi. Uysal, g\u00fcn daha a\u011farmadan Antalya &#8211; Kemer yolunda bulunan Antalya Bal\u0131k\u00e7\u0131 Bar\u0131na\u011f\u0131\u2019nda d\u00fczenlenen bal\u0131k mezad\u0131n\u0131 yapt\u0131. Mezat \u00f6ncesi kurban kesilip dualar edilirken Ba\u015fkan Uysal, bal\u0131k\u00e7\u0131lara hay\u0131rl\u0131 ve bereketli bir sezon diledi. Uysal, \u201cBal\u0131k \u00f6nemli bir besin. Ekonomik ko\u015fullar zor. \u0130mkan\u0131 olan herkes bal\u0131k yiyebilmeli\u201d dedi. Uysal, herkesin bal\u0131k yiyebilmesi i\u00e7in belediye tesislerinde uygun fiyatlarla hizmet sunduklar\u0131n\u0131 da s\u00f6zlerine ekledi.<br><br>G\u00fcn\u00fcn ilk saatlerinde ger\u00e7ekle\u015ftirilen bal\u0131k mezad\u0131nda, taze deniz mahsullerini almak isteyenler aras\u0131nda k\u0131yas\u0131ya rekabet ya\u015fand\u0131. Kasa kasa bal\u0131klar g\u00fcn do\u011fmadan sat\u0131l\u0131rken kilolarca a\u011f\u0131rl\u0131ktaki lagos bal\u0131\u011f\u0131n\u0131 kuca\u011f\u0131na alan Ba\u015fkan Uysal \u201cBu bal\u0131\u011f\u0131n Antalya\u2019daki ismi Grida. Yerli bal\u0131kt\u0131r. En lezzetlisi bizde\u201d dedi.<\/p>\n\n\n\n<p>Muratpa\u015fa Belediyesi \/ B\u00fclten<\/p>\n","protected":false},"excerpt":{"rendered":"<p>Antalya\u2019da Muratpa\u015fa Belediye Ba\u015fkan\u0131 \u00dcmit Uysal, Akdeniz\u2019de av yasa\u011f\u0131n\u0131n kald\u0131r\u0131lmas\u0131n\u0131n ard\u0131ndan Antalya Bal\u0131k\u00e7\u0131 Bar\u0131na\u011f\u0131\u2019nda bal\u0131k mezad\u0131na kat\u0131ld\u0131. Kurban kesilip, dualarla ba\u015flanan mezatta Ba\u015fkan Uysal, bal\u0131k\u00e7\u0131lara <a href=\"https:\/\/akdenizhaber.com.tr\/index.php\/2023\/09\/26\/baskan-uysal-balik-mezadini-yapti\/\" class=\"read-more-link\">[more&#8230;]<\/a><\/p>\n","protected":false},"author":2,"featured_media":16071,"comment_status":"open","ping_status":"open","sticky":false,"template":"","format":"standard","meta":{"footnotes":""},"categories":[2],"tags":[],"class_list":["post-16070","post","type-post","status-publish","format-standard","has-post-thumbnail","hentry","category-gundem"],"_links":{"self":[{"href":"https:\/\/akdenizhaber.com.tr\/index.php\/wp-json\/wp\/v2\/posts\/16070","targetHints":{"allow":["GET"]}}],"collection":[{"href":"https:\/\/akdenizhaber.com.tr\/index.php\/wp-json\/wp\/v2\/posts"}],"about":[{"href":"https:\/\/akdenizhaber.com.tr\/index.php\/wp-json\/wp\/v2\/types\/post"}],"author":[{"embeddable":true,"href":"https:\/\/akdenizhaber.com.tr\/index.php\/wp-json\/wp\/v2\/users\/2"}],"replies":[{"embeddable":true,"href":"https:\/\/akdenizhaber.com.tr\/index.php\/wp-json\/wp\/v2\/comments?post=16070"}],"version-history":[{"count":0,"href":"https:\/\/akdenizhaber.com.tr\/index.php\/wp-json\/wp\/v2\/posts\/16070\/revisions"}],"wp:featuredmedia":[{"embeddable":true,"href":"https:\/\/akdenizhaber.com.tr\/index.php\/wp-json\/wp\/v2\/media\/16071"}],"wp:attachment":[{"href":"https:\/\/akdenizhaber.com.tr\/index.php\/wp-json\/wp\/v2\/media?parent=16070"}],"wp:term":[{"taxonomy":"category","embeddable":true,"href":"https:\/\/akdenizhaber.com.tr\/index.php\/wp-json\/wp\/v2\/categories?post=16070"},{"taxonomy":"post_tag","embeddable":true,"href":"https:\/\/akdenizhaber.com.tr\/index.php\/wp-json\/wp\/v2\/tags?post=16070"}],"curies":[{"name":"wp","href":"https:\/\/api.w.org\/{rel}","templated":true}]}}