{"id":16037,"date":"2023-09-25T13:08:11","date_gmt":"2023-09-25T10:08:11","guid":{"rendered":"https:\/\/akdenizhaber.com.tr\/?p=16037"},"modified":"2023-09-25T13:08:13","modified_gmt":"2023-09-25T10:08:13","slug":"nefes-egzersizi-yaptilar","status":"publish","type":"post","link":"https:\/\/akdenizhaber.com.tr\/index.php\/2023\/09\/25\/nefes-egzersizi-yaptilar\/","title":{"rendered":"Nefes egzersizi yapt\u0131lar"},"content":{"rendered":"\n<p><\/p>\n\n\n\n<p><strong>Antalya\u2019da Muratpa\u015fa Belediyesi, 21 Eyl\u00fcl D\u00fcnya Alzheimer G\u00fcn\u00fc kapsam\u0131nda Falez Ya\u015fl\u0131 Evi\u2019nde fark\u0131ndal\u0131k etkinli\u011fi d\u00fczenledi. Etkinlikte kat\u0131l\u0131mc\u0131lar, Uzakdo\u011fu k\u00fclt\u00fcr\u00fcn\u00fcn thaici nefes ve hareket egzersizleri yapt\u0131.<\/strong><\/p>\n\n\n\n<p>D\u00fcnya Sa\u011fl\u0131k \u00d6rg\u00fct\u00fc&#8217;n\u00fcn \u201cYa\u015fl\u0131 Dostu Kentler ve Toplumlar A\u011f\u0131\u201d \u00fcyesi olan ve farkl\u0131 mahallerdeki 5 ya\u015fl\u0131 eviyle \u00f6rnek bir modeli hayata ge\u00e7iren Muratpa\u015fa Belediyesi, 21 Eyl\u00fcl D\u00fcnya Alzheimer G\u00fcn\u00fc\u2019nde farkl\u0131 bir etkinli\u011fe imza att\u0131.<br><br>Belediye, Falez Ya\u015fl\u0131 Evi\u2019nde Alzheimer fark\u0131ndal\u0131k etkinli\u011fi ger\u00e7ekle\u015ftirdi. Kat\u0131l\u0131mc\u0131lar, e\u011fitmen hocalar e\u015fli\u011finde Uzakdo\u011fu k\u00fclt\u00fcr\u00fcnden gelen thaici nefes ve hareket egzersizlerini yapt\u0131, ard\u0131ndan hastal\u0131kla ilgili k\u0131demli kent sakinlerinin merak ettikleri sorular uzmanlar taraf\u0131ndan cevapland\u0131. Etkinli\u011fin sonunda ise kat\u0131l\u0131mc\u0131lar \u00e7e\u015fitli halk oyunlar\u0131 oynay\u0131p m\u00fczik e\u015fli\u011finde e\u011flendi.<br><br>88 ya\u015f\u0131nda Alzheimer hastas\u0131 bir annesi oldu\u011funu belirten Emel \u00d6zg\u00fcr 3 y\u0131ld\u0131r bu hastal\u0131kla sava\u015ft\u0131klar\u0131n\u0131 ve belediyenin bu t\u00fcr etkinliklerini yararl\u0131 buldu\u011funu s\u00f6yledi. Kat\u0131l\u0131mc\u0131 Mehmet Seracettin Tav ise e\u011fitmenler e\u015fli\u011finde yap\u0131lan thaici al\u0131\u015ft\u0131rmalar\u0131n\u0131n ruhsal ve bedensel olarak rahatlatt\u0131\u011f\u0131n\u0131 ve etkinlikte keyifli zaman ge\u00e7irdi\u011fini belirtti. Alzheimer hastal\u0131\u011f\u0131na yakalanmamak i\u00e7in sanat dallar\u0131na ve sosyal aktivitelere m\u00fcmk\u00fcn oldu\u011fu kadar zaman ay\u0131rd\u0131\u011f\u0131n\u0131 belirten M\u00fcmine Erseyrek ise \u201cV\u00fccudumu bu \u015fekilde zinde tutuyorum\u201d dedi.<\/p>\n\n\n\n<p><strong>Muratpa\u015fa Belediyesi \/ B\u00fclten<\/strong><\/p>\n","protected":false},"excerpt":{"rendered":"<p>Antalya\u2019da Muratpa\u015fa Belediyesi, 21 Eyl\u00fcl D\u00fcnya Alzheimer G\u00fcn\u00fc kapsam\u0131nda Falez Ya\u015fl\u0131 Evi\u2019nde fark\u0131ndal\u0131k etkinli\u011fi d\u00fczenledi. Etkinlikte kat\u0131l\u0131mc\u0131lar, Uzakdo\u011fu k\u00fclt\u00fcr\u00fcn\u00fcn thaici nefes ve hareket egzersizleri yapt\u0131. <a href=\"https:\/\/akdenizhaber.com.tr\/index.php\/2023\/09\/25\/nefes-egzersizi-yaptilar\/\" class=\"read-more-link\">[more&#8230;]<\/a><\/p>\n","protected":false},"author":2,"featured_media":16038,"comment_status":"open","ping_status":"open","sticky":false,"template":"","format":"standard","meta":{"footnotes":""},"categories":[2],"tags":[],"class_list":["post-16037","post","type-post","status-publish","format-standard","has-post-thumbnail","hentry","category-gundem"],"_links":{"self":[{"href":"https:\/\/akdenizhaber.com.tr\/index.php\/wp-json\/wp\/v2\/posts\/16037","targetHints":{"allow":["GET"]}}],"collection":[{"href":"https:\/\/akdenizhaber.com.tr\/index.php\/wp-json\/wp\/v2\/posts"}],"about":[{"href":"https:\/\/akdenizhaber.com.tr\/index.php\/wp-json\/wp\/v2\/types\/post"}],"author":[{"embeddable":true,"href":"https:\/\/akdenizhaber.com.tr\/index.php\/wp-json\/wp\/v2\/users\/2"}],"replies":[{"embeddable":true,"href":"https:\/\/akdenizhaber.com.tr\/index.php\/wp-json\/wp\/v2\/comments?post=16037"}],"version-history":[{"count":0,"href":"https:\/\/akdenizhaber.com.tr\/index.php\/wp-json\/wp\/v2\/posts\/16037\/revisions"}],"wp:featuredmedia":[{"embeddable":true,"href":"https:\/\/akdenizhaber.com.tr\/index.php\/wp-json\/wp\/v2\/media\/16038"}],"wp:attachment":[{"href":"https:\/\/akdenizhaber.com.tr\/index.php\/wp-json\/wp\/v2\/media?parent=16037"}],"wp:term":[{"taxonomy":"category","embeddable":true,"href":"https:\/\/akdenizhaber.com.tr\/index.php\/wp-json\/wp\/v2\/categories?post=16037"},{"taxonomy":"post_tag","embeddable":true,"href":"https:\/\/akdenizhaber.com.tr\/index.php\/wp-json\/wp\/v2\/tags?post=16037"}],"curies":[{"name":"wp","href":"https:\/\/api.w.org\/{rel}","templated":true}]}}