{"id":16034,"date":"2023-09-25T13:07:12","date_gmt":"2023-09-25T10:07:12","guid":{"rendered":"https:\/\/akdenizhaber.com.tr\/?p=16034"},"modified":"2023-09-25T13:07:13","modified_gmt":"2023-09-25T10:07:13","slug":"akseki-belediyesinden-ogrencilere-destek","status":"publish","type":"post","link":"https:\/\/akdenizhaber.com.tr\/index.php\/2023\/09\/25\/akseki-belediyesinden-ogrencilere-destek\/","title":{"rendered":"Akseki Belediyesinden \u00d6\u011frencilere Destek"},"content":{"rendered":"\n<p><\/p>\n\n\n\n<p>Akseki Belediyesi evde kalan \u00fcniversite \u00f6\u011frencilerinin y\u0131l boyu \u00fccretsiz g\u0131da ve yakacak ihtiya\u00e7lar\u0131n\u0131 kar\u015f\u0131layacak. \u00d6\u011frencilerin s\u00f6z konusu yard\u0131mlardan faydalanabilmesi i\u00e7in Belediyenin Sosyal Yard\u0131m \u0130\u015fleri M\u00fcd\u00fcrl\u00fc\u011f\u00fcne ba\u015fvurmalar\u0131 istendi. Akseki Belediye Ba\u015fkan\u0131 \u0130brahim \u00d6zkan, yeni e\u011fitim ve \u00f6\u011fretim y\u0131l\u0131 i\u00e7in t\u00fcm \u00f6\u011frencilere ba\u015far\u0131lar diledi. Hat\u0131rlanaca\u011f\u0131 \u00fczere Ba\u015fkan \u0130brahim \u00d6zkan daha \u00f6ncede il\u00e7ede a\u00e7t\u0131\u011f\u0131 d\u00fc\u011f\u00fcn salonunda yeni evlenecek \u00e7iftlere y\u0131l boyunca d\u00fc\u011f\u00fcnlerinin bedavaya hi\u00e7bir \u00fccret al\u0131nmaks\u0131z\u0131n yap\u0131laca\u011f\u0131n\u0131 s\u00f6ylemi\u015f ve uygulamaya koymu\u015ftu. Ba\u015fkan\u2019\u0131n \u00f6nce d\u00fc\u011f\u00fcn salonu ard\u0131ndan da \u00f6\u011frenciler i\u00e7in hayata ge\u00e7irdi\u011fi bu hizmetler hem vatanda\u015flar\u0131n takdirini topluyor hem de Alanya, Manavgat, Serik ve di\u011fer il\u00e7elerde de vatanda\u015flar\u0131n kendi belediyelerinde bu y\u00f6nde hizmet vermelerini istemelerine neden oluyor.<\/p>\n\n\n\n<p>Akseki Belediyesi \/ B\u00fclten<\/p>\n","protected":false},"excerpt":{"rendered":"<p>Akseki Belediyesi evde kalan \u00fcniversite \u00f6\u011frencilerinin y\u0131l boyu \u00fccretsiz g\u0131da ve yakacak ihtiya\u00e7lar\u0131n\u0131 kar\u015f\u0131layacak. \u00d6\u011frencilerin s\u00f6z konusu yard\u0131mlardan faydalanabilmesi i\u00e7in Belediyenin Sosyal Yard\u0131m \u0130\u015fleri M\u00fcd\u00fcrl\u00fc\u011f\u00fcne <a href=\"https:\/\/akdenizhaber.com.tr\/index.php\/2023\/09\/25\/akseki-belediyesinden-ogrencilere-destek\/\" class=\"read-more-link\">[more&#8230;]<\/a><\/p>\n","protected":false},"author":2,"featured_media":16035,"comment_status":"open","ping_status":"open","sticky":false,"template":"","format":"standard","meta":{"footnotes":""},"categories":[2],"tags":[],"class_list":["post-16034","post","type-post","status-publish","format-standard","has-post-thumbnail","hentry","category-gundem"],"_links":{"self":[{"href":"https:\/\/akdenizhaber.com.tr\/index.php\/wp-json\/wp\/v2\/posts\/16034","targetHints":{"allow":["GET"]}}],"collection":[{"href":"https:\/\/akdenizhaber.com.tr\/index.php\/wp-json\/wp\/v2\/posts"}],"about":[{"href":"https:\/\/akdenizhaber.com.tr\/index.php\/wp-json\/wp\/v2\/types\/post"}],"author":[{"embeddable":true,"href":"https:\/\/akdenizhaber.com.tr\/index.php\/wp-json\/wp\/v2\/users\/2"}],"replies":[{"embeddable":true,"href":"https:\/\/akdenizhaber.com.tr\/index.php\/wp-json\/wp\/v2\/comments?post=16034"}],"version-history":[{"count":0,"href":"https:\/\/akdenizhaber.com.tr\/index.php\/wp-json\/wp\/v2\/posts\/16034\/revisions"}],"wp:featuredmedia":[{"embeddable":true,"href":"https:\/\/akdenizhaber.com.tr\/index.php\/wp-json\/wp\/v2\/media\/16035"}],"wp:attachment":[{"href":"https:\/\/akdenizhaber.com.tr\/index.php\/wp-json\/wp\/v2\/media?parent=16034"}],"wp:term":[{"taxonomy":"category","embeddable":true,"href":"https:\/\/akdenizhaber.com.tr\/index.php\/wp-json\/wp\/v2\/categories?post=16034"},{"taxonomy":"post_tag","embeddable":true,"href":"https:\/\/akdenizhaber.com.tr\/index.php\/wp-json\/wp\/v2\/tags?post=16034"}],"curies":[{"name":"wp","href":"https:\/\/api.w.org\/{rel}","templated":true}]}}