{"id":16032,"date":"2023-09-23T12:51:05","date_gmt":"2023-09-23T09:51:05","guid":{"rendered":"https:\/\/akdenizhaber.com.tr\/?p=16032"},"modified":"2023-09-23T12:51:05","modified_gmt":"2023-09-23T09:51:05","slug":"manavgatizm-huseyin-ziyaettine","status":"publish","type":"post","link":"https:\/\/akdenizhaber.com.tr\/index.php\/2023\/09\/23\/manavgatizm-huseyin-ziyaettine\/","title":{"rendered":"MANAVGAT\u0130ZM!.. \u201cH\u00fcseyin Ziyaettin\u2019e\u201d."},"content":{"rendered":"\n<p><\/p>\n\n\n\n<p>30 y\u0131l \u00f6nce tan\u0131d\u0131m H\u00fcseyin Ziyaettin\u2019i, ayn\u0131 y\u0131llarda Manavgat\u2019a \u201cMerhaba\u201d demi\u015ftik.<\/p>\n\n\n\n<p>Demokrasi Bulvar\u0131ndaki muayenehanesinde kap\u0131 kom\u015fuluk yapt\u0131k y\u0131llar boyu..<\/p>\n\n\n\n<p>\u00c7ocuklar\u0131m \u0130lkem ve Egemen\u2019in do\u011fumunu ger\u00e7ekle\u015ftiren g\u00fcn y\u00fcz\u00fc g\u00f6rmelerine katk\u0131 sa\u011flayan Kad\u0131n Do\u011fum uzmanl\u0131\u011f\u0131nda mesle\u011finin profes\u00f6r\u00fc..<\/p>\n\n\n\n<p>H\u00fcmanist, Atat\u00fcrk\u00e7\u00fc, \u015eair, Yazar MAS\u0130AD ba\u015fta olmak \u00fczere bir\u00e7ok dernek y\u00f6netiminde g\u00f6rev alm\u0131\u015f, on parma\u011f\u0131nda on h\u00fcner olmas\u0131n\u0131n yan\u0131 s\u0131ra Manavgat\u2019ta ger\u00e7ekle\u015ftirdi\u011fi etkinliklerle isminden \u00e7ok s\u0131k bahsedilen insan\u2026<\/p>\n\n\n\n<p>30 y\u0131ll\u0131k Manavgatl\u0131l\u0131\u011f\u0131n da Yirmi, be\u015f bin \u00e7ocu\u011fun d\u00fcnya\u2019ya gelmesine katk\u0131 sa\u011flam\u0131\u015f, \u201dEllerimle do\u011fanlar\u201d slogan\u0131 ile d\u00fcnya\u2019ya gelen \u00e7ocuklarla bulu\u015fmalar\u0131na devam ediyor, o \u00e7ocuklar\u0131n \u00e7o\u011fu \u015fimdilerde se\u00e7me ve se\u00e7ilme hakk\u0131na sahip..<\/p>\n\n\n\n<p>Fikir \u00fcretmekte, hayata ge\u00e7irmekte ender tan\u0131d\u0131\u011f\u0131m ki\u015filerin ba\u015f\u0131nda yer al\u0131r Doktor H\u00fcseyin Ziyaettin..<\/p>\n\n\n\n<p>\u00d6n\u00fcm\u00fczdeki se\u00e7imlerde medeni cesaretinin yan\u0131 s\u0131ra kendine ve Manavgatl\u0131ya g\u00fcvenerek Manavgat Belediye ba\u015fkanl\u0131\u011f\u0131na aday aday\u0131 oldu\u011funu a\u00e7\u0131klad\u0131 ge\u00e7ti\u011fimiz g\u00fcnlerde \u015fair taraf\u0131n\u0131n a\u011f\u0131r basmas\u0131 nedeniyle bir ilke de imza atarak yazd\u0131\u011f\u0131 \u015fiiriyle ba\u015flad\u0131 bas\u0131n a\u00e7\u0131klamas\u0131na..<\/p>\n\n\n\n<p>\u0130yi Gelecek, Kad\u0131nlarla Gelecek..<\/p>\n\n\n\n<p>G\u00f6n\u00fcll\u00fcler Ordusu<\/p>\n\n\n\n<p>Ellerimde do\u011fanlar<\/p>\n\n\n\n<p>Projelerinin yan\u0131 s\u0131ra en dikkat \u00e7eken projelerinin ba\u015f\u0131nda Manavgatizm geliyor..<\/p>\n\n\n\n<p>Bu konuda \u015f\u00f6yle a\u00e7\u0131kl\u0131yor g\u00f6r\u00fc\u015flerini H\u00fcseyin Ziyaettin..<\/p>\n\n\n\n<p>\u201cManavgatizm ,siyaset \u00fcst\u00fc bir anlay\u0131\u015fla ,Manavgat \u015fehrine son nefese kadar, tutkulu bir a\u015fkt\u0131r.. Bu a\u015fk\u0131 hepinize a\u015f\u0131lamaya geliyorum..<\/p>\n\n\n\n<p>Manavgatizm \u00e7a\u011f\u0131 ba\u015flad\u0131\u011f\u0131 an, Birlik Manavgat, G\u00fc\u00e7l\u00fc Manavgat, Zengin Manavgat, Mutlu Manavgat ve Masal Manavgat\u2019\u0131 hep birlikte kuraca\u011f\u0131z..30 y\u0131ld\u0131r bu kente a\u015f\u0131k bir Manavgatizm olarak ,\u00e7ok hikaye dinledik.. Art\u0131k yeter.. Manavgatizmin hikayesini gelin birlikte yazal\u0131m ..Her konuda seferberlik ba\u015flatal\u0131m .Her konuda \u00e7al\u0131\u015ftaylar yapal\u0131m.. K\u00fcsk\u00fcnl\u00fckleri ,k\u0131rg\u0131nl\u0131klar\u0131 b\u0131rakal\u0131m ..Bir olal\u0131m ,dir olal\u0131m. Hayallerin \u00f6tesinde bir \u015fehri mutlaka kural\u0131m\u201d diyor H\u00fcseyin Ziyaettin hani haks\u0131zda de\u011fil..<\/p>\n\n\n\n<p>30 y\u0131l\u0131n\u0131 vermi\u015f Manavgat\u2019a..<\/p>\n\n\n\n<p>Yirmi be\u015f bin \u00e7ocu\u011fun d\u00fcnya\u2019ya merhaba demesine katk\u0131da bulunmu\u015f..<\/p>\n\n\n\n<p>Do\u011fumlar\u0131n d\u0131\u015f\u0131nda sorunlar\u0131 olan, dertleri olan kad\u0131nlar\u0131n sorunlar\u0131n\u0131 \u00e7\u00f6zm\u00fc\u015f y\u0131llard\u0131r..<\/p>\n\n\n\n<p>Maddiyat g\u00f6zetmeden, zengin, fakir ay\u0131rt etmeden hastalar\u0131na \u015fifa da\u011f\u0131tan adam olarak tan\u0131nm\u0131\u015f, sevilmi\u015f, say\u0131lm\u0131\u015f bir insand\u0131r H\u00fcseyin Ziyaettin..<\/p>\n\n\n\n<p>\u201cHizmeti en y\u00fcksek d\u00fczeyde sunabilmek i\u00e7in kendi sa\u011fl\u0131\u011f\u0131m\u0131, esenli\u011fimi ve mesleki yetkinli\u011fimi korumaya dikkat edece\u011fime, Tehdit ediliyor olsam bile, t\u0131bbi bilgimi, insan haklar\u0131n\u0131 ve bireysel \u00f6zg\u00fcrl\u00fckleri \u00e7i\u011fnemek i\u00e7in kullanmayaca\u011f\u0131ma, Kararl\u0131l\u0131kla, \u00f6zg\u00fcrce ve onurum \u00fczerine, Ant i\u00e7erim\u201d ..<\/p>\n\n\n\n<p>Hipokrat yemini her doktorun uymas\u0131 ve uygulamas\u0131 gereken \u00e7ok \u00f6nemli bir s\u00f6zd\u00fcr, tan\u0131d\u0131\u011f\u0131m doktorlar aras\u0131nda bu yemine sad\u0131k kalan g\u00fczelli\u011fi de vard\u0131r H\u00fcseyin Ziyaettin\u2019in..<\/p>\n\n\n\n<p>S\u00f6z\u00fcn \u00f6z\u00fc yola \u00e7\u0131karken \u00f6ncelikle Manavgat\u2019la b\u00fct\u00fcnle\u015fmeyi, Manavgat\u2019la kucakla\u015fmay\u0131 \u00f6n planda tutarak Belediye ba\u015fkan aday adayl\u0131\u011f\u0131na soyunmu\u015f.<\/p>\n\n\n\n<p>Manavgat\u2019ta onu ba\u011fr\u0131na basarak \u201cBizim O\u011flan\u201d g\u00f6r\u00fc\u015f\u00fcn\u00fc \u00f6n plana \u00e7\u0131karm\u0131\u015f konumda..<\/p>\n\n\n\n<p>Hay\u0131rl\u0131 olsun H\u00fcseyin karde\u015fim..<\/p>\n\n\n\n<p>Yolun a\u00e7\u0131k olsun, ba\u015far\u0131lar diliyorum..<\/p>\n\n\n\n<p>Haydi, kal\u0131n sa\u011fl\u0131cakla.<\/p>\n\n\n\n<p>Her \u015fey y\u00fcre\u011finize g\u00f6re olsun..<\/p>\n\n\n\n<p>HOPDED\u0130K<br>MANAVGAT\u0130ZM..<\/p>\n\n\n\n<p>Doktor H\u00fcseyin Ziyaettin,<\/p>\n\n\n\n<p>Manavgat sevdas\u0131 ile<\/p>\n\n\n\n<p>\u00c7\u0131kt\u0131 yola..<\/p>\n\n\n\n<p>Yolu a\u00e7\u0131k ola..<\/p>\n","protected":false},"excerpt":{"rendered":"<p>30 y\u0131l \u00f6nce tan\u0131d\u0131m H\u00fcseyin Ziyaettin\u2019i, ayn\u0131 y\u0131llarda Manavgat\u2019a \u201cMerhaba\u201d demi\u015ftik. Demokrasi Bulvar\u0131ndaki muayenehanesinde kap\u0131 kom\u015fuluk yapt\u0131k y\u0131llar boyu.. \u00c7ocuklar\u0131m \u0130lkem ve Egemen\u2019in do\u011fumunu ger\u00e7ekle\u015ftiren <a href=\"https:\/\/akdenizhaber.com.tr\/index.php\/2023\/09\/23\/manavgatizm-huseyin-ziyaettine\/\" class=\"read-more-link\">[more&#8230;]<\/a><\/p>\n","protected":false},"author":2,"featured_media":15955,"comment_status":"open","ping_status":"open","sticky":false,"template":"","format":"standard","meta":{"footnotes":""},"categories":[2],"tags":[],"class_list":["post-16032","post","type-post","status-publish","format-standard","has-post-thumbnail","hentry","category-gundem"],"_links":{"self":[{"href":"https:\/\/akdenizhaber.com.tr\/index.php\/wp-json\/wp\/v2\/posts\/16032","targetHints":{"allow":["GET"]}}],"collection":[{"href":"https:\/\/akdenizhaber.com.tr\/index.php\/wp-json\/wp\/v2\/posts"}],"about":[{"href":"https:\/\/akdenizhaber.com.tr\/index.php\/wp-json\/wp\/v2\/types\/post"}],"author":[{"embeddable":true,"href":"https:\/\/akdenizhaber.com.tr\/index.php\/wp-json\/wp\/v2\/users\/2"}],"replies":[{"embeddable":true,"href":"https:\/\/akdenizhaber.com.tr\/index.php\/wp-json\/wp\/v2\/comments?post=16032"}],"version-history":[{"count":0,"href":"https:\/\/akdenizhaber.com.tr\/index.php\/wp-json\/wp\/v2\/posts\/16032\/revisions"}],"wp:featuredmedia":[{"embeddable":true,"href":"https:\/\/akdenizhaber.com.tr\/index.php\/wp-json\/wp\/v2\/media\/15955"}],"wp:attachment":[{"href":"https:\/\/akdenizhaber.com.tr\/index.php\/wp-json\/wp\/v2\/media?parent=16032"}],"wp:term":[{"taxonomy":"category","embeddable":true,"href":"https:\/\/akdenizhaber.com.tr\/index.php\/wp-json\/wp\/v2\/categories?post=16032"},{"taxonomy":"post_tag","embeddable":true,"href":"https:\/\/akdenizhaber.com.tr\/index.php\/wp-json\/wp\/v2\/tags?post=16032"}],"curies":[{"name":"wp","href":"https:\/\/api.w.org\/{rel}","templated":true}]}}