{"id":16029,"date":"2023-09-23T12:51:24","date_gmt":"2023-09-23T09:51:24","guid":{"rendered":"https:\/\/akdenizhaber.com.tr\/?p=16029"},"modified":"2023-09-23T12:51:24","modified_gmt":"2023-09-23T09:51:24","slug":"doga-eczanesine-muhtesem-acilis","status":"publish","type":"post","link":"https:\/\/akdenizhaber.com.tr\/index.php\/2023\/09\/23\/doga-eczanesine-muhtesem-acilis\/","title":{"rendered":"Do\u011fa Eczanesi\u2019ne Muhte\u015fem A\u00e7\u0131l\u0131\u015f"},"content":{"rendered":"\n<p><a href=\"https:\/\/pinterest.com\/pin\/create\/button\/?url=http:\/\/www.manavgatgercek.com\/2023\/09\/22\/doga-eczanesine-gorkemli-acilis\/&amp;media=http:\/\/www.manavgatgercek.com\/wp-content\/uploads\/2023\/09\/KAPAK-9.jpg&amp;description=DO%C4%9EA+ECZANES%C4%B0%E2%80%99NE+G%C3%96RKEML%C4%B0+A%C3%87ILI%C5%9E\"><\/a><\/p>\n\n\n\n<p>Do\u011fadan gelen seslere kulak verdiler, akademik kariyerlerine son vererek \u00e7ocuklar\u0131n\u0131n ad\u0131n\u0131 ta\u015f\u0131yan \u2018Do\u011fa Eczanesi\u2019ni\u201d Manavgat\u2019a kazand\u0131rd\u0131lar. Atat\u00fcrk Caddesi\u2019nde faaliyetine ba\u015flayan eczanenin a\u00e7\u0131l\u0131\u015f\u0131na siyasiler, i\u015f insanlar\u0131, e\u011fitimciler ve \u00e7iftin sevenleri yo\u011fun ilgi g\u00f6sterdi.<\/p>\n\n\n\n<p>\u201cDO\u011eA dedesine, biz Manavgat\u2019\u0131m\u0131za kavu\u015ftuk\u201d<\/p>\n\n\n\n<p>Ay\u00e7a Dedeo\u011flu-Dr. Murat Erdo\u011fan \u00e7ifti Yeditepe \u00dcniversitesi Eczac\u0131l\u0131k Fak\u00fcltesi\u2019ni bitirdikten sonra ayn\u0131 \u00fcniversitede akademik kariyerlerini yapmaya ba\u015flad\u0131. \u00c7ocuklar\u0131 Do\u011fa\u2019n\u0131n d\u00fcnyaya gelmesiyle akademik kariyerlerine son vererek e\u015finin memleketi Manavgat\u2019a d\u00f6nme karar\u0131 ald\u0131klar\u0131n\u0131 belirten Ay\u00e7a Dedeo\u011flu Erdo\u011fan, \u201cNe kadar isabetli bir karar ald\u0131\u011f\u0131m\u0131z\u0131 a\u00e7\u0131l\u0131\u015f\u0131m\u0131za gelerek bizleri onurland\u0131ran sevenlerimizin g\u00f6sterdi\u011fi ilgiden bir kez daha anlam\u0131\u015f olduk. Burada e\u015fimin yan\u0131 s\u0131ra bir te\u015fekk\u00fcr\u00fc de aileyi bir arada tutmak i\u00e7in b\u00fcy\u00fck emek veren ve her t\u00fcrl\u00fc deste\u011fini vererek bizleri g\u00fc\u00e7lendiren kay\u0131nbabam Akdeniz \u00fcniversitesi Fen Fak\u00fcltesi Biyoloji B\u00f6l\u00fcm Anabilim Dal\u0131 Ba\u015fkan\u0131 Prof. Dr. Ali Erdo\u011fan\u2019a te\u015fekk\u00fcr\u00fc bor\u00e7 bilirim. Sonu\u00e7ta Do\u011fa dedesine, biz de Manavgat\u2019\u0131m\u0131za kavu\u015ftuk\u201d diyerek duygular\u0131n\u0131 dile getirdi.<\/p>\n\n\n\n<p>\u00d6nleyici sa\u011fl\u0131k hizmetleri de verecek olan Do\u011fa Eczanesi Atat\u00fcrk Caddesi \u00fczerinde, \u00c7i\u00e7ek Pasaj\u0131\u2019n\u0131n hemen yan\u0131nda g\u00f6rkemli bir organizasyonla hizmete a\u00e7\u0131ld\u0131. Do\u011fa Eczanesi ayr\u0131ca SGK hatalar\u0131na da hizmet verecek.<\/p>\n\n\n\n<p>Ay\u00e7a Dedeo\u011flu Erdo\u011fan ile Prof. Dr. Ali Erdo\u011fan davetlilere k\u0131sa bir ho\u015f geldin konu\u015fmas\u0131 yapt\u0131.<\/p>\n\n\n\n<p>Manavgat Belediye Ba\u015fkan\u0131 \u015e\u00fckr\u00fc S\u00f6zen gen\u00e7 \u00e7ifte ba\u015far\u0131lar diledi\u011fi konu\u015fmas\u0131nda, \u201c \u00dclkenin bu k\u00f6t\u00fc ekonomik ko\u015fullar\u0131nda, i\u015fsizli\u011fin had safhada oldu\u011fu b\u00f6ylesine bir ortamda iki gen\u00e7 arkada\u015f\u0131m\u0131n, Manavgat halk\u0131n\u0131n sa\u011fl\u0131\u011f\u0131na hizmet etme arzular\u0131n\u0131 ve cesaretlerini kutluyorum. Ba\u015far\u0131lar diliyorum!\u201d dedi.<\/p>\n\n\n\n<p>AK Partili vekil Mustafa K\u00f6se telgrafla kutlad\u0131<\/p>\n\n\n\n<p>A\u00e7\u0131l\u0131\u015fa gelemedi\u011fi i\u00e7in \u00fcz\u00fcnt\u00fclerini bildiren bir telgraf g\u00f6nderen AK Parti Antalya Milletvekili Mustafa K\u00f6se, sa\u011fl\u0131k sekt\u00f6r\u00fcnde Manavgat halk\u0131na hizmet verecek g\u00fczide bir i\u015fletmenin a\u00e7\u0131lmas\u0131ndan duydu\u011fu memnuniyeti dile getirdi.<\/p>\n\n\n\n<p>Manavgat M\u00fcft\u00fcs\u00fc Abdullah Ero\u011flu\u2019nun a\u00e7\u0131l\u0131\u015f duas\u0131n\u0131 okumas\u0131n\u0131n ard\u0131ndan protokol, a\u00e7\u0131l\u0131\u015f kurdelesini kesti, \u00e7e\u015fitli ikramlarda bulunuldu.<\/p>\n\n\n\n<p>A\u00e7\u0131l\u0131\u015fa yo\u011fun ilgi vard\u0131<\/p>\n\n\n\n<p>A\u00e7\u0131l\u0131\u015f t\u00f6renine Manavgat Belediye Ba\u015fkan\u0131 \u015e\u00fckr\u00fc S\u00f6zen e\u015fi Hatice S\u00f6zen ile birlikte kat\u0131ld\u0131. T\u00f6rende ayr\u0131ca \u0130Y\u0130 Parti Antalya \u0130l Ba\u015fkan\u0131 Vahdet Af\u015fin Karacan, CHP, MHP ve \u0130Y\u0130 Parti Manavgat il\u00e7e ba\u015fkanlar\u0131 Oykun Ba\u015far, Nooman Enho\u015f, H\u00fcseyin Ergen y\u00f6netim kurulu \u00fcyeleriyle birlikte, , MAS\u0130AD Ba\u015fkan\u0131 M\u00fccahit Tatar, MAY\u00d6V M\u00fctevelli Heyet \u00fcyeleri, e\u011fitimciler, i\u015f insanlar\u0131 ile \u00e7ok say\u0131da davetli kat\u0131ld\u0131.<\/p>\n\n\n\n<p>Yeni Eczanemizin Manavgat\u2019\u0131m\u0131za hay\u0131rl\u0131 olmas\u0131n\u0131 diliyoruz.<\/p>\n\n\n\n<p>(B\u00fc\u015fra Deveci)<\/p>\n","protected":false},"excerpt":{"rendered":"<p>Do\u011fadan gelen seslere kulak verdiler, akademik kariyerlerine son vererek \u00e7ocuklar\u0131n\u0131n ad\u0131n\u0131 ta\u015f\u0131yan \u2018Do\u011fa Eczanesi\u2019ni\u201d Manavgat\u2019a kazand\u0131rd\u0131lar. Atat\u00fcrk Caddesi\u2019nde faaliyetine ba\u015flayan eczanenin a\u00e7\u0131l\u0131\u015f\u0131na siyasiler, i\u015f insanlar\u0131, <a href=\"https:\/\/akdenizhaber.com.tr\/index.php\/2023\/09\/23\/doga-eczanesine-muhtesem-acilis\/\" class=\"read-more-link\">[more&#8230;]<\/a><\/p>\n","protected":false},"author":2,"featured_media":16030,"comment_status":"open","ping_status":"open","sticky":false,"template":"","format":"standard","meta":{"footnotes":""},"categories":[2],"tags":[],"class_list":["post-16029","post","type-post","status-publish","format-standard","has-post-thumbnail","hentry","category-gundem"],"_links":{"self":[{"href":"https:\/\/akdenizhaber.com.tr\/index.php\/wp-json\/wp\/v2\/posts\/16029","targetHints":{"allow":["GET"]}}],"collection":[{"href":"https:\/\/akdenizhaber.com.tr\/index.php\/wp-json\/wp\/v2\/posts"}],"about":[{"href":"https:\/\/akdenizhaber.com.tr\/index.php\/wp-json\/wp\/v2\/types\/post"}],"author":[{"embeddable":true,"href":"https:\/\/akdenizhaber.com.tr\/index.php\/wp-json\/wp\/v2\/users\/2"}],"replies":[{"embeddable":true,"href":"https:\/\/akdenizhaber.com.tr\/index.php\/wp-json\/wp\/v2\/comments?post=16029"}],"version-history":[{"count":0,"href":"https:\/\/akdenizhaber.com.tr\/index.php\/wp-json\/wp\/v2\/posts\/16029\/revisions"}],"wp:featuredmedia":[{"embeddable":true,"href":"https:\/\/akdenizhaber.com.tr\/index.php\/wp-json\/wp\/v2\/media\/16030"}],"wp:attachment":[{"href":"https:\/\/akdenizhaber.com.tr\/index.php\/wp-json\/wp\/v2\/media?parent=16029"}],"wp:term":[{"taxonomy":"category","embeddable":true,"href":"https:\/\/akdenizhaber.com.tr\/index.php\/wp-json\/wp\/v2\/categories?post=16029"},{"taxonomy":"post_tag","embeddable":true,"href":"https:\/\/akdenizhaber.com.tr\/index.php\/wp-json\/wp\/v2\/tags?post=16029"}],"curies":[{"name":"wp","href":"https:\/\/api.w.org\/{rel}","templated":true}]}}