{"id":16026,"date":"2023-09-23T11:48:05","date_gmt":"2023-09-23T08:48:05","guid":{"rendered":"https:\/\/akdenizhaber.com.tr\/?p=16026"},"modified":"2023-09-23T11:48:06","modified_gmt":"2023-09-23T08:48:06","slug":"sarilarda-vatandas-devlet-el-ele","status":"publish","type":"post","link":"https:\/\/akdenizhaber.com.tr\/index.php\/2023\/09\/23\/sarilarda-vatandas-devlet-el-ele\/","title":{"rendered":"Sar\u0131lar\u2019da Vatanda\u015f Devlet El Ele"},"content":{"rendered":"\n<p><\/p>\n\n\n\n<p>Hay\u0131rsever vatanda\u015flar, i\u015f insanlar\u0131, veliler ve Okul Aile Birli\u011fi el ele vererek il\u00e7emiz Sar\u0131larda bulunan Zeki Varg\u00fcn ilk \u00f6\u011fretim okulu ve Sar\u0131lar ilk okulunun eksikliklerini birlikte giderdiler.<\/p>\n\n\n\n<p>\u00d6\u011frenci velileri daha \u00f6nce g\u00f6rev yapt\u0131\u011f\u0131 okullarda da b\u00fcy\u00fck i\u015flere imza atan ve giri\u015fimci ruhuyla kendini e\u011fitime adayan okul m\u00fcd\u00fcr\u00fc Saim Yi\u011fen\u2019in bu \u00f6zelliklerine hayran kald\u0131klar\u0131n\u0131 ve destek olma karar\u0131 alarak \u00f6\u011frenci velileri, okul aile birli\u011fi ve hay\u0131rsever i\u015f insanlar\u0131n\u0131n da deste\u011fini alarak Zeki Varg\u00fcn ilk\u00f6\u011fretim okulunu el birli\u011fi ile sil ba\u015ftan yenilediklerini s\u00f6ylediler.<\/p>\n\n\n\n<p>\u00d6\u011frenci velileri bu konuda \u00f6nder olan okul m\u00fcd\u00fcr\u00fc Saim Yi\u011fen\u2019e ne kadar te\u015fekk\u00fcr etsek azd\u0131r diyerek \u201cHer okula b\u00f6ylesine \u00e7al\u0131\u015fkan ve giri\u015fimci ruhta bir m\u00fcd\u00fcr nasip olmaz, bizim okulumuzun \u00e7al\u0131\u015fkan m\u00fcte\u015febbis ve kendine e\u011fitime adam\u0131\u015f bir m\u00fcd\u00fcr\u00fcm\u00fcz\u00fcn olmas\u0131ndan dolay\u0131 onur duyuyoruz. E\u011fitimde her \u015fey devletten beklemek olmaz, bu konuda velilerin ve hay\u0131rsever i\u015f insanlar\u0131n duyarl\u0131 olmalar\u0131 sonucunda okulumuzu sil ba\u015ftan yenilemek bizlere nasip oldu. \u0130n\u015fallah di\u011fer okullara da \u00f6rnek te\u015fkil eder bu \u00e7al\u0131\u015fma sistemimiz, ayr\u0131ca okulumuzun daha eksikleri \u00f6n\u00fcm\u00fczdeki g\u00fcnlerde bu konuda da \u00e7al\u0131\u015fmalar yapaca\u011f\u0131z duyarl\u0131 hay\u0131rsever i\u015f insanlar\u0131m\u0131z\u0131n ve okul velilerimizin desteklerini bekliyoruz\u201d dediler.<\/p>\n\n\n\n<p>SA\u0130M Y\u0130\u011eEN\u2019DEN TE\u015eEKK\u00dcR<\/p>\n\n\n\n<p>Sar\u0131lar \u0130lkokul m\u00fcd\u00fcr\u00fc Saim Yi\u011fen, okul velilerinin, okul aile birli\u011finin ve hay\u0131rsever i\u015f insanlar\u0131n\u0131n duygu dolu bu g\u00fczel hareketinden dolay\u0131 okulu ve \u00f6\u011frencileri ad\u0131na b\u00fcy\u00fck mutluluk duydu\u011funu ifade ederek, destek sa\u011flayanlara y\u00fcrek dolusu te\u015fekk\u00fcr ettiler.<\/p>\n\n\n\n<p>(Haber Merkezi)<\/p>\n","protected":false},"excerpt":{"rendered":"<p>Hay\u0131rsever vatanda\u015flar, i\u015f insanlar\u0131, veliler ve Okul Aile Birli\u011fi el ele vererek il\u00e7emiz Sar\u0131larda bulunan Zeki Varg\u00fcn ilk \u00f6\u011fretim okulu ve Sar\u0131lar ilk okulunun eksikliklerini <a href=\"https:\/\/akdenizhaber.com.tr\/index.php\/2023\/09\/23\/sarilarda-vatandas-devlet-el-ele\/\" class=\"read-more-link\">[more&#8230;]<\/a><\/p>\n","protected":false},"author":2,"featured_media":16027,"comment_status":"open","ping_status":"open","sticky":false,"template":"","format":"standard","meta":{"footnotes":""},"categories":[2],"tags":[],"class_list":["post-16026","post","type-post","status-publish","format-standard","has-post-thumbnail","hentry","category-gundem"],"_links":{"self":[{"href":"https:\/\/akdenizhaber.com.tr\/index.php\/wp-json\/wp\/v2\/posts\/16026","targetHints":{"allow":["GET"]}}],"collection":[{"href":"https:\/\/akdenizhaber.com.tr\/index.php\/wp-json\/wp\/v2\/posts"}],"about":[{"href":"https:\/\/akdenizhaber.com.tr\/index.php\/wp-json\/wp\/v2\/types\/post"}],"author":[{"embeddable":true,"href":"https:\/\/akdenizhaber.com.tr\/index.php\/wp-json\/wp\/v2\/users\/2"}],"replies":[{"embeddable":true,"href":"https:\/\/akdenizhaber.com.tr\/index.php\/wp-json\/wp\/v2\/comments?post=16026"}],"version-history":[{"count":0,"href":"https:\/\/akdenizhaber.com.tr\/index.php\/wp-json\/wp\/v2\/posts\/16026\/revisions"}],"wp:featuredmedia":[{"embeddable":true,"href":"https:\/\/akdenizhaber.com.tr\/index.php\/wp-json\/wp\/v2\/media\/16027"}],"wp:attachment":[{"href":"https:\/\/akdenizhaber.com.tr\/index.php\/wp-json\/wp\/v2\/media?parent=16026"}],"wp:term":[{"taxonomy":"category","embeddable":true,"href":"https:\/\/akdenizhaber.com.tr\/index.php\/wp-json\/wp\/v2\/categories?post=16026"},{"taxonomy":"post_tag","embeddable":true,"href":"https:\/\/akdenizhaber.com.tr\/index.php\/wp-json\/wp\/v2\/tags?post=16026"}],"curies":[{"name":"wp","href":"https:\/\/api.w.org\/{rel}","templated":true}]}}