{"id":16003,"date":"2023-09-23T11:39:43","date_gmt":"2023-09-23T08:39:43","guid":{"rendered":"https:\/\/akdenizhaber.com.tr\/?p=16003"},"modified":"2023-09-23T11:39:43","modified_gmt":"2023-09-23T08:39:43","slug":"konyaaltinda-spor-yapmayan-kalmayacak","status":"publish","type":"post","link":"https:\/\/akdenizhaber.com.tr\/index.php\/2023\/09\/23\/konyaaltinda-spor-yapmayan-kalmayacak\/","title":{"rendered":"Konyaalt\u0131\u2019nda spor yapmayan kalmayacak"},"content":{"rendered":"\n<p><\/p>\n\n\n\n<p><strong>Konyaalt\u0131 Belediyesi taraf\u0131ndan yeti\u015fkinlere ve \u00e7ocuklara y\u00f6nelik ger\u00e7ekle\u015ftirilecek birinci d\u00f6nem spor kurs kay\u0131tlar\u0131 ba\u015fl\u0131yor. Ba\u015fvurular 25-28 Eyl\u00fcl tarihleri aras\u0131nda yap\u0131labilecek.<\/strong><\/p>\n\n\n\n<p>Konyaalt\u0131 Belediyesi il\u00e7ede ya\u015fayan t\u00fcm vatanda\u015flar\u0131n sporla bulu\u015fmas\u0131 i\u00e7in \u00e7al\u0131\u015fmalar\u0131n\u0131 y\u00fcr\u00fct\u00fcyor. Bu do\u011frultuda Konyaalt\u0131 Belediyesi Spor \u0130\u015fleri M\u00fcd\u00fcrl\u00fc\u011f\u00fc taraf\u0131ndan yeti\u015fkinlere ve \u00e7ocuklara y\u00f6nelik spor kurslar\u0131 ba\u015flat\u0131lacak. Birinci d\u00f6nem spor kurslar\u0131na ba\u015fvurular 25-28 Eyl\u00fcl tarihlerinde yap\u0131lacak.<\/p>\n\n\n\n<p><strong>FUTBOLDAN TEN\u0130SE<\/strong><\/p>\n\n\n\n<p>Konyaalt\u0131 Belediyesi spor kurslar\u0131nda 7 ile 15 ya\u015f aras\u0131ndaki \u00e7ocuklara futbol, tenis, basketbol gibi bran\u015flarda; yeti\u015fkinlere ise tenis, sabah sporu ve egzersiz gibi alanlarda uzman ki\u015filer taraf\u0131ndan e\u011fitimler verilecek. Kurslara kat\u0131lmak isteyen vatanda\u015flar 28 Eyl\u00fcl Per\u015fembe g\u00fcn\u00fcne kadar www.konyaalti.bel.tr adresi \u00fczerinden ba\u015fvuru yapabilecek. Ayr\u0131ca vatanda\u015flar\u0131m\u0131z 0242 245 55 00 (6252) numaralar\u0131 arayarak Spor \u0130\u015fleri M\u00fcd\u00fcrl\u00fc\u011f\u00fc\u2019nden detayl\u0131 bilgi alabilecekler.<\/p>\n\n\n\n<p><strong>\u00c7E\u015e\u0130TL\u0130 BRAN\u015eLARDA E\u011e\u0130T\u0130M<\/strong><\/p>\n\n\n\n<p>Konyaalt\u0131 Belediye Ba\u015fkan\u0131 Semih Esen birinci d\u00f6nem spor kay\u0131tlar\u0131n\u0131n ba\u015flayaca\u011f\u0131n\u0131 s\u00f6yleyerek, Konyaalt\u0131 il\u00e7esinde \u00e7ocuklar ve yeti\u015fkinlere alanlar\u0131nda uzman ki\u015filer taraf\u0131ndan spor e\u011fitimi verilece\u011fini belirtti. Esen, \u201cKonyaalt\u0131 Belediyesi olarak birinci d\u00f6nem spor kurs kay\u0131tlar\u0131m\u0131z 25-28 Eyl\u00fcl tarihlerinde yap\u0131lacak. Vatanda\u015flar\u0131m\u0131z\u0131n ve \u00e7ocuklar\u0131m\u0131z\u0131n spor yapmalar\u0131n\u0131 \u00f6nemsiyoruz. Bunun i\u00e7in de \u00e7al\u0131\u015fmalar\u0131m\u0131z\u0131 belediye olarak y\u00fcr\u00fct\u00fcyoruz. \u00c7ocuklar\u0131m\u0131z futbol, tenis, basketbol, yeti\u015fkinler ise tenis, sabah sporu ve egzersiz gibi bran\u015flarda e\u011fitim alacak. Vatanda\u015flar\u0131m\u0131za ve \u00e7ocuklar\u0131m\u0131za spor hayatlar\u0131nda ba\u015far\u0131lar diliyorum\u201d dedi.<\/p>\n\n\n\n<p><strong>Konyaalt\u0131 Belediyesi \/ B\u00fclten<\/strong><\/p>\n","protected":false},"excerpt":{"rendered":"<p>Konyaalt\u0131 Belediyesi taraf\u0131ndan yeti\u015fkinlere ve \u00e7ocuklara y\u00f6nelik ger\u00e7ekle\u015ftirilecek birinci d\u00f6nem spor kurs kay\u0131tlar\u0131 ba\u015fl\u0131yor. Ba\u015fvurular 25-28 Eyl\u00fcl tarihleri aras\u0131nda yap\u0131labilecek. Konyaalt\u0131 Belediyesi il\u00e7ede ya\u015fayan t\u00fcm <a href=\"https:\/\/akdenizhaber.com.tr\/index.php\/2023\/09\/23\/konyaaltinda-spor-yapmayan-kalmayacak\/\" class=\"read-more-link\">[more&#8230;]<\/a><\/p>\n","protected":false},"author":2,"featured_media":16004,"comment_status":"open","ping_status":"open","sticky":false,"template":"","format":"standard","meta":{"footnotes":""},"categories":[2],"tags":[],"class_list":["post-16003","post","type-post","status-publish","format-standard","has-post-thumbnail","hentry","category-gundem"],"_links":{"self":[{"href":"https:\/\/akdenizhaber.com.tr\/index.php\/wp-json\/wp\/v2\/posts\/16003","targetHints":{"allow":["GET"]}}],"collection":[{"href":"https:\/\/akdenizhaber.com.tr\/index.php\/wp-json\/wp\/v2\/posts"}],"about":[{"href":"https:\/\/akdenizhaber.com.tr\/index.php\/wp-json\/wp\/v2\/types\/post"}],"author":[{"embeddable":true,"href":"https:\/\/akdenizhaber.com.tr\/index.php\/wp-json\/wp\/v2\/users\/2"}],"replies":[{"embeddable":true,"href":"https:\/\/akdenizhaber.com.tr\/index.php\/wp-json\/wp\/v2\/comments?post=16003"}],"version-history":[{"count":0,"href":"https:\/\/akdenizhaber.com.tr\/index.php\/wp-json\/wp\/v2\/posts\/16003\/revisions"}],"wp:featuredmedia":[{"embeddable":true,"href":"https:\/\/akdenizhaber.com.tr\/index.php\/wp-json\/wp\/v2\/media\/16004"}],"wp:attachment":[{"href":"https:\/\/akdenizhaber.com.tr\/index.php\/wp-json\/wp\/v2\/media?parent=16003"}],"wp:term":[{"taxonomy":"category","embeddable":true,"href":"https:\/\/akdenizhaber.com.tr\/index.php\/wp-json\/wp\/v2\/categories?post=16003"},{"taxonomy":"post_tag","embeddable":true,"href":"https:\/\/akdenizhaber.com.tr\/index.php\/wp-json\/wp\/v2\/tags?post=16003"}],"curies":[{"name":"wp","href":"https:\/\/api.w.org\/{rel}","templated":true}]}}