{"id":15976,"date":"2023-09-22T11:54:00","date_gmt":"2023-09-22T08:54:00","guid":{"rendered":"https:\/\/akdenizhaber.com.tr\/?p=15976"},"modified":"2023-09-22T11:54:01","modified_gmt":"2023-09-22T08:54:01","slug":"baskan-bocek-kilicdaroglunu-ziyaret-etti","status":"publish","type":"post","link":"https:\/\/akdenizhaber.com.tr\/index.php\/2023\/09\/22\/baskan-bocek-kilicdaroglunu-ziyaret-etti\/","title":{"rendered":"Ba\u015fkan B\u00f6cek K\u0131l\u0131\u00e7daro\u011flu\u2019nu ziyaret etti"},"content":{"rendered":"\n<p><\/p>\n\n\n\n<p>Antalya B\u00fcy\u00fck\u015fehir Belediye Ba\u015fkan\u0131 Muhittin B\u00f6cek, Ankara\u2019da CHP Genel Ba\u015fkan\u0131 Kemal K\u0131l\u0131\u00e7daro\u011flu\u2019nu ziyaret etti.<\/p>\n\n\n\n<p>Antalya B\u00fcy\u00fck\u015fehir Belediye Ba\u015fkan\u0131 Muhittin B\u00f6cek, Cumhuriyet Halk Partisi Genel Ba\u015fkan\u0131 Kemal K\u0131l\u0131\u00e7daro\u011flu\u2019nu Genel Merkez\u2019de ziyaret etti. Ba\u015fkan B\u00f6cek, Genel Ba\u015fkan K\u0131l\u0131\u00e7daro\u011flu ile yerel se\u00e7imlere dair g\u00f6r\u00fc\u015f al\u0131\u015fveri\u015finde bulunduklar\u0131n\u0131 belirterek, \u201c 4 y\u0131ld\u0131r b\u00fcy\u00fck bir a\u015fkla hizmet etti\u011fim Antalyam i\u00e7in \u00f6n\u00fcm\u00fczdeki y\u0131llarda yapaca\u011f\u0131m\u0131z \u00e7al\u0131\u015fmalar \u00fczerine konu\u015ftuk. Antalya B\u00fcy\u00fck\u015fehir Belediyesi\u2019nin yapt\u0131\u011f\u0131 \u00e7al\u0131\u015fmalar ve projeler hakk\u0131nda bilgi verdim. Genel Ba\u015fkan\u0131m Kemal K\u0131l\u0131\u00e7daro\u011flu\u2019nun Antalyal\u0131 hem\u015fehrilerime selamlar\u0131 var\u201d dedi.<\/p>\n\n\n\n<p>Ba\u015fkan Muhittin B\u00f6cek, kimseyi \u00f6tekile\u015ftirmeden birlik ve beraberlik i\u00e7inde Antalya i\u00e7in var g\u00fc\u00e7leri ile \u00e7al\u0131\u015fmaya devam edeceklerini belirterek, K\u0131l\u0131\u00e7daro\u011flu\u2019na misafirperverli\u011fi i\u00e7inde te\u015fekk\u00fcr etti.<\/p>\n\n\n\n<p>Antalya B\u00fcy\u00fck\u015fehir Belediyesi \/ B\u00fclten<\/p>\n","protected":false},"excerpt":{"rendered":"<p>Antalya B\u00fcy\u00fck\u015fehir Belediye Ba\u015fkan\u0131 Muhittin B\u00f6cek, Ankara\u2019da CHP Genel Ba\u015fkan\u0131 Kemal K\u0131l\u0131\u00e7daro\u011flu\u2019nu ziyaret etti. Antalya B\u00fcy\u00fck\u015fehir Belediye Ba\u015fkan\u0131 Muhittin B\u00f6cek, Cumhuriyet Halk Partisi Genel Ba\u015fkan\u0131 <a href=\"https:\/\/akdenizhaber.com.tr\/index.php\/2023\/09\/22\/baskan-bocek-kilicdaroglunu-ziyaret-etti\/\" class=\"read-more-link\">[more&#8230;]<\/a><\/p>\n","protected":false},"author":2,"featured_media":15977,"comment_status":"open","ping_status":"open","sticky":false,"template":"","format":"standard","meta":{"footnotes":""},"categories":[2],"tags":[],"class_list":["post-15976","post","type-post","status-publish","format-standard","has-post-thumbnail","hentry","category-gundem"],"_links":{"self":[{"href":"https:\/\/akdenizhaber.com.tr\/index.php\/wp-json\/wp\/v2\/posts\/15976","targetHints":{"allow":["GET"]}}],"collection":[{"href":"https:\/\/akdenizhaber.com.tr\/index.php\/wp-json\/wp\/v2\/posts"}],"about":[{"href":"https:\/\/akdenizhaber.com.tr\/index.php\/wp-json\/wp\/v2\/types\/post"}],"author":[{"embeddable":true,"href":"https:\/\/akdenizhaber.com.tr\/index.php\/wp-json\/wp\/v2\/users\/2"}],"replies":[{"embeddable":true,"href":"https:\/\/akdenizhaber.com.tr\/index.php\/wp-json\/wp\/v2\/comments?post=15976"}],"version-history":[{"count":0,"href":"https:\/\/akdenizhaber.com.tr\/index.php\/wp-json\/wp\/v2\/posts\/15976\/revisions"}],"wp:featuredmedia":[{"embeddable":true,"href":"https:\/\/akdenizhaber.com.tr\/index.php\/wp-json\/wp\/v2\/media\/15977"}],"wp:attachment":[{"href":"https:\/\/akdenizhaber.com.tr\/index.php\/wp-json\/wp\/v2\/media?parent=15976"}],"wp:term":[{"taxonomy":"category","embeddable":true,"href":"https:\/\/akdenizhaber.com.tr\/index.php\/wp-json\/wp\/v2\/categories?post=15976"},{"taxonomy":"post_tag","embeddable":true,"href":"https:\/\/akdenizhaber.com.tr\/index.php\/wp-json\/wp\/v2\/tags?post=15976"}],"curies":[{"name":"wp","href":"https:\/\/api.w.org\/{rel}","templated":true}]}}