{"id":15973,"date":"2023-09-22T11:52:36","date_gmt":"2023-09-22T08:52:36","guid":{"rendered":"https:\/\/akdenizhaber.com.tr\/?p=15973"},"modified":"2023-09-22T11:52:36","modified_gmt":"2023-09-22T08:52:36","slug":"turkiyenin-festivali-yoreler-renkler","status":"publish","type":"post","link":"https:\/\/akdenizhaber.com.tr\/index.php\/2023\/09\/22\/turkiyenin-festivali-yoreler-renkler\/","title":{"rendered":"T\u00fcrkiye\u2019nin festivali: Y\u00f6reler Renkler"},"content":{"rendered":"\n<p><\/p>\n\n\n\n<p>Antalya Muratpa\u015fa Belediyesi\u2019nin 25 Eyl\u00fcl \u2013 1 Ekim tarihlerinde d\u00fczenleyece\u011fi Y\u00f6reler Renkler Festivali, \u2018memleketin d\u00f6rt bir yan\u0131ndan\u2019 t\u00fcrk\u00fclere, halaylara, horonlar ev sahipli\u011fi yapacak. A\u00e7\u0131l\u0131\u015f\u0131nda Sabahat Akkiraz\u2019\u0131n sahne alaca\u011f\u0131 festivalde, Karadenizli m\u00fczik grubu Koliva ve Karde\u015f T\u00fcrk\u00fcler de yer alacak.<\/p>\n\n\n\n<p>Muratpa\u015fa Belediyesi\u2019nin Antalya\u2019da bulunan 72 y\u00f6re, k\u00fclt\u00fcr, hem\u015feri, yard\u0131m ve dayan\u0131\u015fma derne\u011fiyle birlikte d\u00fczenledi\u011fi Y\u00f6reler Renkler Festivalinin yedincisi 25 Eyl\u00fcl \u2013 1 Ekim tarihlerinde d\u00fczenlenecek. Bir hafta s\u00fcrecek festival, bu y\u0131l \u201cT\u00fcrkiye\u2019miz Hepimizin\u201d slogan\u0131yla ger\u00e7ekle\u015ftirilecek.&nbsp; Muratpa\u015fa Atat\u00fcrk Kent Meydan\u0131\u2019nda festival i\u00e7in kurulacak stantlarda y\u00f6relerinin yemeklerini, el sanatlar\u0131n\u0131, do\u011fal ve tarihi g\u00fczelliklerini tan\u0131tma ve birbirleriyle kayna\u015fma imkan\u0131 bulacak.<br><br>Festivalin a\u00e7\u0131l\u0131\u015f\u0131 \u0130\u00e7 Anadolu Gecesiyle olacak. Gecede H\u00fcseyin U\u011furlu\u2019nun ard\u0131ndan T\u00fcrk halk m\u00fczi\u011finin g\u00fc\u00e7l\u00fc sesi Sabahat Akkiraz sahne alacak. Akkiraz, konseri saat 20.30\u2019da ba\u015flayacak. Festivalin ikinci g\u00fcn\u00fc ise Marmara ve Ege b\u00f6lgelerine ayr\u0131ld\u0131. Gecede \u201cYunus Emre\u2019den A\u015f\u0131k Veysel\u2019e\u201d isimli repertuar\u0131yla \u0130lke T\u00fcrkdo\u011fan sahne alacak. Festivalin \u00fc\u00e7\u00fcnc\u00fc g\u00fcn\u00fc d\u00fczenlenecek Do\u011fu Anadolu Gecesi, Muratpa\u015fa Belediyesi Halk Danslar\u0131 Toplulu\u011fu\u2019nun g\u00f6sterisiyle ba\u015flayacak. Gecede \u0130hsan G\u00fcvercin ve Serpil Efe sahnede olacak.<br><br>Festivalde 28 Eyl\u00fcl Akdeniz Gecesi d\u00fczenlenirken sahnede Abdullah Gencer ve \u0130smail \u00c7ak\u0131r yerlerini alacak. 29 Eyl\u00fcl Karadeniz Gecesi\u2019nde Koliva, 30 Eyl\u00fcl G\u00fcneydo\u011fu Gecesi\u2019nde ise Karde\u015f T\u00fcrk\u00fcler sahnede olacak. Festival 1 Ekim tarihinde Antalya\u2019da yerle\u015fik yabanc\u0131lar\u0131n kurdu\u011fu 7 dernekten olu\u015facak Kom\u015fu \u00dclkeler Gecesi\u2019yle son bulacak. Festivalin son gecesinde Cenk Bosnal\u0131 dinleyiciyle bulu\u015facak.<\/p>\n\n\n\n<p>Muratpa\u015fa Belediyesi \/ B\u00fclten<\/p>\n","protected":false},"excerpt":{"rendered":"<p>Antalya Muratpa\u015fa Belediyesi\u2019nin 25 Eyl\u00fcl \u2013 1 Ekim tarihlerinde d\u00fczenleyece\u011fi Y\u00f6reler Renkler Festivali, \u2018memleketin d\u00f6rt bir yan\u0131ndan\u2019 t\u00fcrk\u00fclere, halaylara, horonlar ev sahipli\u011fi yapacak. A\u00e7\u0131l\u0131\u015f\u0131nda Sabahat <a href=\"https:\/\/akdenizhaber.com.tr\/index.php\/2023\/09\/22\/turkiyenin-festivali-yoreler-renkler\/\" class=\"read-more-link\">[more&#8230;]<\/a><\/p>\n","protected":false},"author":2,"featured_media":15974,"comment_status":"open","ping_status":"open","sticky":false,"template":"","format":"standard","meta":{"footnotes":""},"categories":[2],"tags":[],"class_list":["post-15973","post","type-post","status-publish","format-standard","has-post-thumbnail","hentry","category-gundem"],"_links":{"self":[{"href":"https:\/\/akdenizhaber.com.tr\/index.php\/wp-json\/wp\/v2\/posts\/15973","targetHints":{"allow":["GET"]}}],"collection":[{"href":"https:\/\/akdenizhaber.com.tr\/index.php\/wp-json\/wp\/v2\/posts"}],"about":[{"href":"https:\/\/akdenizhaber.com.tr\/index.php\/wp-json\/wp\/v2\/types\/post"}],"author":[{"embeddable":true,"href":"https:\/\/akdenizhaber.com.tr\/index.php\/wp-json\/wp\/v2\/users\/2"}],"replies":[{"embeddable":true,"href":"https:\/\/akdenizhaber.com.tr\/index.php\/wp-json\/wp\/v2\/comments?post=15973"}],"version-history":[{"count":0,"href":"https:\/\/akdenizhaber.com.tr\/index.php\/wp-json\/wp\/v2\/posts\/15973\/revisions"}],"wp:featuredmedia":[{"embeddable":true,"href":"https:\/\/akdenizhaber.com.tr\/index.php\/wp-json\/wp\/v2\/media\/15974"}],"wp:attachment":[{"href":"https:\/\/akdenizhaber.com.tr\/index.php\/wp-json\/wp\/v2\/media?parent=15973"}],"wp:term":[{"taxonomy":"category","embeddable":true,"href":"https:\/\/akdenizhaber.com.tr\/index.php\/wp-json\/wp\/v2\/categories?post=15973"},{"taxonomy":"post_tag","embeddable":true,"href":"https:\/\/akdenizhaber.com.tr\/index.php\/wp-json\/wp\/v2\/tags?post=15973"}],"curies":[{"name":"wp","href":"https:\/\/api.w.org\/{rel}","templated":true}]}}