{"id":15964,"date":"2023-09-22T11:42:31","date_gmt":"2023-09-22T08:42:31","guid":{"rendered":"https:\/\/akdenizhaber.com.tr\/?p=15964"},"modified":"2023-09-22T11:42:32","modified_gmt":"2023-09-22T08:42:32","slug":"fotograf-yarismasi-basvurulari-25-eylulde-sona-eriyor","status":"publish","type":"post","link":"https:\/\/akdenizhaber.com.tr\/index.php\/2023\/09\/22\/fotograf-yarismasi-basvurulari-25-eylulde-sona-eriyor\/","title":{"rendered":"Foto\u011fraf Yar\u0131\u015fmas\u0131 ba\u015fvurular\u0131 25 Eyl\u00fcl\u2019de sona eriyor"},"content":{"rendered":"\n<p><\/p>\n\n\n\n<p>Antalya B\u00fcy\u00fck\u015fehir Belediyesi, Antalya Foto\u011fraf ve Sinema Amat\u00f6rleri Derne\u011fi i\u015fbirli\u011fi ve T\u00fcrkiye Foto\u011fraf Sanat\u0131 Federasyonu (TFSF) deste\u011fi ile d\u00fczenlenen Cumhuriyetin 100. Y\u0131l\u0131 Ulusal Foto\u011fraf Yar\u0131\u015fmas\u0131 i\u00e7i ba\u015fvurular s\u00fcr\u00fcyor. Ba\u015fvurular, <a href=\"http:\/\/www.tfsfonayliyarismalar.org\">www.tfsfonayliyarismalar.org<\/a> adresinden 25 Eyl\u00fcl tarihine kadar yap\u0131labilecek.<\/p>\n\n\n\n<p>Kat\u0131l\u0131m\u0131n \u00fccretsiz oldu\u011fu yar\u0131\u015fma, t\u00fcm T\u00fcrkiye&#8217;deki foto\u011fraf\u00e7\u0131lara a\u00e7\u0131k olacak.Her kat\u0131l\u0131mc\u0131 en fazla 5 adet say\u0131sal renkli veya siyah-beyaz eserle yar\u0131\u015fmaya kat\u0131labilecek. Yar\u0131\u015fmaya g\u00f6nderilen foto\u011fraflar\u0131n T\u00fcrkiye s\u0131n\u0131rlar\u0131 i\u00e7erisinde \u00e7ekilmi\u015f olmas\u0131 \u015fart\u0131 bulunuyor.<\/p>\n\n\n\n<p>Yar\u0131\u015fmada birinciye 25 bin TL, ikinciye 15 bin TL, \u00fc\u00e7\u00fcnc\u00fcye ise 10 bin TL para \u00f6d\u00fcl\u00fc verilecek.<\/p>\n\n\n\n<p>SE\u00c7\u0130C\u0130 KURUL<\/p>\n\n\n\n<p>Yar\u0131\u015fmaya kat\u0131lan eserler foto\u011fraf sanat\u00e7\u0131s\u0131, gazeteci ve sava\u015f muhabiri Co\u015fkun Aral, \u00f6d\u00fcll\u00fc foto\u011fraf\u00e7\u0131 ve gezgin \u0130zzet Keribar, \u00fcnl\u00fc sokak foto\u011fraf\u00e7\u0131s\u0131 ve g\u00f6rsel sanat\u00e7\u0131 Dilan Bozyel, Akdeniz \u00dcniversitesi G\u00fczel Sanatlar Fak\u00fcltesi Foto\u011fraf Ana Sanat Dal\u0131 B\u00f6l\u00fcm Ba\u015fkan\u0131Dr. Nafia \u00d6zdemir Hanyalo\u011flu ve foto\u011fraf sanat\u00e7\u0131s\u0131 ve ANFAD temsilcisi Bilkan U\u00e7kan taraf\u0131ndan de\u011ferlendirilecek.<\/p>\n\n\n\n<p>Antalya B\u00fcy\u00fck\u015fehir Belediyesi \/ B\u00fclten<\/p>\n","protected":false},"excerpt":{"rendered":"<p>Antalya B\u00fcy\u00fck\u015fehir Belediyesi, Antalya Foto\u011fraf ve Sinema Amat\u00f6rleri Derne\u011fi i\u015fbirli\u011fi ve T\u00fcrkiye Foto\u011fraf Sanat\u0131 Federasyonu (TFSF) deste\u011fi ile d\u00fczenlenen Cumhuriyetin 100. Y\u0131l\u0131 Ulusal Foto\u011fraf Yar\u0131\u015fmas\u0131 <a href=\"https:\/\/akdenizhaber.com.tr\/index.php\/2023\/09\/22\/fotograf-yarismasi-basvurulari-25-eylulde-sona-eriyor\/\" class=\"read-more-link\">[more&#8230;]<\/a><\/p>\n","protected":false},"author":2,"featured_media":15965,"comment_status":"open","ping_status":"open","sticky":false,"template":"","format":"standard","meta":{"footnotes":""},"categories":[2],"tags":[],"class_list":["post-15964","post","type-post","status-publish","format-standard","has-post-thumbnail","hentry","category-gundem"],"_links":{"self":[{"href":"https:\/\/akdenizhaber.com.tr\/index.php\/wp-json\/wp\/v2\/posts\/15964","targetHints":{"allow":["GET"]}}],"collection":[{"href":"https:\/\/akdenizhaber.com.tr\/index.php\/wp-json\/wp\/v2\/posts"}],"about":[{"href":"https:\/\/akdenizhaber.com.tr\/index.php\/wp-json\/wp\/v2\/types\/post"}],"author":[{"embeddable":true,"href":"https:\/\/akdenizhaber.com.tr\/index.php\/wp-json\/wp\/v2\/users\/2"}],"replies":[{"embeddable":true,"href":"https:\/\/akdenizhaber.com.tr\/index.php\/wp-json\/wp\/v2\/comments?post=15964"}],"version-history":[{"count":0,"href":"https:\/\/akdenizhaber.com.tr\/index.php\/wp-json\/wp\/v2\/posts\/15964\/revisions"}],"wp:featuredmedia":[{"embeddable":true,"href":"https:\/\/akdenizhaber.com.tr\/index.php\/wp-json\/wp\/v2\/media\/15965"}],"wp:attachment":[{"href":"https:\/\/akdenizhaber.com.tr\/index.php\/wp-json\/wp\/v2\/media?parent=15964"}],"wp:term":[{"taxonomy":"category","embeddable":true,"href":"https:\/\/akdenizhaber.com.tr\/index.php\/wp-json\/wp\/v2\/categories?post=15964"},{"taxonomy":"post_tag","embeddable":true,"href":"https:\/\/akdenizhaber.com.tr\/index.php\/wp-json\/wp\/v2\/tags?post=15964"}],"curies":[{"name":"wp","href":"https:\/\/api.w.org\/{rel}","templated":true}]}}