{"id":15961,"date":"2023-09-22T11:42:05","date_gmt":"2023-09-22T08:42:05","guid":{"rendered":"https:\/\/akdenizhaber.com.tr\/?p=15961"},"modified":"2023-09-22T11:42:06","modified_gmt":"2023-09-22T08:42:06","slug":"alanya-demirtas-mahallesinin-foseptik-sorunu-tarihe-karisiyor","status":"publish","type":"post","link":"https:\/\/akdenizhaber.com.tr\/index.php\/2023\/09\/22\/alanya-demirtas-mahallesinin-foseptik-sorunu-tarihe-karisiyor\/","title":{"rendered":"Alanya Demirta\u015f Mahallesi\u2019nin foseptik sorunu tarihe kar\u0131\u015f\u0131yor"},"content":{"rendered":"\n<p><\/p>\n\n\n\n<p>Antalya B\u00fcy\u00fck\u015fehir Belediyesi ASAT Genel M\u00fcd\u00fcrl\u00fc\u011f\u00fc Alanya\u2019n\u0131n Demirta\u015f Mahallesi\u2019nde kanalizasyon \u00e7al\u0131\u015fmas\u0131 ba\u015flatt\u0131. 40 km\u2019lik ve yakla\u015f\u0131k 100 milyon TL yat\u0131r\u0131m bedelli proje ile Demirta\u015f\u2019\u0131n y\u0131llard\u0131r kangren haline gelen foseptik sorunu<\/p>\n\n\n\n<p>ortadan kalkacak.<\/p>\n\n\n\n<p>\u0130l\u00e7elerin alt yap\u0131 sorunlar\u0131n\u0131 gidermek i\u00e7in gece g\u00fcnd\u00fcz \u00e7al\u0131\u015fmalar\u0131n\u0131 aral\u0131ks\u0131z s\u00fcrd\u00fcren Antalya B\u00fcy\u00fck\u015fehir Belediyesi ASAT Genel M\u00fcd\u00fcrl\u00fc\u011f\u00fc Alanya\u2019n\u0131n Demirta\u015f Mahallesi\u2019nin de adeta kangren haline gelen foseptik sorunu i\u00e7in d\u00fc\u011fmeye bast\u0131. Projenin \u00e7izilmesi, et\u00fcd ve plan\u0131n \u00e7al\u0131\u015fmalar\u0131n\u0131n tamamlanmas\u0131n\u0131n ard\u0131ndan 40 km\u2019lik kanalizasyon alt yap\u0131s\u0131 i\u00e7in \u00e7al\u0131\u015fmalar ba\u015flad\u0131.<\/p>\n\n\n\n<p>DEN\u0130Z K\u0130RL\u0130L\u0130\u011e\u0130 DE \u00d6NLENECEK<\/p>\n\n\n\n<p>ASAT Kanalizasyon Dairesi Ba\u015fkan\u0131 Necdet Erol Demirta\u015f Mahallesi\u2019nde 100 milyon TL yat\u0131r\u0131m bedelli bir proje ile 40 km\u2019lik kanalizasyon hatt\u0131 yap\u0131m\u0131na ba\u015flad\u0131klar\u0131n\u0131 s\u00f6yledi. Erol, \u201cY\u0131llard\u0131r kangren olan bir sorunu ortadan kald\u0131raca\u011f\u0131z. \u00c7evre sa\u011fl\u0131\u011f\u0131 ile ilgili \u015fikayetlere son verece\u011fiz. Halk\u0131m\u0131z\u0131n konforlu ve rahat bir ortamda \u00e7al\u0131\u015fmas\u0131 i\u00e7in \u00e7aba sarfediyoruz.Foseptikler s\u0131k s\u0131k ta\u015fmaktayd\u0131. Halk\u0131m\u0131z\u0131n bir an \u00f6nce kanalizasyona kavu\u015fma iste\u011fi vard\u0131. Et\u00fcd ve plan\u0131n\u0131 yapt\u0131k \u015fu anda da \u00e7al\u0131\u015fmalar\u0131m\u0131z ba\u015flam\u0131\u015f durumda. Derelerden de\u015farj olan at\u0131k sular denizleri kirletiyordu. Deniz kirlili\u011fini de \u00f6nleyece\u011fiz. Ar\u0131tma tesisin \u00e7\u0131k\u0131\u015f\u0131n\u0131 da deniz de\u015farj\u0131 ile bertaraf edece\u011fiz\u201d dedi.<\/p>\n\n\n\n<p>FOSEPT\u0130K SORUNUNA KALICI \u00c7\u00d6Z\u00dcM<\/p>\n\n\n\n<p>Demirta\u015f Mahalle Muhtar\u0131 Mustafa Do\u011frul da mahallede k\u0131sa s\u00fcrede artan yap\u0131la\u015fman\u0131n ard\u0131ndans\u0131k\u0131nt\u0131lar\u0131n artmaya ba\u015flad\u0131\u011f\u0131n\u0131 belirterek, \u201cFoseptikler doluyordu mahalleli de \u015fikayet ediyordu. G\u00fcnlerce ak\u0131p koku yap\u0131yordu. Tarihi sorunumuz ASAT\u2019\u0131n bu \u00e7al\u0131\u015fmas\u0131yla tarih olacak. Muhittin Ba\u015fkan\u2019\u0131m\u0131za te\u015fekk\u00fcr ediyorum. Sorunumuzu anlatt\u0131k, sesimize kulak verdi ve ASAT \u00e7al\u0131\u015fma ba\u015flatt\u0131. Mahalle halk\u0131ma da sesleniyorum toz olacak, toprak olacak, biraz s\u0131k\u0131nt\u0131 ya\u015fayaca\u011f\u0131z ama baz\u0131 iyi projelerin b\u00f6yle sorunlar\u0131 oluyor. Sonunda kal\u0131c\u0131 bir \u00e7\u00f6z\u00fcm olacak\u201d diye konu\u015ftu.<\/p>\n\n\n\n<p>EBED\u0130L\u0130K YATIRIM OLDU<\/p>\n\n\n\n<p>\u0130shakl\u0131 Mahallesi\u2019nin eski Muhtar\u0131 Mehmet Bekiro\u011flu da \u201cYap\u0131lan bu \u00e7al\u0131\u015fmayla Demirta\u015f Mahallemizin kanalizasyon sorunu ortadan kalkacak\u201d diyerek \u015f\u00f6yle konu\u015ftu: \u201cBizim buras\u0131 92\u2019de belediye oldu. Sonra B\u00fcy\u00fck\u015fehir Yasas\u0131 \u00e7\u0131kt\u0131. B\u00fcy\u00fck\u015fehirden sonra yetkiler al\u0131nd\u0131. B\u00fcy\u00fck\u015fehir yasas\u0131ndan sonra burada birden bir yerle\u015fim patlamas\u0131 oldu. Alt &nbsp;yap\u0131s\u0131 olmadan evler yap\u0131ld\u0131. Muhittin Ba\u015fkan kanalizasyon \u00e7al\u0131\u015fmas\u0131 ba\u015flatt\u0131. Bu hizmet olmasayd\u0131 bizim buray\u0131 pislik g\u00f6t\u00fcr\u00fcrd\u00fc. \u00c7ok g\u00fczel ebedilik bir yat\u0131r\u0131m. Sebep olandan Allah raz\u0131 olsun.\u201d<\/p>\n\n\n\n<p>Antalya B\u00fcy\u00fck\u015fehir Belediyesi \/ B\u00fclten<\/p>\n","protected":false},"excerpt":{"rendered":"<p>Antalya B\u00fcy\u00fck\u015fehir Belediyesi ASAT Genel M\u00fcd\u00fcrl\u00fc\u011f\u00fc Alanya\u2019n\u0131n Demirta\u015f Mahallesi\u2019nde kanalizasyon \u00e7al\u0131\u015fmas\u0131 ba\u015flatt\u0131. 40 km\u2019lik ve yakla\u015f\u0131k 100 milyon TL yat\u0131r\u0131m bedelli proje ile Demirta\u015f\u2019\u0131n y\u0131llard\u0131r <a href=\"https:\/\/akdenizhaber.com.tr\/index.php\/2023\/09\/22\/alanya-demirtas-mahallesinin-foseptik-sorunu-tarihe-karisiyor\/\" class=\"read-more-link\">[more&#8230;]<\/a><\/p>\n","protected":false},"author":2,"featured_media":15962,"comment_status":"open","ping_status":"open","sticky":false,"template":"","format":"standard","meta":{"footnotes":""},"categories":[2],"tags":[],"class_list":["post-15961","post","type-post","status-publish","format-standard","has-post-thumbnail","hentry","category-gundem"],"_links":{"self":[{"href":"https:\/\/akdenizhaber.com.tr\/index.php\/wp-json\/wp\/v2\/posts\/15961","targetHints":{"allow":["GET"]}}],"collection":[{"href":"https:\/\/akdenizhaber.com.tr\/index.php\/wp-json\/wp\/v2\/posts"}],"about":[{"href":"https:\/\/akdenizhaber.com.tr\/index.php\/wp-json\/wp\/v2\/types\/post"}],"author":[{"embeddable":true,"href":"https:\/\/akdenizhaber.com.tr\/index.php\/wp-json\/wp\/v2\/users\/2"}],"replies":[{"embeddable":true,"href":"https:\/\/akdenizhaber.com.tr\/index.php\/wp-json\/wp\/v2\/comments?post=15961"}],"version-history":[{"count":0,"href":"https:\/\/akdenizhaber.com.tr\/index.php\/wp-json\/wp\/v2\/posts\/15961\/revisions"}],"wp:featuredmedia":[{"embeddable":true,"href":"https:\/\/akdenizhaber.com.tr\/index.php\/wp-json\/wp\/v2\/media\/15962"}],"wp:attachment":[{"href":"https:\/\/akdenizhaber.com.tr\/index.php\/wp-json\/wp\/v2\/media?parent=15961"}],"wp:term":[{"taxonomy":"category","embeddable":true,"href":"https:\/\/akdenizhaber.com.tr\/index.php\/wp-json\/wp\/v2\/categories?post=15961"},{"taxonomy":"post_tag","embeddable":true,"href":"https:\/\/akdenizhaber.com.tr\/index.php\/wp-json\/wp\/v2\/tags?post=15961"}],"curies":[{"name":"wp","href":"https:\/\/api.w.org\/{rel}","templated":true}]}}