{"id":15945,"date":"2023-09-21T13:38:04","date_gmt":"2023-09-21T10:38:04","guid":{"rendered":"https:\/\/akdenizhaber.com.tr\/?p=15945"},"modified":"2023-09-21T13:38:05","modified_gmt":"2023-09-21T10:38:05","slug":"hazirliklar-tamam-geri-sayim-basladi-gastro-afyon-fest-29-eylulde-basliyor","status":"publish","type":"post","link":"https:\/\/akdenizhaber.com.tr\/index.php\/2023\/09\/21\/hazirliklar-tamam-geri-sayim-basladi-gastro-afyon-fest-29-eylulde-basliyor\/","title":{"rendered":"Haz\u0131rl\u0131klar tamam, geri say\u0131m ba\u015flad\u0131                        Gastro Afyon Fest 29 Eyl\u00fcl\u2019de Ba\u015fl\u0131yor"},"content":{"rendered":"\n<p><\/p>\n\n\n\n<p>Lezzet ve turizm tutkunlar\u0131n\u0131 Gastronomi \u015eehri Afyonkarahisar&#8217;da bir araya getirecek 5. Uluslararas\u0131 Gastro Afyon Lezzet ve Turizm Festivali, 29-30 Eyl\u00fcl ve 1 Ekim tarihlerinde Afyonkarahisar Motor Sporlar\u0131 Merkezi Festival Alan\u0131\u2019nda ger\u00e7ekle\u015ftirilecek.<\/p>\n\n\n\n<p>Afyonkarahisar, et yemeklerinden hamur i\u015flerine ev yemeklerinden sokak lezzetlerine uzanan birbirinden lezzetli y\u00f6resel yemeklerin sunulaca\u011f\u0131 ve d\u00fcnyan\u0131n d\u00f6rt bir yan\u0131ndan binlerce misafiri a\u011f\u0131rlayacak Uluslararas\u0131 Gastro Afyon Lezzet ve Turizm Festivali\u2019ne 5. kez ev sahipli\u011fi yapmaya haz\u0131rlan\u0131yor.<\/p>\n\n\n\n<p>Gastronomi \u015eehri Afyonkarahisar\u2019da her y\u0131l yo\u011fun bir kat\u0131l\u0131mla ger\u00e7ekle\u015ftirilen, sekt\u00f6r ad\u0131na \u00f6nemli kazan\u0131mlar\u0131n elde edildi\u011fi Uluslararas\u0131 GastroAfyon Lezzet ve Turizm Festivali\u2019nin bu y\u0131l be\u015fincisi ger\u00e7ekle\u015ftirilecek. Afyonkarahisar Belediyesi, Afyonkarahisar Valili\u011fi ve Afyonkarahisar Profesyonel A\u015f\u00e7\u0131lar Derne\u011fi i\u015fbirli\u011finde, bir\u00e7ok payda\u015f kurumun katk\u0131lar\u0131yla d\u00fczenlenecek festival,lezzet, k\u00fclt\u00fcr ve e\u011flenceyi bir araya getirerek kat\u0131l\u0131mc\u0131lara unutulmaz bir deneyim sunacak.<\/p>\n\n\n\n<p>Afyon Motor Sporlar\u0131 Merkezi Festival Alan\u0131\u2019nda 29-30 Eyl\u00fcl- 1 Ekim tarihlerinde ger\u00e7ekle\u015ftirilecek festivalde, Afyonkarahisar lezzetleri bir kez daha d\u00fcnyaya a\u00e7\u0131lacak. Yerli-yabanc\u0131 \u015fefler, gastronomi profesyonelleri ve \u00fcnl\u00fc gurmelerin yan\u0131 s\u0131ra yerel ve ulusal medya temsilcilerinin kat\u0131laca\u011f\u0131 festivalde,\u015fehrin y\u00f6resel lezzetlerinin yan\u0131 s\u0131ra turizm zenginlikleri de tan\u0131t\u0131lacak. Gastronomi turizmi ile termal, tarih, inan\u00e7, do\u011fa ve kamp turizmi gibi potansiyellerini birle\u015ftirmeyi hedefleyen Afyonkarahisar, yeni bir sinerji ortaya \u00e7\u0131karacak.<\/p>\n\n\n\n<p>Afyonkarahisar ve \u00e7e\u015fitli illerden 100\u2019dan fazla gastronomik firman\u0131n stant a\u00e7aca\u011f\u0131 festivalde tam bir lezzet \u015f\u00f6leni ya\u015fanacak. Festival boyunca, yerel ve uluslararas\u0131 \u015fefler, y\u00f6resel ve inovatif yemekler haz\u0131rlayarak kat\u0131l\u0131mc\u0131lar\u0131n be\u011fenisine sunacak. Y\u00f6resel yemek yar\u0131\u015fmalar\u0131, workshoplar(yemek at\u00f6lyeleri), k\u00fclt\u00fcrel etkinlikler, sanat sergileri, konserlergibi \u00e7e\u015fitli etkinliklere de ev sahipli\u011fi yapacak festivale \u00fccretsiz olarak kat\u0131l\u0131m sa\u011flanabilecek.Festival, Afyon&#8217;u ke\u015ffetmek isteyenler i\u00e7in ka\u00e7\u0131r\u0131lmayacak bir f\u0131rsat olacak.<\/p>\n\n\n\n<p>Yollar\u0131n ve medeniyetlerin kesi\u015fti\u011fi \u015fehir Afyonkarahisar, tarihi, k\u00fclt\u00fcrel ve do\u011fal zenginliklerinin yan\u0131nda UNESCO Yarat\u0131c\u0131 Kentler A\u011f\u0131nda \u00fclkemizin 3, d\u00fcnyan\u0131n ise 49 gastronomi \u015fehrinden biri. Bu \u015fehrin hangi soka\u011f\u0131nda y\u00fcr\u00fcrseniz mutlaka tad\u0131na doyamayaca\u011f\u0131n\u0131z bir lezzet, kokusuyla sizleri cezbedecek el eme\u011fi \u00fcr\u00fcnler, d\u00fcnyaca \u00fcnlenmi\u015f me\u015fhur y\u00f6resel \u00fcr\u00fcnler sizi kar\u015f\u0131layacakt\u0131r. Afyonkarahisar\u2019da y\u00fczy\u0131llar \u00f6ncesine dayanan s\u0131ra yemekleri k\u00fclt\u00fcr\u00fc ise tam anlam\u0131yla bir lezzet \u015f\u00f6leni sunan e\u015fsiz bir k\u00fclt\u00fcr\u00fc i\u00e7inde bar\u0131nd\u0131r\u0131yor.<\/p>\n\n\n\n<p>B\u00f6ylesine zengin bir mutfa\u011fa ve b\u00f6ylesi k\u00f6kl\u00fc bir k\u00fclt\u00fcre sahip Afyonkarahisar\u2019da Vali Do\u00e7. Dr. K\u00fcbra G\u00fcran Yi\u011fitba\u015f\u0131 \u00f6nc\u00fcl\u00fc\u011f\u00fcnde ve Belediye Ba\u015fkan\u0131 Mehmet Zeybek\u2019in koordinasyonunda bu y\u0131l be\u015fincisi ger\u00e7ekle\u015ftirilecek Uluslararas\u0131 Gastro Afyon Lezzet ve Turizm Festivali i\u015fte t\u00fcm bu y\u00f6resel \u00fcr\u00fcnleri bir arada g\u00f6r\u00fcp tadabilece\u011finiz, ayn\u0131 zamanda Afyonkarahisar\u2019\u0131n gastronomi potansiyelini ke\u015ffedebilece\u011finiz bir festival olacak.<\/p>\n\n\n\n<p>Afyonkarahisar, ba\u015fta Valilik ve Belediye olmak \u00fczere t\u00fcm unsurlar\u0131yla 29 Eyl\u00fcl-1 Ekim tarihleri aras\u0131nda Afyon Motor Sporlar\u0131 Merkezinde d\u00fczenlenecek olan 5. Uluslararas\u0131 Gastro Afyon Lezzet ve Turizm Festivali\u2019ne \u00fclkemizin ve d\u00fcnyan\u0131n d\u00f6rt bir yan\u0131ndan gelecek t\u00fcm misafirleri a\u011f\u0131rlamaya haz\u0131r. Festival i\u00e7in t\u00fcm haz\u0131rl\u0131klar tamamland\u0131 ve geri say\u0131m ba\u015flad\u0131.<\/p>\n\n\n\n<p>(Haber Merkezi)<\/p>\n","protected":false},"excerpt":{"rendered":"<p>Lezzet ve turizm tutkunlar\u0131n\u0131 Gastronomi \u015eehri Afyonkarahisar&#8217;da bir araya getirecek 5. Uluslararas\u0131 Gastro Afyon Lezzet ve Turizm Festivali, 29-30 Eyl\u00fcl ve 1 Ekim tarihlerinde Afyonkarahisar <a href=\"https:\/\/akdenizhaber.com.tr\/index.php\/2023\/09\/21\/hazirliklar-tamam-geri-sayim-basladi-gastro-afyon-fest-29-eylulde-basliyor\/\" class=\"read-more-link\">[more&#8230;]<\/a><\/p>\n","protected":false},"author":2,"featured_media":15946,"comment_status":"open","ping_status":"open","sticky":false,"template":"","format":"standard","meta":{"footnotes":""},"categories":[2],"tags":[],"class_list":["post-15945","post","type-post","status-publish","format-standard","has-post-thumbnail","hentry","category-gundem"],"_links":{"self":[{"href":"https:\/\/akdenizhaber.com.tr\/index.php\/wp-json\/wp\/v2\/posts\/15945","targetHints":{"allow":["GET"]}}],"collection":[{"href":"https:\/\/akdenizhaber.com.tr\/index.php\/wp-json\/wp\/v2\/posts"}],"about":[{"href":"https:\/\/akdenizhaber.com.tr\/index.php\/wp-json\/wp\/v2\/types\/post"}],"author":[{"embeddable":true,"href":"https:\/\/akdenizhaber.com.tr\/index.php\/wp-json\/wp\/v2\/users\/2"}],"replies":[{"embeddable":true,"href":"https:\/\/akdenizhaber.com.tr\/index.php\/wp-json\/wp\/v2\/comments?post=15945"}],"version-history":[{"count":0,"href":"https:\/\/akdenizhaber.com.tr\/index.php\/wp-json\/wp\/v2\/posts\/15945\/revisions"}],"wp:featuredmedia":[{"embeddable":true,"href":"https:\/\/akdenizhaber.com.tr\/index.php\/wp-json\/wp\/v2\/media\/15946"}],"wp:attachment":[{"href":"https:\/\/akdenizhaber.com.tr\/index.php\/wp-json\/wp\/v2\/media?parent=15945"}],"wp:term":[{"taxonomy":"category","embeddable":true,"href":"https:\/\/akdenizhaber.com.tr\/index.php\/wp-json\/wp\/v2\/categories?post=15945"},{"taxonomy":"post_tag","embeddable":true,"href":"https:\/\/akdenizhaber.com.tr\/index.php\/wp-json\/wp\/v2\/tags?post=15945"}],"curies":[{"name":"wp","href":"https:\/\/api.w.org\/{rel}","templated":true}]}}