{"id":15930,"date":"2023-09-21T13:10:57","date_gmt":"2023-09-21T10:10:57","guid":{"rendered":"https:\/\/akdenizhaber.com.tr\/?p=15930"},"modified":"2023-09-21T13:10:58","modified_gmt":"2023-09-21T10:10:58","slug":"tutuncu-beskonaklilara-mujde-verdi","status":"publish","type":"post","link":"https:\/\/akdenizhaber.com.tr\/index.php\/2023\/09\/21\/tutuncu-beskonaklilara-mujde-verdi\/","title":{"rendered":"T\u00fct\u00fcnc\u00fc Be\u015fkonakl\u0131lar\u2019a m\u00fcjde verdi"},"content":{"rendered":"\n<p><\/p>\n\n\n\n<p>Be\u015fkonakl\u0131lar Mahallesinde incelemelerde bulunan Kepez Belediye Ba\u015fkan\u0131 Hakan T\u00fct\u00fcnc\u00fc, \u0130\u015f Kurumu \u0130l M\u00fcd\u00fcrl\u00fc\u011f\u00fc binas\u0131n\u0131n yap\u0131ld\u0131\u011f\u0131 mahalleye ASM, kapal\u0131 pazar ve mahallenin ortaokuluna da k\u00fct\u00fcphane yap\u0131laca\u011f\u0131n\u0131 m\u00fcjdeledi.<\/p>\n\n\n\n<p>Kepez Belediye Ba\u015fkan\u0131 Hakan T\u00fct\u00fcnc\u00fc, Be\u015fkonakl\u0131lar Mahallesinde hem\u015fehrilerinin ya\u015fam\u0131na dokunan projeleri inceledi. Be\u015fkonakl\u0131lar Mahalle Muhtar\u0131 Mehmet Daban\u2019\u0131 ziyaret etti, istek ve taleplerini dinledi. Mahalleyi gezen ve vatanda\u015flarla kucakla\u015fan Ba\u015fkan T\u00fct\u00fcnc\u00fc, yaz tatilinde \u00e7evre d\u00fczenlemesi yap\u0131lan ve zeytin a\u011fa\u00e7lar\u0131yla donat\u0131lan Be\u015fkonak \u0130mam Hatip Ortaokulu\u2019nu da ziyaret etti. \u00d6\u011frencilerin yo\u011fun sevgisiyle kar\u015f\u0131la\u015fan Ba\u015fkan T\u00fct\u00fcnc\u00fc, \u201cSizler tatildeyken okulunuzun bah\u00e7esini yeniledik, parke ta\u015flar\u0131n\u0131 d\u00f6\u015fedik, her yere zeytin a\u011fa\u00e7lar\u0131 diktik. \u015eimdi de okulunuza en g\u00fczel \u015fekilde bir k\u00fct\u00fcphane kazand\u0131raca\u011f\u0131z\u201d dedi.<\/p>\n\n\n\n<p>KEPEZ\u2019E \u0130\u015eKUR \u0130L M\u00dcD\u00dcRL\u00dc\u011e\u00dc<\/p>\n\n\n\n<p>Ba\u015fkan T\u00fct\u00fcnc\u00fc, Be\u015fkonakl\u0131lar ziyaretine mahallede yap\u0131m\u0131 tamamlanan \u00c7al\u0131\u015fma ve \u0130\u015fkurumu \u0130l M\u00fcd\u00fcrl\u00fc\u011f\u00fc\u2019nde devam etti. Kamu kurumu binalar\u0131n\u0131n Kepez\u2019e \u00e7ok b\u00fcy\u00fck hareketlilik getirdi\u011fine de\u011finen Ba\u015fkan T\u00fct\u00fcnc\u00fc, \u0130\u015eKUR\u2019un Antalya \u0130l binas\u0131n\u0131n da Kepez\u2019e yap\u0131lmas\u0131n\u0131n, mahalleye b\u00fcy\u00fck bir hareketlilik getirece\u011fini, mahallenin de\u011ferini art\u0131raca\u011f\u0131n\u0131 s\u00f6yledi. &nbsp;<\/p>\n\n\n\n<p>B\u00dcY\u00dcK DE\u011e\u0130\u015e\u0130M VE D\u00d6N\u00dc\u015e\u00dcM<\/p>\n\n\n\n<p>\u201cKepez g\u00f6rev y\u0131llar\u0131m\u0131zda muazzam bir de\u011fi\u015fim ve d\u00f6n\u00fc\u015f\u00fcm ya\u015fad\u0131.\u201d diyerek s\u00f6zlerini s\u00fcrd\u00fcren Ba\u015fkan T\u00fct\u00fcnc\u00fc, \u201cBu de\u011fi\u015fim ve d\u00f6n\u00fc\u015f\u00fcm\u00fcn en iyi hissedildi\u011fi mahallelerden biriside Be\u015fkonakl\u0131lar Mahallesi oldu. Mahallemize yapt\u0131\u011f\u0131m\u0131z bu ziyaretimizde mahalle muhtar\u0131m\u0131z Mehmet Daban ile bug\u00fcne kadar yapt\u0131\u011f\u0131m\u0131z \u00e7al\u0131\u015fmalar\u0131 g\u00f6zden ge\u00e7irdik, yapaca\u011f\u0131m\u0131z \u00e7al\u0131\u015fmalar\u0131 konu\u015ftuk. Burada imar planlar\u0131ndaki iyile\u015ftirmeler ve d\u00fczenlemelerle birlikte muazzam bir kentsel d\u00f6n\u00fc\u015f\u00fcm hamlesi ba\u015flad\u0131. Kepez\u2019in b\u00fct\u00fcn mahallelerinde oldu\u011fu gibi\u2026 Gecekondu dokusu yerini d\u00fczenli yap\u0131la\u015fmaya b\u0131rakt\u0131. \u0130mar ve m\u00fclkiyet sorunlar\u0131n\u0131n tamam\u0131yla \u00e7\u00f6z\u00fclmesi ba\u015ftanba\u015fa \u00f6nemli bir d\u00f6n\u00fc\u015f\u00fcm\u00fcn ve de\u011fi\u015fiminde \u00f6nc\u00fcs\u00fcyd\u00fc. \u201cdedi.<\/p>\n\n\n\n<p>ASM, KAPALI PAZAR, K\u00dcT\u00dcPHANE<\/p>\n\n\n\n<p>Be\u015fkonakl\u0131lar mahallesine m\u00fcjdelerle konu\u015fmas\u0131n\u0131 s\u00fcrd\u00fcren Ba\u015fkan T\u00fct\u00fcnc\u00fc, \u201cMahallemize belediye ve hay\u0131rsever i\u015fbirli\u011fiyle g\u00fczel bir aile sa\u011fl\u0131\u011f\u0131 merkezi kazand\u0131raca\u011f\u0131z. G\u00fczel bir kapal\u0131 pazar ve Be\u015fkonak Ortaokulumuza da bir k\u00fct\u00fcphane yap\u0131yoruz. Hizmetler olarak parklar\u0131, yollar\u0131 ve alt yap\u0131 \u00e7al\u0131\u015fmalar\u0131n\u0131 saym\u0131yorum. Be\u015fkonakl\u0131lar Mahallemiz Kepez\u2019in di\u011fer mahallelerinde oldu\u011fu gibi muazzam ba\u015f d\u00f6nd\u00fcr\u00fcc\u00fc bir de\u011fi\u015fimin d\u00f6n\u00fc\u015f\u00fcm\u00fcn ya\u015fand\u0131\u011f\u0131 \u00f6rnek mahallelerimizden birisi\u2026\u201d diye konu\u015ftu.<\/p>\n\n\n\n<p>MAHALLEM\u0130Z\u0130N YANI BA\u015eINDA OLDU<\/p>\n\n\n\n<p>Be\u015fkonakl\u0131lar Mahalle Muhtar\u0131 Mehmet Daban da, \u201cMahallemize Aile Sa\u011fl\u0131\u011f\u0131 Merkezi, kapal\u0131 pazar geliyor. Ba\u015fkan\u0131m\u0131z mahalledeki okulumuza da k\u00fct\u00fcphane yapma s\u00f6z\u00fc verdi. Ba\u015fkan\u0131m\u0131z daha \u00f6ncede okulumuza kapal\u0131 spor salonu kazand\u0131rd\u0131. Okulumuzun \u00e7evre d\u00fczenlemesine destek oldu. Ba\u015fkan\u0131m\u0131z her zaman mahallemizin yan\u0131 ba\u015f\u0131nda oldu. Ba\u015fkan\u0131m\u0131za \u00e7ok te\u015fekk\u00fcr ediyoruz. \u201c dedi.<\/p>\n\n\n\n<p>Kepez Belediyesi \/ B\u00fclten<\/p>\n","protected":false},"excerpt":{"rendered":"<p>Be\u015fkonakl\u0131lar Mahallesinde incelemelerde bulunan Kepez Belediye Ba\u015fkan\u0131 Hakan T\u00fct\u00fcnc\u00fc, \u0130\u015f Kurumu \u0130l M\u00fcd\u00fcrl\u00fc\u011f\u00fc binas\u0131n\u0131n yap\u0131ld\u0131\u011f\u0131 mahalleye ASM, kapal\u0131 pazar ve mahallenin ortaokuluna da k\u00fct\u00fcphane yap\u0131laca\u011f\u0131n\u0131 <a href=\"https:\/\/akdenizhaber.com.tr\/index.php\/2023\/09\/21\/tutuncu-beskonaklilara-mujde-verdi\/\" class=\"read-more-link\">[more&#8230;]<\/a><\/p>\n","protected":false},"author":2,"featured_media":15931,"comment_status":"open","ping_status":"open","sticky":false,"template":"","format":"standard","meta":{"footnotes":""},"categories":[2],"tags":[],"class_list":["post-15930","post","type-post","status-publish","format-standard","has-post-thumbnail","hentry","category-gundem"],"_links":{"self":[{"href":"https:\/\/akdenizhaber.com.tr\/index.php\/wp-json\/wp\/v2\/posts\/15930","targetHints":{"allow":["GET"]}}],"collection":[{"href":"https:\/\/akdenizhaber.com.tr\/index.php\/wp-json\/wp\/v2\/posts"}],"about":[{"href":"https:\/\/akdenizhaber.com.tr\/index.php\/wp-json\/wp\/v2\/types\/post"}],"author":[{"embeddable":true,"href":"https:\/\/akdenizhaber.com.tr\/index.php\/wp-json\/wp\/v2\/users\/2"}],"replies":[{"embeddable":true,"href":"https:\/\/akdenizhaber.com.tr\/index.php\/wp-json\/wp\/v2\/comments?post=15930"}],"version-history":[{"count":0,"href":"https:\/\/akdenizhaber.com.tr\/index.php\/wp-json\/wp\/v2\/posts\/15930\/revisions"}],"wp:featuredmedia":[{"embeddable":true,"href":"https:\/\/akdenizhaber.com.tr\/index.php\/wp-json\/wp\/v2\/media\/15931"}],"wp:attachment":[{"href":"https:\/\/akdenizhaber.com.tr\/index.php\/wp-json\/wp\/v2\/media?parent=15930"}],"wp:term":[{"taxonomy":"category","embeddable":true,"href":"https:\/\/akdenizhaber.com.tr\/index.php\/wp-json\/wp\/v2\/categories?post=15930"},{"taxonomy":"post_tag","embeddable":true,"href":"https:\/\/akdenizhaber.com.tr\/index.php\/wp-json\/wp\/v2\/tags?post=15930"}],"curies":[{"name":"wp","href":"https:\/\/api.w.org\/{rel}","templated":true}]}}