{"id":15913,"date":"2023-09-20T13:08:11","date_gmt":"2023-09-20T10:08:11","guid":{"rendered":"https:\/\/akdenizhaber.com.tr\/?p=15913"},"modified":"2023-09-20T13:08:11","modified_gmt":"2023-09-20T10:08:11","slug":"iyi-parti-belediye-baskan-aday-adayi-huseyin-ziyaettin-tek-sermayem-gonulluler-ordusu","status":"publish","type":"post","link":"https:\/\/akdenizhaber.com.tr\/index.php\/2023\/09\/20\/iyi-parti-belediye-baskan-aday-adayi-huseyin-ziyaettin-tek-sermayem-gonulluler-ordusu\/","title":{"rendered":"\u0130Y\u0130 Parti Belediye Ba\u015fkan Aday Aday\u0131 H\u00fcseyin Ziyaettin,                                                                         \u201cTek sermayem g\u00f6n\u00fcll\u00fcler ordusu\u201d"},"content":{"rendered":"\n<p><\/p>\n\n\n\n<p>Kad\u0131n Do\u011fum Uzman\u0131 Dr. H\u00fcseyin Ziyaettin, Manavgat Belediye Ba\u015fkan Aday Adayl\u0131\u011f\u0131n\u0131 \u0130Y\u0130 Parti \u0130l\u00e7e Binas\u0131\u2019nda yo\u011fun kat\u0131l\u0131m\u0131n oldu\u011fu bir toplant\u0131yla resmi olarak a\u00e7\u0131klad\u0131. A\u00e7\u0131klamaya bas\u0131n, partililer ve vatanda\u015flar yo\u011fun ilgi g\u00f6sterdi.<\/p>\n\n\n\n<figure class=\"wp-block-image size-full\"><img loading=\"lazy\" decoding=\"async\" width=\"2031\" height=\"1344\" src=\"https:\/\/akdenizhaber.com.tr\/wp-content\/uploads\/2023\/09\/Untitled-1-3.jpg\" alt=\"\" class=\"wp-image-15915\"\/><\/figure>\n\n\n\n<p>\u0130Y\u0130 Parti \u0130l\u00e7e Ba\u015fkan\u0131 H\u00fcseyin Ergen, \u201cBu karar\u0131n yan\u0131nda olaca\u011f\u0131z\u201d<\/p>\n\n\n\n<p>\u0130Y\u0130 Parti \u0130l\u00e7e Ba\u015fkan\u0131 H\u00fcseyin Ergen yapt\u0131\u011f\u0131 a\u00e7\u0131l\u0131\u015f konu\u015fmas\u0131nda, b\u00fcy\u00fck \u0130Y\u0130 Partisi olarak t\u00fcm aday adaylar\u0131n\u0131n ve aday olacak ismin arkas\u0131nda olacaklar\u0131n\u0131 belirterek, \u201c\u0130l\u00e7e ba\u015fkanl\u0131\u011f\u0131 olarak hi\u00e7bir aday aday\u0131m\u0131z\u0131 birbirinden ay\u0131rmayaca\u011f\u0131z. Hepsinin arkas\u0131nda olaca\u011f\u0131z ve desteklerimizi verece\u011fiz. Partimize g\u00f6sterilen yo\u011fun ilgiden dolay\u0131 ziyadesiyle mutluyuz. Y\u00f6netimde birlikte \u00e7al\u0131\u015fmaktan onur duydu\u011fum Manavgat\u2019\u0131n sevilen, say\u0131lan, doktor, yazar, \u015fair, sanat\u00e7\u0131 ki\u015fili\u011fiyle de her zaman \u00f6rnek ald\u0131\u011f\u0131m\u0131z H\u00fcseyin Ziyaettin\u2019inin alm\u0131\u015f oldu\u011fu aday adayl\u0131k karar\u0131n\u0131 memnuniyetle kar\u015f\u0131l\u0131yoruz.&nbsp;Ald\u0131\u011f\u0131 bu karar\u0131n yan\u0131nda olaca\u011f\u0131z.&nbsp;Kendisine ba\u015far\u0131lar diliyorum\u201d dedi.<\/p>\n\n\n\n<p>\u201cTek sermayem g\u00f6n\u00fcll\u00fcler ordusu\u201d<\/p>\n\n\n\n<p>\u0130Y\u0130 Parti Manavgat Belediye Ba\u015fkan Aday Aday\u0131 H\u00fcseyin Ziyaettin sahip oldu\u011fu tek sosyal sermayenin g\u00f6n\u00fcll\u00fcler ordusu oldu\u011funa vurgu yapt\u0131\u011f\u0131 konu\u015fmas\u0131nda; \u201c 30 y\u0131ll\u0131k \u00e7al\u0131\u015fma hayat\u0131mda \u00fcrettiklerimle, emeklerimle kazand\u0131klar\u0131m ortadad\u0131r. \u015e\u00fck\u00fcrler olsun ki paraya-pula ihtiyac\u0131m yok.&nbsp;Tek sermayem sahip oldu\u011fum g\u00f6n\u00fcll\u00fcler ordusudur. Bu ordunun neferleri 300 bin n\u00fcfusuyla Manavgat halk\u0131n\u0131n ta kendisidir. \u015eayet aday g\u00f6sterilir ve se\u00e7ilirsem bu 300 bin ki\u015fiyi y\u00f6netim anlay\u0131\u015f\u0131m\u0131za ortak edece\u011fim. Manavgat\u2019\u0131n birli\u011fini ve k\u00fclt\u00fcr\u00fcn\u00fc ancak bu yolla olu\u015fturabiliriz\u201d dedi.<\/p>\n\n\n\n<p>\u201cEmekliler Meclisi\u2019nin kurulmas\u0131 demokrasinin gereklili\u011fidir\u201d<\/p>\n\n\n\n<p>Atat\u00fcrk\u2019\u00fcn ak\u0131lc\u0131, \u00e7a\u011fda\u015f kurumsal y\u00f6netim anlay\u0131\u015f\u0131n\u0131 kendine rehber edindi\u011fini belirten Ziyaettin, bas\u0131na da\u011f\u0131tt\u0131\u011f\u0131 kurumsal y\u00f6netim \u015femas\u0131nda yer alan Manavgat Vakf\u0131 ya da derne\u011finin yan\u0131 s\u0131ra Kent Konseyi\u2019nin olmay\u0131\u015f\u0131n\u0131n \u00fcz\u00fcnt\u00fc verici oldu\u011funu s\u00f6yledi. Ziyaettin ayr\u0131ca sivil toplum kurulu\u015flar\u0131n\u0131n bir \u00fcst kurulu olmas\u0131 gerekti\u011finin alt\u0131n\u0131 \u00e7izdi\u011fi konu\u015fmas\u0131nda; siyasi parti il\u00e7e ba\u015fkanlar\u0131n\u0131n Manavgat\u2019\u0131n sorunlar\u0131n\u0131n \u00e7\u00f6z\u00fcm\u00fc ad\u0131na ortak ak\u0131l da birle\u015ferek her ay toplanmas\u0131n\u0131n \u00f6nemine dikkat \u00e7ekti. Bilgi, ya\u015fanm\u0131\u015fl\u0131k ve deneyimlerinden faydalanabilmek i\u00e7in&nbsp;\u2018Emekliler Meclis\u2019inin\u2019&nbsp;olu\u015fturulmas\u0131n\u0131n demokrasinin bir gere\u011fi oldu\u011funu da s\u00f6zlerine ekledi.<\/p>\n\n\n\n<p>\u201c30 y\u0131ld\u0131r burada ya\u015f\u0131yorum, Manavgatl\u0131y\u0131m.\u201d<\/p>\n\n\n\n<p>Manavgat\u2019\u0131n bir belediye ba\u015fkan\u0131na de\u011fil bir lidere ihtiyac\u0131 oldu\u011funu belirten Ziyaettin, \u201cManavgat\u2019\u0131n rutin belediye g\u00f6revini yapan bir belediye ba\u015fkan\u0131na ihtiyac\u0131 yok. Manavgat\u2019\u0131n bir lidere ihtiyac\u0131 var. Lider, partiler \u00fcst\u00fc bir anlay\u0131\u015fla radikal kararlar alabilen, \u00fcreten, projeleriyle halk\u0131n deste\u011fini yan\u0131nda hisseden, kenti i\u00e7in ya\u015fayan ki\u015fidir. \u015euan aday olmad\u0131\u011f\u0131m i\u00e7in sizlerle payla\u015famayaca\u011f\u0131m tam 300 projem var. Ben idealist bir insan\u0131m. \u0130nanc\u0131m gere\u011fi se\u00e7ilemezsem bile haz\u0131rlad\u0131\u011f\u0131m bu sosyal projelerin hayata ge\u00e7irilmesi i\u00e7in var g\u00fcc\u00fcmle m\u00fccadele edece\u011fim. 30 y\u0131ld\u0131r Manavgat\u2019ta ya\u015fayan biri olarak art\u0131k Manavgatl\u0131y\u0131m. Bu kenti daha iyi ya\u015fanabilir bir cennete kavu\u015fturmak i\u00e7in liderlik yapmak istiyorum. Sizlerle birlikte bunu istiyorum\u201d diye konu\u015ftu.<\/p>\n\n\n\n<p>\u201cS\u00f6yleyecek s\u00f6z\u00fcm\u00fcz hen\u00fcz bitmedi\u201d<\/p>\n\n\n\n<p>Dr. H\u00fcseyin Ziyaettin bir \u015fiirle ba\u015flad\u0131\u011f\u0131 konu\u015fmas\u0131n\u0131, Hindistan men\u015feli fil meseli ile bitirdi. Mesel, \u00fc\u00e7 karde\u015fin babalar\u0131ndan miras kalan 17 fili payla\u015famamas\u0131n\u0131 konu ediyor. Bu tart\u0131\u015fmalara tan\u0131k olan 18\u2019nci filin \u00fczerindeki bilge ki\u015fi bilimin \u0131\u015f\u0131\u011f\u0131nda yapt\u0131\u011f\u0131 basit bir matematik hesab\u0131yla, kendilerine miras kalan 17 fili karde\u015flere payla\u015ft\u0131r\u0131yor. Ziyaettin, \u201c\u0130\u015fte bu y\u00fczden ben Manavgat\u2019\u0131n 18\u2019inci fili olmak i\u00e7in yola \u00e7\u0131kt\u0131m\u201d dedi.<\/p>\n\n\n\n<p>Konu\u015fmalar\u0131n ard\u0131ndan tebrikleri kabul eden Ziyaettin, \u201cBu bir aday adayl\u0131\u011f\u0131 a\u00e7\u0131klamas\u0131yd\u0131. O y\u00fczden konu\u015fmay\u0131 k\u0131sa tuttum. S\u00fcre\u00e7 i\u00e7erisinde daha \u00e7ok bir araya gelece\u011fiz. S\u00f6yleyecek s\u00f6z\u00fcm\u00fcz hen\u00fcz bitmedi\u201d dedi.<\/p>\n\n\n\n<p>H\u00fcseyin Ziyaettin\u2019inin aday adayl\u0131\u011f\u0131 a\u00e7\u0131klamas\u0131na DEVA Partisi Manavgat \u0130l\u00e7e Ba\u015fkan\u0131 Dilaver Akpolat ile Siyasi \u0130\u015flerden Sorumlu B\u015fk. Yrd. Z\u00fcbeyir Sar\u0131kaya\u2019n\u0131n kat\u0131lmas\u0131 dikkat \u00e7ekti.<\/p>\n\n\n\n<p>(B\u00fc\u015fra Deveci)<\/p>\n","protected":false},"excerpt":{"rendered":"<p>Kad\u0131n Do\u011fum Uzman\u0131 Dr. H\u00fcseyin Ziyaettin, Manavgat Belediye Ba\u015fkan Aday Adayl\u0131\u011f\u0131n\u0131 \u0130Y\u0130 Parti \u0130l\u00e7e Binas\u0131\u2019nda yo\u011fun kat\u0131l\u0131m\u0131n oldu\u011fu bir toplant\u0131yla resmi olarak a\u00e7\u0131klad\u0131. A\u00e7\u0131klamaya bas\u0131n, <a href=\"https:\/\/akdenizhaber.com.tr\/index.php\/2023\/09\/20\/iyi-parti-belediye-baskan-aday-adayi-huseyin-ziyaettin-tek-sermayem-gonulluler-ordusu\/\" class=\"read-more-link\">[more&#8230;]<\/a><\/p>\n","protected":false},"author":2,"featured_media":15914,"comment_status":"open","ping_status":"open","sticky":false,"template":"","format":"standard","meta":{"footnotes":""},"categories":[2],"tags":[],"class_list":["post-15913","post","type-post","status-publish","format-standard","has-post-thumbnail","hentry","category-gundem"],"_links":{"self":[{"href":"https:\/\/akdenizhaber.com.tr\/index.php\/wp-json\/wp\/v2\/posts\/15913","targetHints":{"allow":["GET"]}}],"collection":[{"href":"https:\/\/akdenizhaber.com.tr\/index.php\/wp-json\/wp\/v2\/posts"}],"about":[{"href":"https:\/\/akdenizhaber.com.tr\/index.php\/wp-json\/wp\/v2\/types\/post"}],"author":[{"embeddable":true,"href":"https:\/\/akdenizhaber.com.tr\/index.php\/wp-json\/wp\/v2\/users\/2"}],"replies":[{"embeddable":true,"href":"https:\/\/akdenizhaber.com.tr\/index.php\/wp-json\/wp\/v2\/comments?post=15913"}],"version-history":[{"count":0,"href":"https:\/\/akdenizhaber.com.tr\/index.php\/wp-json\/wp\/v2\/posts\/15913\/revisions"}],"wp:featuredmedia":[{"embeddable":true,"href":"https:\/\/akdenizhaber.com.tr\/index.php\/wp-json\/wp\/v2\/media\/15914"}],"wp:attachment":[{"href":"https:\/\/akdenizhaber.com.tr\/index.php\/wp-json\/wp\/v2\/media?parent=15913"}],"wp:term":[{"taxonomy":"category","embeddable":true,"href":"https:\/\/akdenizhaber.com.tr\/index.php\/wp-json\/wp\/v2\/categories?post=15913"},{"taxonomy":"post_tag","embeddable":true,"href":"https:\/\/akdenizhaber.com.tr\/index.php\/wp-json\/wp\/v2\/tags?post=15913"}],"curies":[{"name":"wp","href":"https:\/\/api.w.org\/{rel}","templated":true}]}}