{"id":15911,"date":"2023-09-20T13:06:58","date_gmt":"2023-09-20T10:06:58","guid":{"rendered":"https:\/\/akdenizhaber.com.tr\/?p=15911"},"modified":"2023-09-20T13:06:59","modified_gmt":"2023-09-20T10:06:59","slug":"empati-ve-anlayis","status":"publish","type":"post","link":"https:\/\/akdenizhaber.com.tr\/index.php\/2023\/09\/20\/empati-ve-anlayis\/","title":{"rendered":"EMPAT\u0130 VE ANLAYI\u015e"},"content":{"rendered":"\n<p>G\u00fcnayd\u0131n g\u00fczel insanlar\u2026<br>G\u00fcn\u00fcm\u00fczde, birbirimizi daha iyi anlamak ve anla\u015f\u0131lmak i\u00e7in ayn\u0131 pencereden bakabilmek \u00f6nemli bir kavram haline gelmi\u015ftir. Ayn\u0131 pencereden bakabilmek, ba\u015fkalar\u0131n\u0131n duygular\u0131n\u0131 ve d\u00fc\u015f\u00fcncelerini anlama yetene\u011fimizdir. Bu yetenek, empati ve anlay\u0131\u015f\u0131n bir g\u00f6stergesidir ve ili\u015fkilerimizi geli\u015ftirmemize yard\u0131mc\u0131 olur. Empati, ba\u015fkalar\u0131n\u0131n duygusal deneyimlerini anlama yetene\u011fimizdir. Anlay\u0131\u015f ise, ba\u015fkalar\u0131n\u0131n bak\u0131\u015f a\u00e7\u0131lar\u0131ndan olaylar\u0131 de\u011ferlendirebilme yetene\u011fimizdir. Bu iki yetenek, ayn\u0131 pencereden bakabilme yetene\u011finin temel ta\u015flar\u0131d\u0131r. Ayn\u0131 pencereden bakabilmek, hem ki\u015fisel hem de profesyonel ili\u015fkilerimizde \u00f6nemlidir. Ba\u015fkalar\u0131n\u0131n duygular\u0131n\u0131 ve d\u00fc\u015f\u00fcncelerini anlad\u0131\u011f\u0131m\u0131zda, onlarla daha derin bir ba\u011flant\u0131 kurabiliriz. Bu, \u00e7at\u0131\u015fmalar\u0131 \u00e7\u00f6zme ve daha uyumlu bir \u015fekilde birlikte \u00e7al\u0131\u015fma yetene\u011fimizi art\u0131r\u0131r. Ayn\u0131 pencereden bakabilmek i\u00e7in \u00f6nyarg\u0131lar\u0131m\u0131z\u0131 a\u015fmam\u0131z gerekir. Ba\u015fkalar\u0131n\u0131n bak\u0131\u015f a\u00e7\u0131lar\u0131n\u0131 anlamak i\u00e7in, kendi bak\u0131\u015f a\u00e7\u0131m\u0131z\u0131n \u00f6tesine ge\u00e7mek gerekir. Bu, empati ve anlay\u0131\u015f\u0131n g\u00fc\u00e7l\u00fc bir ifadesidir. Ayn\u0131 pencereden bakabilmek, empati ve anlay\u0131\u015f\u0131n g\u00fc\u00e7l\u00fc bir ifadesidir. Bu yetenek, ili\u015fkilerimizi geli\u015ftirmemize, \u00e7at\u0131\u015fmalar\u0131 \u00e7\u00f6zmemize ve daha etkili bir \u015fekilde ileti\u015fim kurmam\u0131za yard\u0131mc\u0131 olabilir. Bu yetenekler, ki\u015fisel ve profesyonel ya\u015fam\u0131m\u0131z\u0131n her alan\u0131nda bize yard\u0131mc\u0131 olur. Sonu\u00e7 olarak, ayn\u0131 pencereden bakabilmek, empati ve anlay\u0131\u015f\u0131n g\u00fc\u00e7l\u00fc bir ifadesidir. Bu yetenek, ili\u015fkilerimizi geli\u015ftirmemize, \u00e7at\u0131\u015fmalar\u0131 \u00e7\u00f6zmemize ve daha etkili bir \u015fekilde ileti\u015fim kurmam\u0131za yard\u0131mc\u0131 olabilir.<\/p>\n\n\n\n<p>ESRA \u0130\u00c7G\u00d6Z<\/p>\n","protected":false},"excerpt":{"rendered":"<p>G\u00fcnayd\u0131n g\u00fczel insanlar\u2026G\u00fcn\u00fcm\u00fczde, birbirimizi daha iyi anlamak ve anla\u015f\u0131lmak i\u00e7in ayn\u0131 pencereden bakabilmek \u00f6nemli bir kavram haline gelmi\u015ftir. Ayn\u0131 pencereden bakabilmek, ba\u015fkalar\u0131n\u0131n duygular\u0131n\u0131 ve d\u00fc\u015f\u00fcncelerini <a href=\"https:\/\/akdenizhaber.com.tr\/index.php\/2023\/09\/20\/empati-ve-anlayis\/\" class=\"read-more-link\">[more&#8230;]<\/a><\/p>\n","protected":false},"author":2,"featured_media":15581,"comment_status":"open","ping_status":"open","sticky":false,"template":"","format":"standard","meta":{"footnotes":""},"categories":[2],"tags":[],"class_list":["post-15911","post","type-post","status-publish","format-standard","has-post-thumbnail","hentry","category-gundem"],"_links":{"self":[{"href":"https:\/\/akdenizhaber.com.tr\/index.php\/wp-json\/wp\/v2\/posts\/15911","targetHints":{"allow":["GET"]}}],"collection":[{"href":"https:\/\/akdenizhaber.com.tr\/index.php\/wp-json\/wp\/v2\/posts"}],"about":[{"href":"https:\/\/akdenizhaber.com.tr\/index.php\/wp-json\/wp\/v2\/types\/post"}],"author":[{"embeddable":true,"href":"https:\/\/akdenizhaber.com.tr\/index.php\/wp-json\/wp\/v2\/users\/2"}],"replies":[{"embeddable":true,"href":"https:\/\/akdenizhaber.com.tr\/index.php\/wp-json\/wp\/v2\/comments?post=15911"}],"version-history":[{"count":0,"href":"https:\/\/akdenizhaber.com.tr\/index.php\/wp-json\/wp\/v2\/posts\/15911\/revisions"}],"wp:featuredmedia":[{"embeddable":true,"href":"https:\/\/akdenizhaber.com.tr\/index.php\/wp-json\/wp\/v2\/media\/15581"}],"wp:attachment":[{"href":"https:\/\/akdenizhaber.com.tr\/index.php\/wp-json\/wp\/v2\/media?parent=15911"}],"wp:term":[{"taxonomy":"category","embeddable":true,"href":"https:\/\/akdenizhaber.com.tr\/index.php\/wp-json\/wp\/v2\/categories?post=15911"},{"taxonomy":"post_tag","embeddable":true,"href":"https:\/\/akdenizhaber.com.tr\/index.php\/wp-json\/wp\/v2\/tags?post=15911"}],"curies":[{"name":"wp","href":"https:\/\/api.w.org\/{rel}","templated":true}]}}