{"id":15908,"date":"2023-09-20T13:06:05","date_gmt":"2023-09-20T10:06:05","guid":{"rendered":"https:\/\/akdenizhaber.com.tr\/?p=15908"},"modified":"2023-09-20T13:06:05","modified_gmt":"2023-09-20T10:06:05","slug":"nezih-ozgencin-aci-gunu","status":"publish","type":"post","link":"https:\/\/akdenizhaber.com.tr\/index.php\/2023\/09\/20\/nezih-ozgencin-aci-gunu\/","title":{"rendered":"Nezih \u00d6zgen\u00e7\u2019in Ac\u0131 G\u00fcn\u00fc"},"content":{"rendered":"\n<p><\/p>\n\n\n\n<p>Manavgat Belediyespor\u2019un eski futbolcu ve y\u00f6neticisi, MASMO Kurucu Ba\u015fkan\u0131, CHP Antalya milletvekili aday aday\u0131 Nezih \u00d6zgen\u00e7 in annesi G\u00fcl\u015fen \u00d6zgen\u00e7 ge\u00e7ti\u011fimiz g\u00fcn vefat etti.<\/p>\n\n\n\n<p>Merhume\u2019nin cenazesi d\u00fcn Gazipa\u015fa \u00c7aml\u0131 Mezarl\u0131\u011f\u0131na defnedildi.<\/p>\n\n\n\n<p>Cenazeye merhumenin yak\u0131nlar\u0131, e\u015f,dost akrabalar\u0131 ile Manavgat\u2019tan \u00e7ok say\u0131da insan kat\u0131ld\u0131.<\/p>\n\n\n\n<p>Merhumeye Allah\u2019tan Rahmet, \u00d6zgen\u00e7 ailesine ve sevenlerine ba\u015fsa\u011fl\u0131\u011f\u0131 diliyoruz.<\/p>\n\n\n\n<p>(B\u00fc\u015fra Deveci)<\/p>\n","protected":false},"excerpt":{"rendered":"<p>Manavgat Belediyespor\u2019un eski futbolcu ve y\u00f6neticisi, MASMO Kurucu Ba\u015fkan\u0131, CHP Antalya milletvekili aday aday\u0131 Nezih \u00d6zgen\u00e7 in annesi G\u00fcl\u015fen \u00d6zgen\u00e7 ge\u00e7ti\u011fimiz g\u00fcn vefat etti. Merhume\u2019nin <a href=\"https:\/\/akdenizhaber.com.tr\/index.php\/2023\/09\/20\/nezih-ozgencin-aci-gunu\/\" class=\"read-more-link\">[more&#8230;]<\/a><\/p>\n","protected":false},"author":2,"featured_media":15909,"comment_status":"open","ping_status":"open","sticky":false,"template":"","format":"standard","meta":{"footnotes":""},"categories":[2],"tags":[],"class_list":["post-15908","post","type-post","status-publish","format-standard","has-post-thumbnail","hentry","category-gundem"],"_links":{"self":[{"href":"https:\/\/akdenizhaber.com.tr\/index.php\/wp-json\/wp\/v2\/posts\/15908","targetHints":{"allow":["GET"]}}],"collection":[{"href":"https:\/\/akdenizhaber.com.tr\/index.php\/wp-json\/wp\/v2\/posts"}],"about":[{"href":"https:\/\/akdenizhaber.com.tr\/index.php\/wp-json\/wp\/v2\/types\/post"}],"author":[{"embeddable":true,"href":"https:\/\/akdenizhaber.com.tr\/index.php\/wp-json\/wp\/v2\/users\/2"}],"replies":[{"embeddable":true,"href":"https:\/\/akdenizhaber.com.tr\/index.php\/wp-json\/wp\/v2\/comments?post=15908"}],"version-history":[{"count":0,"href":"https:\/\/akdenizhaber.com.tr\/index.php\/wp-json\/wp\/v2\/posts\/15908\/revisions"}],"wp:featuredmedia":[{"embeddable":true,"href":"https:\/\/akdenizhaber.com.tr\/index.php\/wp-json\/wp\/v2\/media\/15909"}],"wp:attachment":[{"href":"https:\/\/akdenizhaber.com.tr\/index.php\/wp-json\/wp\/v2\/media?parent=15908"}],"wp:term":[{"taxonomy":"category","embeddable":true,"href":"https:\/\/akdenizhaber.com.tr\/index.php\/wp-json\/wp\/v2\/categories?post=15908"},{"taxonomy":"post_tag","embeddable":true,"href":"https:\/\/akdenizhaber.com.tr\/index.php\/wp-json\/wp\/v2\/tags?post=15908"}],"curies":[{"name":"wp","href":"https:\/\/api.w.org\/{rel}","templated":true}]}}