{"id":15905,"date":"2023-09-20T13:05:25","date_gmt":"2023-09-20T10:05:25","guid":{"rendered":"https:\/\/akdenizhaber.com.tr\/?p=15905"},"modified":"2023-09-20T13:05:26","modified_gmt":"2023-09-20T10:05:26","slug":"muhasebecilerden-kaymakama-ziyaret","status":"publish","type":"post","link":"https:\/\/akdenizhaber.com.tr\/index.php\/2023\/09\/20\/muhasebecilerden-kaymakama-ziyaret\/","title":{"rendered":"Muhasebecilerden Kaymakam\u2019a Ziyaret"},"content":{"rendered":"\n<p><\/p>\n\n\n\n<p>Kaymakamlar kararnamesi ile Esenler kaymakaml\u0131\u011f\u0131ndan il\u00e7emize atanan Adil Karata\u015f g\u00f6reve ba\u015flad\u0131.<\/p>\n\n\n\n<p>Yeni kaymakam Adil Karata\u015f\u2019\u0131 ge\u00e7ti\u011fimiz g\u00fcnlerde Mali M\u00fc\u015favirler Odas\u0131 Ba\u015fkan\u0131 Sabri keskin ve y\u00f6netim kurulu \u00fcyeleri ziyaret etti.<\/p>\n\n\n\n<p>Hay\u0131rl\u0131 olsun ziyareti s\u0131ras\u0131nda Manavgat ile ilgili kar\u015f\u0131l\u0131kl\u0131 fikir al\u0131\u015f veri\u015finde bulunduklar\u0131n\u0131 ifade eden Oda Ba\u015fkan\u0131 Sabri Keskin, Kaymakam Adil Karata\u015f\u2019a yeni g\u00f6revinde ba\u015far\u0131 dileklerini ilettiklerini s\u00f6yledi.<\/p>\n\n\n\n<p>(Haber Merkezi)<\/p>\n","protected":false},"excerpt":{"rendered":"<p>Kaymakamlar kararnamesi ile Esenler kaymakaml\u0131\u011f\u0131ndan il\u00e7emize atanan Adil Karata\u015f g\u00f6reve ba\u015flad\u0131. Yeni kaymakam Adil Karata\u015f\u2019\u0131 ge\u00e7ti\u011fimiz g\u00fcnlerde Mali M\u00fc\u015favirler Odas\u0131 Ba\u015fkan\u0131 Sabri keskin ve y\u00f6netim <a href=\"https:\/\/akdenizhaber.com.tr\/index.php\/2023\/09\/20\/muhasebecilerden-kaymakama-ziyaret\/\" class=\"read-more-link\">[more&#8230;]<\/a><\/p>\n","protected":false},"author":2,"featured_media":15906,"comment_status":"open","ping_status":"open","sticky":false,"template":"","format":"standard","meta":{"footnotes":""},"categories":[2],"tags":[],"class_list":["post-15905","post","type-post","status-publish","format-standard","has-post-thumbnail","hentry","category-gundem"],"_links":{"self":[{"href":"https:\/\/akdenizhaber.com.tr\/index.php\/wp-json\/wp\/v2\/posts\/15905","targetHints":{"allow":["GET"]}}],"collection":[{"href":"https:\/\/akdenizhaber.com.tr\/index.php\/wp-json\/wp\/v2\/posts"}],"about":[{"href":"https:\/\/akdenizhaber.com.tr\/index.php\/wp-json\/wp\/v2\/types\/post"}],"author":[{"embeddable":true,"href":"https:\/\/akdenizhaber.com.tr\/index.php\/wp-json\/wp\/v2\/users\/2"}],"replies":[{"embeddable":true,"href":"https:\/\/akdenizhaber.com.tr\/index.php\/wp-json\/wp\/v2\/comments?post=15905"}],"version-history":[{"count":0,"href":"https:\/\/akdenizhaber.com.tr\/index.php\/wp-json\/wp\/v2\/posts\/15905\/revisions"}],"wp:featuredmedia":[{"embeddable":true,"href":"https:\/\/akdenizhaber.com.tr\/index.php\/wp-json\/wp\/v2\/media\/15906"}],"wp:attachment":[{"href":"https:\/\/akdenizhaber.com.tr\/index.php\/wp-json\/wp\/v2\/media?parent=15905"}],"wp:term":[{"taxonomy":"category","embeddable":true,"href":"https:\/\/akdenizhaber.com.tr\/index.php\/wp-json\/wp\/v2\/categories?post=15905"},{"taxonomy":"post_tag","embeddable":true,"href":"https:\/\/akdenizhaber.com.tr\/index.php\/wp-json\/wp\/v2\/tags?post=15905"}],"curies":[{"name":"wp","href":"https:\/\/api.w.org\/{rel}","templated":true}]}}