{"id":15886,"date":"2023-09-20T12:59:17","date_gmt":"2023-09-20T09:59:17","guid":{"rendered":"https:\/\/akdenizhaber.com.tr\/?p=15886"},"modified":"2023-09-20T12:59:18","modified_gmt":"2023-09-20T09:59:18","slug":"kurak-topraklar-suya-kavusup-yeniden-yeserecek","status":"publish","type":"post","link":"https:\/\/akdenizhaber.com.tr\/index.php\/2023\/09\/20\/kurak-topraklar-suya-kavusup-yeniden-yeserecek\/","title":{"rendered":"Kurak topraklar suya kavu\u015fup yeniden ye\u015ferecek"},"content":{"rendered":"\n<p><\/p>\n\n\n\n<p>Antalya B\u00fcy\u00fck\u015fehir Belediyesi\u2019nin susuzluk nedeniyle tar\u0131m yap\u0131lamayan ve yo\u011fun g\u00f6\u00e7 veren Korkuteli\u2019nin Be\u011fi\u015f Susuzu Mahallesi\u2019ni ar\u0131tma suyuyla tekrar tar\u0131ma kazand\u0131racak \u2018Be\u011fi\u015f Susuzu Sulama Projesi\u2019 h\u0131zla ilerliyor. Y\u00f6rehalk\u0131 suyun gelmesiyle ovan\u0131n bereketli \u00fcr\u00fcnler verece\u011fini, hayat\u0131n yeniden canlanaca\u011f\u0131n\u0131 s\u00f6yl\u00fcyor.<\/p>\n\n\n\n<p>Antalya B\u00fcy\u00fck\u015fehir Belediye Ba\u015fkan\u0131 Muhittin B\u00f6cek\u2019in yerelden kalk\u0131nma hedefiyle tar\u0131m sekt\u00f6r\u00fcne sa\u011flad\u0131\u011f\u0131 \u00f6nemli yat\u0131r\u0131mlardan biri olan ve Temmuz ay\u0131nda temelini att\u0131\u011f\u0131 Be\u011fi\u015f Susuzu Sulama Projesi\u2019nde \u00e7al\u0131\u015fmalar devam ediyor. Tar\u0131msal sulamada \u00f6rnek olacak projeyle Korkuteli At\u0131ksu Ar\u0131tma Tesisi ar\u0131tma suyu, kurulacak kapal\u0131 sistem damla sulama projesiyle Be\u011fi\u015f Susuzu ovas\u0131na ta\u015f\u0131nacak. Projeyle 2 bin dekar arazi tekrar suya kavu\u015facak g\u00f6\u00e7 etmek zorunda kalan \u00e7ift\u00e7iler topraklar\u0131n\u0131 ekip dikmeye ba\u015flayacak.<\/p>\n\n\n\n<p>OVA YE\u015eERECEK \u00c7\u0130FT\u00c7\u0130N\u0130N Y\u00dcZ\u00dc G\u00dcLECEK<\/p>\n\n\n\n<p>Yeralt\u0131 ve yer\u00fcst\u00fc su kaynaklar\u0131n\u0131n bulunmamas\u0131 nedeniyle tar\u0131m yap\u0131lamayan ve yo\u011fun g\u00f6\u00e7 vererek terk edilen Be\u011fi\u015f Susuzu Mahallesi\u2019nin tar\u0131msal sulama sorununu \u00e7\u00f6zecek \u00e7al\u0131\u015fmalar s\u00fcr\u00fcyor. Ekipler taraf\u0131ndan ar\u0131tma suyunu Be\u011fi\u015f Ovas\u0131\u2019na ta\u015f\u0131yacak \u00e7elik borular araziye d\u00f6\u015feniyor. \u015eu ana kadar 14 bin 500 polietlien boru ve 810 metre \u00e7elik boru d\u00f6\u015fendi. Ekipler daha sonra havuz, su al\u0131m \u00fcniteleri ve da\u011f\u0131t\u0131m r\u00f6garlar\u0131n\u0131n \u00e7al\u0131\u015fmas\u0131na ba\u015flayacak.<\/p>\n\n\n\n<p>Proje ile Korkuteli At\u0131ksu Ar\u0131tma Tesisi ile kayna\u011f\u0131ndan saniyede 85 litre su al\u0131narak, d\u00f6\u015fenecek16 bin metre \u00e7elik boru hatt\u0131 ile Be\u011fi\u015f Ovas\u0131\u2019ndaki tar\u0131m arazilerine ula\u015facak. \u00c7ift\u00e7ilerin damla ve ya\u011fmurlama gibi modern sulama sistemleri ile topraklar\u0131n\u0131 sulamas\u0131 sa\u011flanacak. Su olmad\u0131\u011f\u0131 i\u00e7in daha \u00e7ok kuru tar\u0131m yapabilen \u00e7ift\u00e7iler proje sayesinde art\u0131k sulu tar\u0131m yaparak daha \u00e7ok gelir getirecek \u00fcr\u00fcnler yeti\u015ftirebilecek. Tesisten 50 \u00e7ift\u00e7i hanesinde 250 vatanda\u015f faydalanacak.<\/p>\n\n\n\n<p>BE\u011e\u0130\u015e, YEN\u0130 KUMLUCA VE F\u0130N\u0130KE OLACAK<\/p>\n\n\n\n<p>Be\u011fi\u015f Susuzu Mahalle Muhtar\u0131 H\u00fcseyin Yal\u00e7\u0131n, k\u00f6ylerinde hem i\u00e7me hem de sulama sular\u0131n\u0131n olmamas\u0131 nedeniyle \u00fcretimin ve ya\u015fam\u0131n canl\u0131l\u0131\u011f\u0131n\u0131 kaybetti\u011fini s\u00f6yleyerek,<\/p>\n\n\n\n<p>\u201cSu olmay\u0131nca atalar\u0131m\u0131z yak\u0131nlar\u0131m\u0131z hep ba\u015fka k\u00f6ylere g\u00f6\u00e7 etmi\u015f. K\u00f6yde \u015fu an sadece 15 hane ya\u015f\u0131yor. \u00c7ift\u00e7iler sadece arpa yeti\u015ftiriyor. Zaten suyumuz yok, yeterli ya\u011f\u0131\u015flar da olmay\u0131nca arpada da yeterli \u00fcr\u00fcn\u00fc alam\u0131yoruz. Sulama projesiyle topraklar\u0131m\u0131z de\u011ferlenecek, ye\u015ferecek b\u00f6ylece insanlar\u0131m\u0131z geri d\u00f6necektir. Suyumuz gelince in\u015fallah \u00e7e\u015fit \u00e7e\u015fit meyve ve sebzeler yeti\u015ftirebilece\u011fiz. Be\u011fi\u015f Susuzuna su gelince Antalya\u2019n\u0131n yeni Kumluca ve Finike\u2019si olaca\u011f\u0131na inan\u0131yorum.Muhittin B\u00f6cek Ba\u015fkan\u0131m\u0131zdan Allah bin kere raz\u0131 olsun, sayesinde suya kavu\u015faca\u011f\u0131z\u201d diye konu\u015ftu.<\/p>\n\n\n\n<p>\u0130LK \u00dcR\u00dcNLER\u0130 BA\u015eKAN B\u00d6CEK\u2019E \u0130KRAM EDECE\u011e\u0130Z<\/p>\n\n\n\n<p>Y\u00f6re sakinlerinden 72 ya\u015f\u0131ndaki Salih Sar\u0131 da kurakl\u0131k oldu\u011fu i\u00e7in b\u00fct\u00fcn gen\u00e7lerin k\u00f6y\u00fc terk etti\u011fini belirterek, \u201cSu geldikten sonra hayat\u0131m\u0131z de\u011fi\u015fir, bah\u00e7elerimizde meyvemiz sebzemiz yeti\u015fir. Hatta ihracat bile yapar\u0131z. Nasip k\u0131smet olur Muhittin B\u00f6cek Ba\u015fkan suyumuzu getirirse d\u00fcnyalar kadar seviniriz. Hatta ilk yeti\u015ftirdi\u011fimiz meyveleri Muhittin B\u00f6cek\u2019e ikram ederiz,k\u00f6y\u00fcm\u00fczde a\u011f\u0131rlar\u0131z\u201d diye konu\u015ftu.<\/p>\n\n\n\n<p>K\u00d6Y\u00dcM\u00dcZ\u00dcN KADER\u0130 DE\u011e\u0130\u015eECEK<\/p>\n\n\n\n<p>Suyun gelmesiyle k\u00f6y\u00fcn kaderinin de\u011fi\u015fece\u011fine inand\u0131\u011f\u0131n\u0131 kaydeden \u0130brahim Hadi K\u0131l\u0131n\u00e7, \u201cBu k\u00f6yde hayat\u0131n yeniden canlanmas\u0131 i\u00e7in suyun gelmesi gerekiyor. Suyun olmad\u0131\u011f\u0131 yerde hayat olmaz, bizlerin tar\u0131m yap\u0131p \u00fcretebilmemiz i\u00e7in suya ihtiyac\u0131m\u0131z var. \u015eu an \u00e7o\u011fu hayvanc\u0131l\u0131k ve kuru tar\u0131m yapabiliyoruz. Ama suya kavu\u015funca \u00e7e\u015fitli \u00fcr\u00fcnler ekip dikebilece\u011fiz\u201d ifadelerini kulland\u0131.<\/p>\n\n\n\n<p>Be\u011fi\u015f\u2019te tar\u0131m ve hayvanc\u0131l\u0131kla u\u011fra\u015fan Kutlu Eymur, \u201cK\u00f6y\u00fcm\u00fcz \u00e7ok g\u00fczel burada ya\u015famaktan mutluyuz, suyumuz gelince daha da mutlu olaca\u011f\u0131z. Suyun gelmesi bu k\u00f6y\u00fcn kalk\u0131nmas\u0131 ve insanlar\u0131n mutlu olmas\u0131 demektir. Topraklar\u0131m\u0131z\u0131 suya kavu\u015fturacak sulama projesi i\u00e7in B\u00fcy\u00fck\u015fehir Belediye Ba\u015fkan\u0131 Muhittin B\u00f6cek\u2019e \u00e7ok te\u015fekk\u00fcr ediyorum\u201d dedi.<\/p>\n\n\n\n<p>Antalya B\u00fcy\u00fck\u015fehir Belediyesi \/ B\u00fclten<\/p>\n","protected":false},"excerpt":{"rendered":"<p>Antalya B\u00fcy\u00fck\u015fehir Belediyesi\u2019nin susuzluk nedeniyle tar\u0131m yap\u0131lamayan ve yo\u011fun g\u00f6\u00e7 veren Korkuteli\u2019nin Be\u011fi\u015f Susuzu Mahallesi\u2019ni ar\u0131tma suyuyla tekrar tar\u0131ma kazand\u0131racak \u2018Be\u011fi\u015f Susuzu Sulama Projesi\u2019 h\u0131zla <a href=\"https:\/\/akdenizhaber.com.tr\/index.php\/2023\/09\/20\/kurak-topraklar-suya-kavusup-yeniden-yeserecek\/\" class=\"read-more-link\">[more&#8230;]<\/a><\/p>\n","protected":false},"author":2,"featured_media":15887,"comment_status":"open","ping_status":"open","sticky":false,"template":"","format":"standard","meta":{"footnotes":""},"categories":[2],"tags":[],"class_list":["post-15886","post","type-post","status-publish","format-standard","has-post-thumbnail","hentry","category-gundem"],"_links":{"self":[{"href":"https:\/\/akdenizhaber.com.tr\/index.php\/wp-json\/wp\/v2\/posts\/15886","targetHints":{"allow":["GET"]}}],"collection":[{"href":"https:\/\/akdenizhaber.com.tr\/index.php\/wp-json\/wp\/v2\/posts"}],"about":[{"href":"https:\/\/akdenizhaber.com.tr\/index.php\/wp-json\/wp\/v2\/types\/post"}],"author":[{"embeddable":true,"href":"https:\/\/akdenizhaber.com.tr\/index.php\/wp-json\/wp\/v2\/users\/2"}],"replies":[{"embeddable":true,"href":"https:\/\/akdenizhaber.com.tr\/index.php\/wp-json\/wp\/v2\/comments?post=15886"}],"version-history":[{"count":0,"href":"https:\/\/akdenizhaber.com.tr\/index.php\/wp-json\/wp\/v2\/posts\/15886\/revisions"}],"wp:featuredmedia":[{"embeddable":true,"href":"https:\/\/akdenizhaber.com.tr\/index.php\/wp-json\/wp\/v2\/media\/15887"}],"wp:attachment":[{"href":"https:\/\/akdenizhaber.com.tr\/index.php\/wp-json\/wp\/v2\/media?parent=15886"}],"wp:term":[{"taxonomy":"category","embeddable":true,"href":"https:\/\/akdenizhaber.com.tr\/index.php\/wp-json\/wp\/v2\/categories?post=15886"},{"taxonomy":"post_tag","embeddable":true,"href":"https:\/\/akdenizhaber.com.tr\/index.php\/wp-json\/wp\/v2\/tags?post=15886"}],"curies":[{"name":"wp","href":"https:\/\/api.w.org\/{rel}","templated":true}]}}