{"id":15856,"date":"2023-09-19T13:02:38","date_gmt":"2023-09-19T10:02:38","guid":{"rendered":"https:\/\/akdenizhaber.com.tr\/?p=15856"},"modified":"2023-09-19T13:02:39","modified_gmt":"2023-09-19T10:02:39","slug":"buyuksehir-ekipleri-sogutma-calismalarinda","status":"publish","type":"post","link":"https:\/\/akdenizhaber.com.tr\/index.php\/2023\/09\/19\/buyuksehir-ekipleri-sogutma-calismalarinda\/","title":{"rendered":"B\u00fcy\u00fck\u015fehir ekipleri so\u011futma \u00e7al\u0131\u015fmalar\u0131nda\u00a0"},"content":{"rendered":"\n<h2 class=\"wp-block-heading\">&nbsp;<\/h2>\n\n\n\n<h2 class=\"wp-block-heading\">&nbsp;<\/h2>\n\n\n\n<h2 class=\"wp-block-heading\"><\/h2>\n\n\n\n<h2 class=\"wp-block-heading\">Alanya il\u00e7esi Uzun\u00f6z Mahallesi Dim Baraj\u0131 yak\u0131n\u0131ndaki ormanl\u0131k alanda \u00e7\u0131kan yang\u0131n kontrol alt\u0131na al\u0131n\u0131rken, so\u011futma \u00e7al\u0131\u015fmalar\u0131 s\u00fcr\u00fcyor. Yang\u0131n \u00e7\u0131kt\u0131\u011f\u0131 ilk andan itibaren b\u00f6lgede g\u00f6rev yapan Antalya B\u00fcy\u00fck\u015fehir Belediyesi ekipleri so\u011futma \u00e7al\u0131\u015fmalar\u0131na da destek veriyor.<\/h2>\n\n\n\n<p>30 ara\u00e7 ve 70 personel ile Alanya yang\u0131n\u0131n\u0131 s\u00f6nd\u00fcrme \u00e7al\u0131\u015fmalar\u0131na kat\u0131lan Antalya B\u00fcy\u00fck\u015fehir Belediyesi \u0130tfaiyesi, K\u0131rsal Hizmetler <strong>D<\/strong>airesi Ba\u015fkanl\u0131\u011f\u0131 ve ASAT Genel M\u00fcd\u00fcrl\u00fc\u011f\u00fc ekipleri s\u00f6nd\u00fcrme \u00e7al\u0131\u015fmalar\u0131n\u0131n ard\u0131ndan b\u00f6lgede so\u011futma \u00e7al\u0131\u015fmalar\u0131na da kat\u0131l\u0131yor. Yang\u0131n\u0131n kontrol alt\u0131na al\u0131nmas\u0131n\u0131n ard\u0131ndan b\u00f6lgedeki \u00e7al\u0131\u015fmalar\u0131na devam eden B\u00fcy\u00fck\u015fehir Belediyesi ekipleri personel ve ara\u00e7 deste\u011fini s\u00fcrd\u00fcr\u00fcyor. <strong><\/strong><\/p>\n\n\n\n<p>YANAN EVDE \u0130NCELEME<\/p>\n\n\n\n<p>\u00d6te yandan Antalya B\u00fcy\u00fck\u015fehir Belediyesi Sosyal Hizmetler Dairesi Ba\u015fkanl\u0131\u011f\u0131\u2019na ba\u011fl\u0131 ekipler de sahada \u00e7al\u0131\u015fmalar\u0131n\u0131 s\u00fcrd\u00fcr\u00fcyor. Yang\u0131nda evi yanan Baki Ayd\u0131n isimli vatanda\u015fa yard\u0131m elini uzatan ekipler, yanan evde inceleme yaparak ihtiya\u00e7lar\u0131 belirledi. Sosyal Hizmet uzmanlar\u0131n\u0131n yang\u0131n b\u00f6lgesindeki incelemeleri s\u00fcr\u00fcyor.&nbsp; <strong><\/strong><\/p>\n\n\n\n<p>Antalya B\u00fcy\u00fck\u015fehir Belediyesi \/ B\u00fclten<\/p>\n","protected":false},"excerpt":{"rendered":"<p>&nbsp; &nbsp; Alanya il\u00e7esi Uzun\u00f6z Mahallesi Dim Baraj\u0131 yak\u0131n\u0131ndaki ormanl\u0131k alanda \u00e7\u0131kan yang\u0131n kontrol alt\u0131na al\u0131n\u0131rken, so\u011futma \u00e7al\u0131\u015fmalar\u0131 s\u00fcr\u00fcyor. Yang\u0131n \u00e7\u0131kt\u0131\u011f\u0131 ilk andan itibaren b\u00f6lgede <a href=\"https:\/\/akdenizhaber.com.tr\/index.php\/2023\/09\/19\/buyuksehir-ekipleri-sogutma-calismalarinda\/\" class=\"read-more-link\">[more&#8230;]<\/a><\/p>\n","protected":false},"author":2,"featured_media":15857,"comment_status":"open","ping_status":"open","sticky":false,"template":"","format":"standard","meta":{"footnotes":""},"categories":[2],"tags":[],"class_list":["post-15856","post","type-post","status-publish","format-standard","has-post-thumbnail","hentry","category-gundem"],"_links":{"self":[{"href":"https:\/\/akdenizhaber.com.tr\/index.php\/wp-json\/wp\/v2\/posts\/15856","targetHints":{"allow":["GET"]}}],"collection":[{"href":"https:\/\/akdenizhaber.com.tr\/index.php\/wp-json\/wp\/v2\/posts"}],"about":[{"href":"https:\/\/akdenizhaber.com.tr\/index.php\/wp-json\/wp\/v2\/types\/post"}],"author":[{"embeddable":true,"href":"https:\/\/akdenizhaber.com.tr\/index.php\/wp-json\/wp\/v2\/users\/2"}],"replies":[{"embeddable":true,"href":"https:\/\/akdenizhaber.com.tr\/index.php\/wp-json\/wp\/v2\/comments?post=15856"}],"version-history":[{"count":0,"href":"https:\/\/akdenizhaber.com.tr\/index.php\/wp-json\/wp\/v2\/posts\/15856\/revisions"}],"wp:featuredmedia":[{"embeddable":true,"href":"https:\/\/akdenizhaber.com.tr\/index.php\/wp-json\/wp\/v2\/media\/15857"}],"wp:attachment":[{"href":"https:\/\/akdenizhaber.com.tr\/index.php\/wp-json\/wp\/v2\/media?parent=15856"}],"wp:term":[{"taxonomy":"category","embeddable":true,"href":"https:\/\/akdenizhaber.com.tr\/index.php\/wp-json\/wp\/v2\/categories?post=15856"},{"taxonomy":"post_tag","embeddable":true,"href":"https:\/\/akdenizhaber.com.tr\/index.php\/wp-json\/wp\/v2\/tags?post=15856"}],"curies":[{"name":"wp","href":"https:\/\/api.w.org\/{rel}","templated":true}]}}