{"id":15853,"date":"2023-09-19T13:01:49","date_gmt":"2023-09-19T10:01:49","guid":{"rendered":"https:\/\/akdenizhaber.com.tr\/?p=15853"},"modified":"2023-09-19T13:15:43","modified_gmt":"2023-09-19T10:15:43","slug":"sehrini-kesfet-yuruyusu","status":"publish","type":"post","link":"https:\/\/akdenizhaber.com.tr\/index.php\/2023\/09\/19\/sehrini-kesfet-yuruyusu\/","title":{"rendered":"\u00a0\u201c\u015eehrini Ke\u015ffet\u201d y\u00fcr\u00fcy\u00fc\u015f\u00fc"},"content":{"rendered":"\n<p><\/p>\n\n\n\n<p>Antalya\u2019da bu y\u0131l &nbsp;\u201c\u015eehrini Ke\u015ffet\u201d temas\u0131 ve \u201cGelecek Enerjini Koru\u201d slogan\u0131yla 16-22 Eyl\u00fcl tarihleri aras\u0131nda \u00e7e\u015fitli etkinliklerle kutlanacak Avrupa Hareketlilik Haftas\u0131 etkinlikleri ba\u015flad\u0131. Antalya B\u00fcy\u00fck\u015fehir Belediyesi taraf\u0131ndan etkinlikler kapsam\u0131nda Kemer Antik Phaselis \u00d6ren Yeri&#8217;nde \u00f6\u011frencilerin kat\u0131l\u0131m\u0131yla do\u011fa y\u00fcr\u00fcy\u00fc\u015f\u00fc ger\u00e7ekle\u015ftirildi.<\/p>\n\n\n\n<p>Avrupa Komisyonu&#8217;nun s\u00fcrd\u00fcr\u00fclebilir kentsel hareketlilik konusundaki bilin\u00e7lendirme giri\u015fimlerinden olan \u201cAvrupa Hareketlilik Haftas\u0131\u201d kapsam\u0131nda 16-22 Eyl\u00fcl tarihleri aras\u0131nda Antalya B\u00fcy\u00fck\u015fehir Belediyesi taraf\u0131ndan bir dizi etkinlik program\u0131 haz\u0131rland\u0131. Hafta kapsam\u0131nda 17 Eyl\u00fcl Pazar g\u00fcn\u00fc Kemer Phaselis \u00d6ren Yeri&#8217;nde 70&#8217;den fazla \u00f6\u011frencinin kat\u0131l\u0131m\u0131yla \u201c\u015eehrini Ke\u015ffet\u201d y\u00fcr\u00fcy\u00fc\u015f\u00fc d\u00fczenlendi. Y\u00fcr\u00fcy\u00fc\u015fe kat\u0131lan \u00f6\u011frencilere antik kent ile ilgili bilgiler verildi. Deniz kenar\u0131nda a\u011fa\u00e7lar aras\u0131nda kalan antik kentin kal\u0131nt\u0131lar\u0131 aras\u0131nda gezerken kendilerini bamba\u015fka bir d\u00fcnyada hissettiklerini s\u00f6yleyen \u00f6\u011frenciler, antik kente hayran kald\u0131klar\u0131n\u0131 belirterek Antalya B\u00fcy\u00fck\u015fehir Belediyesi\u2019ne etkinlik i\u00e7in te\u015fekk\u00fcr etti.<\/p>\n\n\n\n<p>Antalya B\u00fcy\u00fck\u015fehir Belediyesi \/ B\u00fclten<\/p>\n","protected":false},"excerpt":{"rendered":"<p>Antalya\u2019da bu y\u0131l &nbsp;\u201c\u015eehrini Ke\u015ffet\u201d temas\u0131 ve \u201cGelecek Enerjini Koru\u201d slogan\u0131yla 16-22 Eyl\u00fcl tarihleri aras\u0131nda \u00e7e\u015fitli etkinliklerle kutlanacak Avrupa Hareketlilik Haftas\u0131 etkinlikleri ba\u015flad\u0131. Antalya B\u00fcy\u00fck\u015fehir <a href=\"https:\/\/akdenizhaber.com.tr\/index.php\/2023\/09\/19\/sehrini-kesfet-yuruyusu\/\" class=\"read-more-link\">[more&#8230;]<\/a><\/p>\n","protected":false},"author":2,"featured_media":15854,"comment_status":"open","ping_status":"open","sticky":false,"template":"","format":"standard","meta":{"footnotes":""},"categories":[2],"tags":[],"class_list":["post-15853","post","type-post","status-publish","format-standard","has-post-thumbnail","hentry","category-gundem"],"_links":{"self":[{"href":"https:\/\/akdenizhaber.com.tr\/index.php\/wp-json\/wp\/v2\/posts\/15853","targetHints":{"allow":["GET"]}}],"collection":[{"href":"https:\/\/akdenizhaber.com.tr\/index.php\/wp-json\/wp\/v2\/posts"}],"about":[{"href":"https:\/\/akdenizhaber.com.tr\/index.php\/wp-json\/wp\/v2\/types\/post"}],"author":[{"embeddable":true,"href":"https:\/\/akdenizhaber.com.tr\/index.php\/wp-json\/wp\/v2\/users\/2"}],"replies":[{"embeddable":true,"href":"https:\/\/akdenizhaber.com.tr\/index.php\/wp-json\/wp\/v2\/comments?post=15853"}],"version-history":[{"count":0,"href":"https:\/\/akdenizhaber.com.tr\/index.php\/wp-json\/wp\/v2\/posts\/15853\/revisions"}],"wp:featuredmedia":[{"embeddable":true,"href":"https:\/\/akdenizhaber.com.tr\/index.php\/wp-json\/wp\/v2\/media\/15854"}],"wp:attachment":[{"href":"https:\/\/akdenizhaber.com.tr\/index.php\/wp-json\/wp\/v2\/media?parent=15853"}],"wp:term":[{"taxonomy":"category","embeddable":true,"href":"https:\/\/akdenizhaber.com.tr\/index.php\/wp-json\/wp\/v2\/categories?post=15853"},{"taxonomy":"post_tag","embeddable":true,"href":"https:\/\/akdenizhaber.com.tr\/index.php\/wp-json\/wp\/v2\/tags?post=15853"}],"curies":[{"name":"wp","href":"https:\/\/api.w.org\/{rel}","templated":true}]}}