{"id":15849,"date":"2023-09-18T15:41:29","date_gmt":"2023-09-18T12:41:29","guid":{"rendered":"https:\/\/akdenizhaber.com.tr\/?p=15849"},"modified":"2023-09-18T15:41:30","modified_gmt":"2023-09-18T12:41:30","slug":"ilk-aday-adaylik-aciklamasi-doktor-huseyin-ziyaettinden","status":"publish","type":"post","link":"https:\/\/akdenizhaber.com.tr\/index.php\/2023\/09\/18\/ilk-aday-adaylik-aciklamasi-doktor-huseyin-ziyaettinden\/","title":{"rendered":"\u0130lk Aday adayl\u0131k a\u00e7\u0131klamas\u0131 Doktor H\u00fcseyin Ziyaettin\u2019den"},"content":{"rendered":"\n<p><\/p>\n\n\n\n<p>2024 y\u0131l\u0131 Mart ay\u0131nda yap\u0131lacak yerel se\u00e7imler \u00f6ncesi se\u00e7im \u00e7al\u0131\u015fmalar\u0131 devam ediyor.<\/p>\n\n\n\n<p>Manavgat Belediye Ba\u015fkanl\u0131\u011f\u0131na aday aday\u0131 oldu\u011funu a\u00e7\u0131klayan Kad\u0131n Hastal\u0131klar\u0131 ve Do\u011fum Uzman\u0131 Doktor H\u00fcseyin Ziyaettin Bug\u00fcn Saat 17.00\u2019de \u0130yi Parti Manavgat \u0130l\u00e7e ba\u015fkanl\u0131\u011f\u0131nda Belediye ba\u015fkan aday adayl\u0131\u011f\u0131n\u0131 a\u00e7\u0131klayacak.<\/p>\n\n\n\n<p>\u0130l\u00e7emizin sevilen ve say\u0131lan renkli ki\u015fili\u011fi ile her zaman \u00f6n planda olan sosyal aktiviteleri ile ismini duyuran Kad\u0131n Hastal\u0131klar\u0131 ve Do\u011fum Uzman\u0131 Doktor H\u00fcseyin Ziyaettin aday adayl\u0131\u011f\u0131 a\u00e7\u0131klamas\u0131na herkesi davet etti\u011fini ifade ederek \u015f\u00f6yle konu\u015ftu;<\/p>\n\n\n\n<p>\u201cHepinizi, 19 Eyl\u00fcl Sal\u0131 saat 17:00 \u0130l\u00e7e Te\u015fkilat\u0131nda Manavgat Belediye Ba\u015fkan aday adayl\u0131\u011f\u0131md , a\u00e7\u0131klayaca\u011f\u0131m Manavgat\u0131m\u0131z\u0131n re\u00e7etesini dinlemeye davet ediyorum.Manavgatizm Manifestosu\u2019nu ve de Belediye Ba\u015fkan Aday Adayl\u0131\u011f\u0131m\u0131 \u0130Y\u0130 Parti \u0130l\u00e7e Te\u015fkilat\u0131\u2019nda ,19 Eyl\u00fcl Sal\u0131 Saat 17\u201d00 de a\u00e7\u0131klayaca\u011f\u0131m..Daha g\u00fczel bir \u015fehirde ya\u015famak hayali kuran herkesi beklerim\u201d dedi.<\/p>\n\n\n\n<p>(Haber Merkezi)<\/p>\n","protected":false},"excerpt":{"rendered":"<p>2024 y\u0131l\u0131 Mart ay\u0131nda yap\u0131lacak yerel se\u00e7imler \u00f6ncesi se\u00e7im \u00e7al\u0131\u015fmalar\u0131 devam ediyor. Manavgat Belediye Ba\u015fkanl\u0131\u011f\u0131na aday aday\u0131 oldu\u011funu a\u00e7\u0131klayan Kad\u0131n Hastal\u0131klar\u0131 ve Do\u011fum Uzman\u0131 Doktor <a href=\"https:\/\/akdenizhaber.com.tr\/index.php\/2023\/09\/18\/ilk-aday-adaylik-aciklamasi-doktor-huseyin-ziyaettinden\/\" class=\"read-more-link\">[more&#8230;]<\/a><\/p>\n","protected":false},"author":2,"featured_media":15850,"comment_status":"open","ping_status":"open","sticky":false,"template":"","format":"standard","meta":{"footnotes":""},"categories":[2],"tags":[],"class_list":["post-15849","post","type-post","status-publish","format-standard","has-post-thumbnail","hentry","category-gundem"],"_links":{"self":[{"href":"https:\/\/akdenizhaber.com.tr\/index.php\/wp-json\/wp\/v2\/posts\/15849","targetHints":{"allow":["GET"]}}],"collection":[{"href":"https:\/\/akdenizhaber.com.tr\/index.php\/wp-json\/wp\/v2\/posts"}],"about":[{"href":"https:\/\/akdenizhaber.com.tr\/index.php\/wp-json\/wp\/v2\/types\/post"}],"author":[{"embeddable":true,"href":"https:\/\/akdenizhaber.com.tr\/index.php\/wp-json\/wp\/v2\/users\/2"}],"replies":[{"embeddable":true,"href":"https:\/\/akdenizhaber.com.tr\/index.php\/wp-json\/wp\/v2\/comments?post=15849"}],"version-history":[{"count":0,"href":"https:\/\/akdenizhaber.com.tr\/index.php\/wp-json\/wp\/v2\/posts\/15849\/revisions"}],"wp:featuredmedia":[{"embeddable":true,"href":"https:\/\/akdenizhaber.com.tr\/index.php\/wp-json\/wp\/v2\/media\/15850"}],"wp:attachment":[{"href":"https:\/\/akdenizhaber.com.tr\/index.php\/wp-json\/wp\/v2\/media?parent=15849"}],"wp:term":[{"taxonomy":"category","embeddable":true,"href":"https:\/\/akdenizhaber.com.tr\/index.php\/wp-json\/wp\/v2\/categories?post=15849"},{"taxonomy":"post_tag","embeddable":true,"href":"https:\/\/akdenizhaber.com.tr\/index.php\/wp-json\/wp\/v2\/tags?post=15849"}],"curies":[{"name":"wp","href":"https:\/\/api.w.org\/{rel}","templated":true}]}}