{"id":15846,"date":"2023-09-18T15:40:50","date_gmt":"2023-09-18T12:40:50","guid":{"rendered":"https:\/\/akdenizhaber.com.tr\/?p=15846"},"modified":"2023-09-18T15:40:51","modified_gmt":"2023-09-18T12:40:51","slug":"19-eylul-gaziler-gunu-kutlu-olsun","status":"publish","type":"post","link":"https:\/\/akdenizhaber.com.tr\/index.php\/2023\/09\/18\/19-eylul-gaziler-gunu-kutlu-olsun\/","title":{"rendered":"19 Eyl\u00fcl Gaziler G\u00fcn\u00fc Kutlu Olsun!"},"content":{"rendered":"\n<p><\/p>\n\n\n\n<p>Gaziler g\u00fcn\u00fc bug\u00fcn t\u00fcm yurtta oldu\u011fu gibi il\u00e7emizde de \u00e7e\u015fitli etkinliklerle kutlanacak.<\/p>\n\n\n\n<p>Manavgat kaymakaml\u0131\u011f\u0131nca haz\u0131rlanan kutlama program\u0131 sabah Saat 10.00\u2019da Cumhuriyet meydan\u0131nda Atat\u00fcrk an\u0131t\u0131na \u00e7elenk konulmas\u0131 ile ba\u015flayacak ard\u0131ndan sayg\u0131 duru\u015fu ve \u0130stiklal mar\u015f\u0131m\u0131z okunacak, g\u00fcn\u00fcn anlam\u0131n\u0131 dile getiren konu\u015fmalar, \u015fiirler ve Gazimizin konu\u015fmas\u0131 ile kutlama t\u00f6reni sona erecek.<\/p>\n\n\n\n<p>Manavgat Kaymakam\u0131 Adil Karaka\u015f, Gaziler g\u00fcn\u00fcn\u00fcn kutlu olmas\u0131 dilekleriyle \u015f\u00f6yle konu\u015ftu;<\/p>\n\n\n\n<p>&nbsp;\u201cT\u00fcrkiye B\u00fcy\u00fck Millet Meclisimiz taraf\u0131ndan 19 Eyl\u00fcl 1921 tarihinde, Cumhuriyetimizin Kurucusu, Ulu \u00d6nder Mustafa Kemal Atat\u00fcrk\u2019e Gazilik Unvan\u0131 ve Mare\u015fal R\u00fctbesinin verili\u015finin y\u0131l d\u00f6n\u00fcm\u00fcn\u00fc ve \u201c19 Eyl\u00fcl Gaziler G\u00fcn\u00fc\u201dn\u00fc kar\u015f\u0131laman\u0131n sevincini ya\u015famaktay\u0131z.<\/p>\n\n\n\n<p>Vatan\u0131m\u0131z i\u00e7in her daim canlar\u0131 feda etmeye haz\u0131r olan ve bu u\u011furda Gazilik r\u00fctbesine eren vatanda\u015flar\u0131m\u0131z, vatan\u0131m\u0131z\u0131n b\u00f6l\u00fcnmez b\u00fct\u00fcnl\u00fc\u011f\u00fcn en b\u00fcy\u00fck savunucular\u0131ndand\u0131r. Birlik ve beraberli\u011fimizin simgelerinden olan Gazilerimiz, d\u00fcn oldu\u011fu gibi bug\u00fcn de yine \u015eehitlerimiz ile birlikte Milletimizin g\u00f6nl\u00fcnde en y\u00fcce makamlara sahiplerdir.<\/p>\n\n\n\n<p>T\u00fcm bu duygu ve d\u00fc\u015f\u00fcncelerle t\u00fcm \u015eehitlerimizi ve ebediyete irtihal eden t\u00fcm Gazilerimizi rahmet ve minnetle an\u0131yor, hayatta olan Gazilerimize sayg\u0131lar\u0131m\u0131 sunuyor, \u201c19 Eyl\u00fcl Gaziler G\u00fcn\u00fc\u201dn\u00fc tebrik ediyorum.\u201d<\/p>\n\n\n\n<p>(Haber Merkezi)<\/p>\n","protected":false},"excerpt":{"rendered":"<p>Gaziler g\u00fcn\u00fc bug\u00fcn t\u00fcm yurtta oldu\u011fu gibi il\u00e7emizde de \u00e7e\u015fitli etkinliklerle kutlanacak. Manavgat kaymakaml\u0131\u011f\u0131nca haz\u0131rlanan kutlama program\u0131 sabah Saat 10.00\u2019da Cumhuriyet meydan\u0131nda Atat\u00fcrk an\u0131t\u0131na \u00e7elenk <a href=\"https:\/\/akdenizhaber.com.tr\/index.php\/2023\/09\/18\/19-eylul-gaziler-gunu-kutlu-olsun\/\" class=\"read-more-link\">[more&#8230;]<\/a><\/p>\n","protected":false},"author":2,"featured_media":15847,"comment_status":"open","ping_status":"open","sticky":false,"template":"","format":"standard","meta":{"footnotes":""},"categories":[2],"tags":[],"class_list":["post-15846","post","type-post","status-publish","format-standard","has-post-thumbnail","hentry","category-gundem"],"_links":{"self":[{"href":"https:\/\/akdenizhaber.com.tr\/index.php\/wp-json\/wp\/v2\/posts\/15846","targetHints":{"allow":["GET"]}}],"collection":[{"href":"https:\/\/akdenizhaber.com.tr\/index.php\/wp-json\/wp\/v2\/posts"}],"about":[{"href":"https:\/\/akdenizhaber.com.tr\/index.php\/wp-json\/wp\/v2\/types\/post"}],"author":[{"embeddable":true,"href":"https:\/\/akdenizhaber.com.tr\/index.php\/wp-json\/wp\/v2\/users\/2"}],"replies":[{"embeddable":true,"href":"https:\/\/akdenizhaber.com.tr\/index.php\/wp-json\/wp\/v2\/comments?post=15846"}],"version-history":[{"count":0,"href":"https:\/\/akdenizhaber.com.tr\/index.php\/wp-json\/wp\/v2\/posts\/15846\/revisions"}],"wp:featuredmedia":[{"embeddable":true,"href":"https:\/\/akdenizhaber.com.tr\/index.php\/wp-json\/wp\/v2\/media\/15847"}],"wp:attachment":[{"href":"https:\/\/akdenizhaber.com.tr\/index.php\/wp-json\/wp\/v2\/media?parent=15846"}],"wp:term":[{"taxonomy":"category","embeddable":true,"href":"https:\/\/akdenizhaber.com.tr\/index.php\/wp-json\/wp\/v2\/categories?post=15846"},{"taxonomy":"post_tag","embeddable":true,"href":"https:\/\/akdenizhaber.com.tr\/index.php\/wp-json\/wp\/v2\/tags?post=15846"}],"curies":[{"name":"wp","href":"https:\/\/api.w.org\/{rel}","templated":true}]}}