{"id":15837,"date":"2023-09-18T15:37:39","date_gmt":"2023-09-18T12:37:39","guid":{"rendered":"https:\/\/akdenizhaber.com.tr\/?p=15837"},"modified":"2023-09-18T15:37:39","modified_gmt":"2023-09-18T12:37:39","slug":"buyuksehir-ekipleri-alanya-yangininda","status":"publish","type":"post","link":"https:\/\/akdenizhaber.com.tr\/index.php\/2023\/09\/18\/buyuksehir-ekipleri-alanya-yangininda\/","title":{"rendered":"B\u00fcy\u00fck\u015fehir ekipleri Alanya yang\u0131n\u0131nda"},"content":{"rendered":"\n<h2 class=\"wp-block-heading\">&nbsp;<\/h2>\n\n\n\n<h2 class=\"wp-block-heading\"><\/h2>\n\n\n\n<h2 class=\"wp-block-heading\">&nbsp;<\/h2>\n\n\n\n<h2 class=\"wp-block-heading\">Alanya il\u00e7esi Uzun\u00f6z Mahallesi Dim Baraj\u0131 yak\u0131n\u0131ndaki ormanl\u0131k alanda \u00e7\u0131kan yang\u0131n\u0131 s\u00f6nd\u00fcrme \u00e7al\u0131\u015fmalar\u0131na Antalya B\u00fcy\u00fck\u015fehir Belediyesi 30 ara\u00e7, 70 personel ile destek veriyor. B\u00fcy\u00fck\u015fehir Belediye Ba\u015fkan\u0131 Muhittin B\u00f6cek, Alanya halk\u0131na ge\u00e7mi\u015f olsun dileklerini iletirken, B\u00fcy\u00fck\u015fehir Belediyesi\u2019nin t\u00fcm personel, ara\u00e7 ve ekipmanlar\u0131yla \u00e7al\u0131\u015fmalara destek vermeye haz\u0131r oldu\u011funu s\u00f6yledi.<\/h2>\n\n\n\n<h2 class=\"wp-block-heading\">Alanya\u2019da yerle\u015fim yerlerine yak\u0131n b\u00f6lgede \u00e7\u0131kan ve r\u00fczgar\u0131n etkisiyle yay\u0131lan yang\u0131na havadan ve karadan m\u00fcdahale edilirken, Antalya B\u00fcy\u00fck\u015fehir Belediyesi \u0130tfaiyesi de s\u00f6nd\u00fcrme \u00e7al\u0131\u015fmalar\u0131na destek veriyor.<\/h2>\n\n\n\n<h2 class=\"wp-block-heading\">B\u00dcY\u00dcK\u015eEH\u0130R EK\u0130PLER\u0130 \u0130\u015e BA\u015eINDA<\/h2>\n\n\n\n<h2 class=\"wp-block-heading\">Yang\u0131n\u0131n \u00e7\u0131kt\u0131\u011f\u0131 ilk andan itibaren b\u00f6lgeye sevk edilen B\u00fcy\u00fck\u015fehir ekipleri \u00e7al\u0131\u015fmalara yo\u011fun \u015fekilde destek veriyor. Antalya B\u00fcy\u00fck\u015fehir Belediyesi \u0130tfaiyesi 17 ara\u00e7 ve 45 personel ile s\u00f6nd\u00fcrme \u00e7al\u0131\u015fmalar\u0131nda g\u00f6rev al\u0131yor. Antalya B\u00fcy\u00fck\u015fehir Belediyesi K\u0131rsal Hizmetler Dairesi Ba\u015fkanl\u0131\u011f\u0131\u2019na ba\u011fl\u0131 4 i\u015f makinesi yang\u0131n b\u00f6lgesinde g\u00f6rev yap\u0131yor. K\u0131rsal Hizmetler ekipleri 1 kep\u00e7e, 1 greyder, 1 lider ve 1 servis arac\u0131 ile yerle\u015fim b\u00f6lgesinin \u00e7evresinde yang\u0131n \u015feridi a\u00e7\u0131yor.ASAT Genel M\u00fcd\u00fcrl\u00fc\u011f\u00fc de 4\u2019\u00fc araz\u00f6z 8 ara\u00e7 ile g\u00f6rev yap\u0131yor. Antalya B\u00fcy\u00fck\u015fehir Belediyesi \u0130tfaiyesi\u2019ne ait il\u00e7e ekipleri de yang\u0131na m\u00fcdahale \u00e7al\u0131\u015fmalar\u0131na destek vermek \u00fczere haz\u0131r bekliyor.<\/h2>\n\n\n\n<h2 class=\"wp-block-heading\">\u0130L\u00c7E EK\u0130PLER\u0130 HAZIR BEKL\u0130YOR<br>Alanya halk\u0131na ge\u00e7mi\u015f olsun dileklerini ileten Antalya B\u00fcy\u00fck\u015fehir Belediye Ba\u015fkan\u0131 Muhittin B\u00f6cek, \u201cYang\u0131n\u0131n ard\u0131ndan itfaiye ekiplerimiz ba\u015fta olmak \u00fczere i\u015f makineleri ve araz\u00f6zlerimiz ile \u00e7al\u0131\u015fmalara destek veriyoruz. \u0130htiya\u00e7 olmamas\u0131n\u0131 \u00fcmit ederek yang\u0131n\u0131n b\u00fcy\u00fcme ihtimaline kar\u015f\u0131 il\u00e7elerde bulunan ara\u00e7 ve ekipmanlar\u0131m\u0131zla yang\u0131n s\u00f6nd\u00fcrme \u00e7al\u0131\u015fmalar\u0131na kat\u0131lmak \u00fczere haz\u0131r bekliyoruz\u201d dedi.<\/h2>\n\n\n\n<h2 class=\"wp-block-heading\">Antalya B\u00fcy\u00fck\u015fehir Belediyesi \/ B\u00fclten<\/h2>\n","protected":false},"excerpt":{"rendered":"<p>&nbsp; &nbsp; Alanya il\u00e7esi Uzun\u00f6z Mahallesi Dim Baraj\u0131 yak\u0131n\u0131ndaki ormanl\u0131k alanda \u00e7\u0131kan yang\u0131n\u0131 s\u00f6nd\u00fcrme \u00e7al\u0131\u015fmalar\u0131na Antalya B\u00fcy\u00fck\u015fehir Belediyesi 30 ara\u00e7, 70 personel ile destek veriyor. <a href=\"https:\/\/akdenizhaber.com.tr\/index.php\/2023\/09\/18\/buyuksehir-ekipleri-alanya-yangininda\/\" class=\"read-more-link\">[more&#8230;]<\/a><\/p>\n","protected":false},"author":2,"featured_media":15838,"comment_status":"open","ping_status":"open","sticky":false,"template":"","format":"standard","meta":{"footnotes":""},"categories":[2],"tags":[],"class_list":["post-15837","post","type-post","status-publish","format-standard","has-post-thumbnail","hentry","category-gundem"],"_links":{"self":[{"href":"https:\/\/akdenizhaber.com.tr\/index.php\/wp-json\/wp\/v2\/posts\/15837","targetHints":{"allow":["GET"]}}],"collection":[{"href":"https:\/\/akdenizhaber.com.tr\/index.php\/wp-json\/wp\/v2\/posts"}],"about":[{"href":"https:\/\/akdenizhaber.com.tr\/index.php\/wp-json\/wp\/v2\/types\/post"}],"author":[{"embeddable":true,"href":"https:\/\/akdenizhaber.com.tr\/index.php\/wp-json\/wp\/v2\/users\/2"}],"replies":[{"embeddable":true,"href":"https:\/\/akdenizhaber.com.tr\/index.php\/wp-json\/wp\/v2\/comments?post=15837"}],"version-history":[{"count":0,"href":"https:\/\/akdenizhaber.com.tr\/index.php\/wp-json\/wp\/v2\/posts\/15837\/revisions"}],"wp:featuredmedia":[{"embeddable":true,"href":"https:\/\/akdenizhaber.com.tr\/index.php\/wp-json\/wp\/v2\/media\/15838"}],"wp:attachment":[{"href":"https:\/\/akdenizhaber.com.tr\/index.php\/wp-json\/wp\/v2\/media?parent=15837"}],"wp:term":[{"taxonomy":"category","embeddable":true,"href":"https:\/\/akdenizhaber.com.tr\/index.php\/wp-json\/wp\/v2\/categories?post=15837"},{"taxonomy":"post_tag","embeddable":true,"href":"https:\/\/akdenizhaber.com.tr\/index.php\/wp-json\/wp\/v2\/tags?post=15837"}],"curies":[{"name":"wp","href":"https:\/\/api.w.org\/{rel}","templated":true}]}}