{"id":15834,"date":"2023-09-18T15:36:58","date_gmt":"2023-09-18T12:36:58","guid":{"rendered":"https:\/\/akdenizhaber.com.tr\/?p=15834"},"modified":"2023-09-18T15:36:59","modified_gmt":"2023-09-18T12:36:59","slug":"dokumapark-sehrin-yasam-merkezi","status":"publish","type":"post","link":"https:\/\/akdenizhaber.com.tr\/index.php\/2023\/09\/18\/dokumapark-sehrin-yasam-merkezi\/","title":{"rendered":"DokumaPark, \u015fehrin ya\u015fam merkezi"},"content":{"rendered":"\n<p><\/p>\n\n\n\n<p>Kepez Belediyesi, \u015fehrin iki sanayi miras\u0131n\u0131, d\u00f6rt k\u00fct\u00fcphane yat\u0131r\u0131m\u0131yla bilgi fabrikas\u0131na d\u00f6n\u00fc\u015ft\u00fcrd\u00fc.<\/p>\n\n\n\n<p>Dokuma \u0130plik Fabrikas\u0131 ve MKE Antalya Pil Fabrikas\u0131, \u00fcretimi ve istihdam\u0131yla hem Antalya\u2019ya hem de \u00fclke ekonomisine ciddi bir katk\u0131lar sa\u011flam\u0131\u015ft\u0131.<br>Dokuma Semti\u2019nin kar\u015f\u0131s\u0131nda, Nam\u0131k Kemal Bulvar\u0131\u2019ndaki iki kom\u015fu fabrika, 1990\u2019larda zarar ediyor gerek\u00e7esiyle kapat\u0131lm\u0131\u015ft\u0131. &nbsp;\u015eehrin tam kalbinde,&nbsp; at\u0131l halde kalan bu iki end\u00fcstriyel miras, uzun y\u0131llar kaderinin ne olaca\u011f\u0131 beklemi\u015fti. Kepez Belediyesine, tahsisleri yap\u0131l\u0131nca \u015fehrin bu iki de\u011ferli arazisinin nas\u0131l de\u011ferlendirece\u011fi sorusu da cevab\u0131n\u0131 buldu.<\/p>\n\n\n\n<p><strong>DokumaPark, \u015fehrin ya\u015fam merkezi<br><\/strong>Kepez Belediye Ba\u015fkan\u0131 Hakan T\u00fct\u00fcnc\u00fc, ilk olarak Koruma Kurulu ve imar kararlar\u0131yla binalar\u0131n\u0131 ve ye\u015fil alanlar\u0131n\u0131 koruma alt\u0131na ald\u0131rd\u0131\u011f\u0131 Dokuma \u0130plik Fabrikas\u0131\u2019n\u0131, \u2018DokumaPark\u2019 projesiyle \u015fehrin hizmetine a\u00e7t\u0131. DokumaPark; m\u00fczeleri, bilim merkezi, sanat galerisi, festival alan\u0131, k\u00fclt\u00fcrel objeleri, sahaf \u00e7ar\u015f\u0131s\u0131, sanat soka\u011f\u0131, k\u00fct\u00fcphaneleri, nostalji treni, Botanik Bah\u00e7esi, Ye\u015fil\u00e7am Soka\u011f\u0131 ve ye\u015fil alanlar\u0131yla adeta \u015fehrin sosyal ya\u015fam merkezi oldu.<\/p>\n\n\n\n<p><strong>Dokuma\u2019ya koruma kalkan\u0131<br><\/strong>Ba\u015fkan Hakan T\u00fct\u00fcnc\u00fc, Dokuma Fabrikas\u0131 alan\u0131na uygulad\u0131\u011f\u0131 tarifeyi kom\u015fu parseldeki eski MKE Antalya Pil Fabrikas\u0131\u2019nda da ger\u00e7ekle\u015ftiriyor. &nbsp;\u00c7evre, \u015eehircilik ve \u0130klim De\u011fi\u015fikli\u011fi Bakanl\u0131\u011f\u0131n\u0131n olur yaz\u0131s\u0131yla 132 d\u00f6n\u00fcm arazi \u00fczerine kurulan pil fabrikas\u0131 yerle\u015fkesi, Kepez Belediyesine tahsis edilmi\u015fti.<br>Fabrika yerle\u015fkesinin tescillenen yap\u0131lar\u0131 sosyal, k\u00fclt\u00fcrel, sanatsal ve sportif ama\u00e7larla yeniden i\u015flevlendirilmesi planlan\u0131yor.&nbsp;&nbsp; Fabrika yerle\u015fkesinin mevcut ye\u015fil alanlar\u0131n\u0131 da korunarak, bitki dokusu zenginle\u015ftirilerek \u00e7evreci ve ye\u015fil bir projeyle \u015fehir hayat\u0131na kazand\u0131r\u0131lmas\u0131 hedefleniyor.<\/p>\n\n\n\n<p><strong>DokumaPark\u2019a \u00fc\u00e7 k\u00fct\u00fcphane<br><\/strong>Ba\u015fkan T\u00fct\u00fcnc\u00fc\u2019n\u00fcn iki fabrika yerle\u015fkesinde ger\u00e7ekle\u015ftirdi\u011fi \u00f6nemli projelerden bir tanesi k\u00fct\u00fcphane oldu. 22 k\u00fct\u00fcphaneyi yat\u0131r\u0131m program\u0131na alan T\u00fct\u00fcnc\u00fc, bu k\u00fct\u00fcphanelerin d\u00f6rd\u00fcn\u00fc fabrika yerle\u015fkesine kazand\u0131rd\u0131. Dokuma \u0130plik Fabrikas\u0131\u2019n\u0131n,900 metrekare b\u00fcy\u00fckl\u00fc\u011f\u00fcndeki ana trafo binas\u0131, restore edilerek ve g\u00fc\u00e7lendirilerek k\u00fct\u00fcphaneye d\u00f6n\u00fc\u015ft\u00fcr\u00fcld\u00fc. 7 g\u00fcn 24 saat a\u00e7\u0131k olan k\u00fct\u00fcphaneye de \u00fcnl\u00fc yazar, \u00e7evirmen ve d\u00fc\u015f\u00fcn\u00fcr Cemil Meri\u00e7&#8217;in ismi verildi. &nbsp;Burada k\u00fct\u00fcphane mi olur, itiraz\u0131n\u0131n yap\u0131ld\u0131\u011f\u0131 Cemil Meri\u00e7 K\u00fct\u00fcphanesi\u2019nde a\u00e7\u0131ld\u0131ktan sonra adeta ziyaret\u00e7i patlamas\u0131 ya\u015fand\u0131. K\u00fct\u00fcphane, zengin kitap koleksiyonu ve ders \u00e7al\u0131\u015fma ortam\u0131yla her g\u00fcn y\u00fczlerce ki\u015fiyi bilgi ve \u00f6\u011frenmeyle bulu\u015fturuyor. Zeytin a\u011fa\u00e7lar\u0131n\u0131n bulundu\u011fu yemye\u015fil bir bah\u00e7enin i\u00e7erisinde yer alan k\u00fct\u00fcphane, \u00f6\u011frencilere ders \u00e7al\u0131\u015fma ortam\u0131 da sunuyor.<\/p>\n\n\n\n<p><strong>\u00c7ocuklara iki k\u00fct\u00fcphane<br><\/strong>Dokumapark\u2019ta, tren k\u00fct\u00fcphanenin hemen yan\u0131 ba\u015f\u0131na Anadolu \u015fehirlerindeki eski gar mimarisinde \u00e7ocuk k\u00fct\u00fcphanesi de yap\u0131ld\u0131. Dokuma Fabrikas\u0131\u2019n\u0131n yap\u0131m\u0131nda eme\u011fi olan eski milletvekili ve belediye ba\u015fkan\u0131 Dr Burhanettin Onat\u2019\u0131n ismi de bu \u00e7ocuk k\u00fct\u00fcphanesinde ya\u015fat\u0131l\u0131yor.<br>Yine Dokumapark\u2019ta 1500 metre kare alan \u00fczerine Orman K\u00fct\u00fcphanesi kuruldu. A\u00e7\u0131k hava okuma alanlar\u0131, do\u011fal a\u011fa\u00e7lardan imal edilen a\u00e7\u0131k hava kitapl\u0131klar\u0131n\u0131n, masalar\u0131n ve a\u011fa\u00e7 evlerin bulundu\u011fu Orman K\u00fct\u00fcphanesini \u00e7ocuklar \u00e7ok sevdi.<\/p>\n\n\n\n<p><strong>Pil Fabrikas\u0131\u2019na Dokuma tarifesi<br><\/strong>Dokuma Fabrikas\u0131\u2019n\u0131n trafo binas\u0131n\u0131 k\u00fct\u00fcphaneye d\u00f6n\u00fc\u015ft\u00fcren T\u00fct\u00fcnc\u00fc, \u015fehrin kullan\u0131m\u0131na a\u00e7aca\u011f\u0131 eski Pil Fabrikas\u0131\u2019n\u0131n sosyal tesis yap\u0131s\u0131na k\u00fct\u00fcphane kimli\u011fi kazand\u0131r\u0131yor.<br>\u0130hale s\u00fcrecinin tamamlanmas\u0131ndan sonra 870 metrekare kullan\u0131m alan\u0131 olan yap\u0131n\u0131n k\u00fct\u00fcphaneye d\u00f6n\u00fc\u015ft\u00fcr\u00fclmesi \u00e7al\u0131\u015fmalar\u0131 ba\u015flad\u0131. Y\u00fcklenici, firma mimari yap\u0131s\u0131n\u0131 koruyarak binay\u0131, k\u00fct\u00fcphaneye d\u00f6n\u00fc\u015ft\u00fcr\u00fcyor. Cemil Meri\u00e7 K\u00fct\u00fcphanesi gibi b\u00fcy\u00fck ilgi g\u00f6rmesi beklenen bu yeni e\u011fitim tesisi, Kepez il\u00e7esinin 22\u2019inci k\u00fct\u00fcphanesi olacak. \u00d6\u011frencileri, bilgiyle, \u00f6\u011frenmeyle ve ders \u00e7al\u0131\u015fma ortam\u0131yla bulu\u015fturacak olan k\u00fct\u00fcphanenin yeni y\u0131lda kap\u0131lar\u0131n\u0131 a\u00e7mas\u0131 bekleniyor.<\/p>\n\n\n\n<p><strong>Necmeddin Erbakan\u2019a vefa<br><\/strong>K\u00fct\u00fcphanenin isim tabelas\u0131nda ise MKE Antalya Pil Fabrikas\u0131\u2019n\u0131n yap\u0131m\u0131nda katk\u0131s\u0131 olan eski ba\u015fbakanlardan merhum Prof. Dr, Necmeddin Erbakan\u2019\u0131n ismi yazacak. Belediye meclisi karar\u0131yla k\u00fct\u00fcphanenin ismi \u2018Necmeddin Erbakan\u2019 oldu. MKE Antalya Pil Fabrikas\u0131, T\u00fcrk Silahl\u0131 Kuvvetleri\u2019nin ihtiyac\u0131 olan \u00e7e\u015fitli pil ve bataryalar\u0131 \u00fcretmek amac\u0131yla kurulmu\u015ftu.&nbsp; Antalya Pil Fabrikas\u0131\u2019n\u0131n in\u015faat\u0131 \u015eubat 1972 tarihinde ba\u015flad\u0131. Binalar\u0131n in\u015faat\u0131 ve makinelerin montaj\u0131 1974 tarihinde tamamland\u0131. Fabrika, 1. Milliyet\u00e7i Cephe H\u00fck\u00fcmetinin Milli Selamet Partili (MSP) Sanayi ve Teknoloji Bakan\u0131 Abd\u00fclkerim Do\u011fru taraf\u0131ndan Temmuz 1975\u2019te t\u00f6renle a\u00e7\u0131ld\u0131. 1. Milliyet\u00e7i Cephe H\u00fck\u00fcmeti\u2019nde, MSP Genel Ba\u015fkan\u0131 Necmeddin Erbakan Ba\u015fbakan Yard\u0131mc\u0131s\u0131yd\u0131. Erbakan\u2019\u0131n, fabrikan\u0131n kurulu\u015funda eme\u011fi de b\u00fcy\u00fckt\u00fc.&nbsp; Bu eme\u011fe h\u00fcrmeten Pil Fabrikas\u0131\u2019ndaki k\u00fct\u00fcphaneye Necmeddin Erbakan ismi verildi. Eskiden tekstil, batarya ve pil \u00fcreten Antalya\u2019n\u0131n sanayi tesisleri, g\u00fcn\u00fcm\u00fczde k\u00fct\u00fcphane projeleriyle \u00fclkenin gelece\u011fine y\u00f6n verecek olan \u00f6\u011frenciler i\u00e7in bilgi \u00fcreten fabrikalara d\u00f6n\u00fc\u015ft\u00fc.<\/p>\n\n\n\n<p>Kepez Belediyesi \/ B\u00fclten<\/p>\n","protected":false},"excerpt":{"rendered":"<p>Kepez Belediyesi, \u015fehrin iki sanayi miras\u0131n\u0131, d\u00f6rt k\u00fct\u00fcphane yat\u0131r\u0131m\u0131yla bilgi fabrikas\u0131na d\u00f6n\u00fc\u015ft\u00fcrd\u00fc. Dokuma \u0130plik Fabrikas\u0131 ve MKE Antalya Pil Fabrikas\u0131, \u00fcretimi ve istihdam\u0131yla hem Antalya\u2019ya <a href=\"https:\/\/akdenizhaber.com.tr\/index.php\/2023\/09\/18\/dokumapark-sehrin-yasam-merkezi\/\" class=\"read-more-link\">[more&#8230;]<\/a><\/p>\n","protected":false},"author":2,"featured_media":15835,"comment_status":"open","ping_status":"open","sticky":false,"template":"","format":"standard","meta":{"footnotes":""},"categories":[2],"tags":[],"class_list":["post-15834","post","type-post","status-publish","format-standard","has-post-thumbnail","hentry","category-gundem"],"_links":{"self":[{"href":"https:\/\/akdenizhaber.com.tr\/index.php\/wp-json\/wp\/v2\/posts\/15834","targetHints":{"allow":["GET"]}}],"collection":[{"href":"https:\/\/akdenizhaber.com.tr\/index.php\/wp-json\/wp\/v2\/posts"}],"about":[{"href":"https:\/\/akdenizhaber.com.tr\/index.php\/wp-json\/wp\/v2\/types\/post"}],"author":[{"embeddable":true,"href":"https:\/\/akdenizhaber.com.tr\/index.php\/wp-json\/wp\/v2\/users\/2"}],"replies":[{"embeddable":true,"href":"https:\/\/akdenizhaber.com.tr\/index.php\/wp-json\/wp\/v2\/comments?post=15834"}],"version-history":[{"count":0,"href":"https:\/\/akdenizhaber.com.tr\/index.php\/wp-json\/wp\/v2\/posts\/15834\/revisions"}],"wp:featuredmedia":[{"embeddable":true,"href":"https:\/\/akdenizhaber.com.tr\/index.php\/wp-json\/wp\/v2\/media\/15835"}],"wp:attachment":[{"href":"https:\/\/akdenizhaber.com.tr\/index.php\/wp-json\/wp\/v2\/media?parent=15834"}],"wp:term":[{"taxonomy":"category","embeddable":true,"href":"https:\/\/akdenizhaber.com.tr\/index.php\/wp-json\/wp\/v2\/categories?post=15834"},{"taxonomy":"post_tag","embeddable":true,"href":"https:\/\/akdenizhaber.com.tr\/index.php\/wp-json\/wp\/v2\/tags?post=15834"}],"curies":[{"name":"wp","href":"https:\/\/api.w.org\/{rel}","templated":true}]}}