{"id":15831,"date":"2023-09-18T15:36:25","date_gmt":"2023-09-18T12:36:25","guid":{"rendered":"https:\/\/akdenizhaber.com.tr\/?p=15831"},"modified":"2023-09-18T15:36:25","modified_gmt":"2023-09-18T12:36:25","slug":"ne-yedigimizin-farkinda-misiniz","status":"publish","type":"post","link":"https:\/\/akdenizhaber.com.tr\/index.php\/2023\/09\/18\/ne-yedigimizin-farkinda-misiniz\/","title":{"rendered":"Ne yedi\u011fimizin fark\u0131nda m\u0131s\u0131n\u0131z?"},"content":{"rendered":"\n<p><\/p>\n\n\n\n<p><strong>Antalya Muratpa\u015fa Belediyesi\u2019nin \u2018Bah\u00e7ede Ya\u015fam Var\u2019 etkinliklerinin ikincisinde \u201cNe yedi\u011fimizin fark\u0131nda m\u0131s\u0131n\u0131z?\u201d sorusuna cevap aranacak. G\u0131da m\u00fchendisi \u00d6zlem Demir\u2019in s\u00f6yle\u015fisi, 20 Eyl\u00fcl \u00c7ar\u015famba, saat 10.00\u2019da \u0130klim De\u011fi\u015fikli\u011fi ve S\u0131f\u0131r At\u0131k M\u00fcd\u00fcrl\u00fc\u011f\u00fc\u2019n\u00fcn ye\u015fillikler i\u00e7indeki bah\u00e7esinde ger\u00e7ekle\u015fecek.<\/strong><\/p>\n\n\n\n<p>Muratpa\u015fa Belediyesi\u2019nin iklim krizi, g\u0131da, t\u00fcketim al\u0131\u015fkanl\u0131klar\u0131 konular\u0131nda s\u00f6yle\u015fi ve at\u00f6lye \u00e7al\u0131\u015fmalar\u0131 devam ediyor. \u2018Bah\u00e7ede Ya\u015fam Var\u2019 ad\u0131yla ger\u00e7ekle\u015fen etkinliklerinin ikincisinde \u2018tarladan sofraya g\u0131da g\u00fcvenli\u011fi\u2019 konu\u015fulacak. Ne yedi\u011fimizin fark\u0131nda m\u0131s\u0131n\u0131z? ba\u015fl\u0131kl\u0131 s\u00f6yle\u015fide, \u2018g\u0131da zehirlenmeleri, alerjen g\u0131dalar, bilin\u00e7li t\u00fcketici olma, g\u0131dalar\u0131n uygun saklama-pi\u015firme-\u0131s\u0131tma ko\u015fullar\u0131, g\u0131da etiketlerini okuma\u2019 hakk\u0131nda temel bilgiler verilecek.<br><br>Antalya Olimpos Rotary Kul\u00fcb\u00fc i\u015f birli\u011finde g\u0131da m\u00fchendisi \u00d6zlem Demir\u2019in kat\u0131l\u0131m\u0131yla ger\u00e7ekle\u015ftirilecek s\u00f6yle\u015fi, 20 Eyl\u00fcl \u00c7ar\u015famba, saat 10.00\u2019da \u0130klim De\u011fi\u015fikli\u011fi ve S\u0131f\u0131r At\u0131k M\u00fcd\u00fcrl\u00fc\u011f\u00fc\u2019n\u00fcn ye\u015fillikler i\u00e7indeki bah\u00e7esinde ger\u00e7ekle\u015fecek. Kontenjanla s\u0131n\u0131rl\u0131 olan s\u00f6yle\u015fiye kat\u0131l\u0131m i\u00e7in Turun\u00e7 Masa\u2019n\u0131n 444 80 07 numaral\u0131 \u00e7a\u011fr\u0131 merkezinden kay\u0131t yapt\u0131r\u0131labilir.<\/p>\n\n\n\n<p><strong>Muratpa\u015fa Belediyesi \/ B\u00fclten<\/strong><\/p>\n","protected":false},"excerpt":{"rendered":"<p>Antalya Muratpa\u015fa Belediyesi\u2019nin \u2018Bah\u00e7ede Ya\u015fam Var\u2019 etkinliklerinin ikincisinde \u201cNe yedi\u011fimizin fark\u0131nda m\u0131s\u0131n\u0131z?\u201d sorusuna cevap aranacak. G\u0131da m\u00fchendisi \u00d6zlem Demir\u2019in s\u00f6yle\u015fisi, 20 Eyl\u00fcl \u00c7ar\u015famba, saat 10.00\u2019da <a href=\"https:\/\/akdenizhaber.com.tr\/index.php\/2023\/09\/18\/ne-yedigimizin-farkinda-misiniz\/\" class=\"read-more-link\">[more&#8230;]<\/a><\/p>\n","protected":false},"author":2,"featured_media":15832,"comment_status":"open","ping_status":"open","sticky":false,"template":"","format":"standard","meta":{"footnotes":""},"categories":[2],"tags":[],"class_list":["post-15831","post","type-post","status-publish","format-standard","has-post-thumbnail","hentry","category-gundem"],"_links":{"self":[{"href":"https:\/\/akdenizhaber.com.tr\/index.php\/wp-json\/wp\/v2\/posts\/15831","targetHints":{"allow":["GET"]}}],"collection":[{"href":"https:\/\/akdenizhaber.com.tr\/index.php\/wp-json\/wp\/v2\/posts"}],"about":[{"href":"https:\/\/akdenizhaber.com.tr\/index.php\/wp-json\/wp\/v2\/types\/post"}],"author":[{"embeddable":true,"href":"https:\/\/akdenizhaber.com.tr\/index.php\/wp-json\/wp\/v2\/users\/2"}],"replies":[{"embeddable":true,"href":"https:\/\/akdenizhaber.com.tr\/index.php\/wp-json\/wp\/v2\/comments?post=15831"}],"version-history":[{"count":0,"href":"https:\/\/akdenizhaber.com.tr\/index.php\/wp-json\/wp\/v2\/posts\/15831\/revisions"}],"wp:featuredmedia":[{"embeddable":true,"href":"https:\/\/akdenizhaber.com.tr\/index.php\/wp-json\/wp\/v2\/media\/15832"}],"wp:attachment":[{"href":"https:\/\/akdenizhaber.com.tr\/index.php\/wp-json\/wp\/v2\/media?parent=15831"}],"wp:term":[{"taxonomy":"category","embeddable":true,"href":"https:\/\/akdenizhaber.com.tr\/index.php\/wp-json\/wp\/v2\/categories?post=15831"},{"taxonomy":"post_tag","embeddable":true,"href":"https:\/\/akdenizhaber.com.tr\/index.php\/wp-json\/wp\/v2\/tags?post=15831"}],"curies":[{"name":"wp","href":"https:\/\/api.w.org\/{rel}","templated":true}]}}