{"id":15810,"date":"2023-09-16T11:49:23","date_gmt":"2023-09-16T08:49:23","guid":{"rendered":"https:\/\/akdenizhaber.com.tr\/?p=15810"},"modified":"2023-09-16T11:49:23","modified_gmt":"2023-09-16T08:49:23","slug":"tgf-heyeti-bakunun-kurtulus-torenlerine-katildi","status":"publish","type":"post","link":"https:\/\/akdenizhaber.com.tr\/index.php\/2023\/09\/16\/tgf-heyeti-bakunun-kurtulus-torenlerine-katildi\/","title":{"rendered":"TGF Heyeti Bak\u00fc\u2019n\u00fcn Kurtulu\u015f T\u00f6renlerine Kat\u0131ld\u0131"},"content":{"rendered":"\n<p><\/p>\n\n\n\n<p>T\u00fcrkiye Gazeteciler Federasyonu, T\u00fcrkiye Azerbaycan Dostluk Dernekleri Federasyonu ve Gazeteciler Cemiyetleri Bas\u0131n Vakf\u0131 \u00fcyeleri, Bak\u00fc\u2019n\u00fcn d\u00fc\u015fman i\u015fgalinden kurtulu\u015funun 105\u2019nci y\u0131ld\u00f6n\u00fcm\u00fc t\u00f6renlerine kat\u0131ld\u0131.<\/p>\n\n\n\n<p>TGF Genel Ba\u015fkan\u0131 Y\u0131lmaz Karaca ve beraberindeki heyet, T\u00fcrk \u015fehitli\u011fine karanfil b\u0131rakarak \u015fehitleri and\u0131.<\/p>\n\n\n\n<p>T\u00fcrkiye Cumhuriyeti Bak\u00fc B\u00fcy\u00fckel\u00e7isi Cahit Ba\u011fc\u0131 ve devlet protokol\u00fcn\u00fcn kat\u0131ld\u0131\u011f\u0131 programda Azerbaycan ve T\u00fcrk Milli mar\u015f\u0131 okundu.<\/p>\n\n\n\n<p>\u201cT\u00dcRK\u0130YE\u2019N\u0130N HER YER\u0130NDEN \u015eEH\u0130T VAR\u201d<\/p>\n\n\n\n<p>Kafkas \u0130slam Ordusunun Nuri Killigil Pa\u015fa komutas\u0131nda Bak\u00fc\u2019ye girerek \u00fclkeyi Ermeni ve Ruslardan kurtard\u0131\u011f\u0131 tarih 15 Eyl\u00fcl 1918. Bu sava\u015fta 1130 \u015fehit verildi. T\u00fcrkiye\u2019nin her il\u2019inden Bak\u00fc\u2019de \u015fehit bulunuyor.<\/p>\n\n\n\n<p>(Haber Merkezi)<\/p>\n","protected":false},"excerpt":{"rendered":"<p>T\u00fcrkiye Gazeteciler Federasyonu, T\u00fcrkiye Azerbaycan Dostluk Dernekleri Federasyonu ve Gazeteciler Cemiyetleri Bas\u0131n Vakf\u0131 \u00fcyeleri, Bak\u00fc\u2019n\u00fcn d\u00fc\u015fman i\u015fgalinden kurtulu\u015funun 105\u2019nci y\u0131ld\u00f6n\u00fcm\u00fc t\u00f6renlerine kat\u0131ld\u0131. TGF Genel Ba\u015fkan\u0131 <a href=\"https:\/\/akdenizhaber.com.tr\/index.php\/2023\/09\/16\/tgf-heyeti-bakunun-kurtulus-torenlerine-katildi\/\" class=\"read-more-link\">[more&#8230;]<\/a><\/p>\n","protected":false},"author":2,"featured_media":15811,"comment_status":"open","ping_status":"open","sticky":false,"template":"","format":"standard","meta":{"footnotes":""},"categories":[2],"tags":[],"class_list":["post-15810","post","type-post","status-publish","format-standard","has-post-thumbnail","hentry","category-gundem"],"_links":{"self":[{"href":"https:\/\/akdenizhaber.com.tr\/index.php\/wp-json\/wp\/v2\/posts\/15810","targetHints":{"allow":["GET"]}}],"collection":[{"href":"https:\/\/akdenizhaber.com.tr\/index.php\/wp-json\/wp\/v2\/posts"}],"about":[{"href":"https:\/\/akdenizhaber.com.tr\/index.php\/wp-json\/wp\/v2\/types\/post"}],"author":[{"embeddable":true,"href":"https:\/\/akdenizhaber.com.tr\/index.php\/wp-json\/wp\/v2\/users\/2"}],"replies":[{"embeddable":true,"href":"https:\/\/akdenizhaber.com.tr\/index.php\/wp-json\/wp\/v2\/comments?post=15810"}],"version-history":[{"count":0,"href":"https:\/\/akdenizhaber.com.tr\/index.php\/wp-json\/wp\/v2\/posts\/15810\/revisions"}],"wp:featuredmedia":[{"embeddable":true,"href":"https:\/\/akdenizhaber.com.tr\/index.php\/wp-json\/wp\/v2\/media\/15811"}],"wp:attachment":[{"href":"https:\/\/akdenizhaber.com.tr\/index.php\/wp-json\/wp\/v2\/media?parent=15810"}],"wp:term":[{"taxonomy":"category","embeddable":true,"href":"https:\/\/akdenizhaber.com.tr\/index.php\/wp-json\/wp\/v2\/categories?post=15810"},{"taxonomy":"post_tag","embeddable":true,"href":"https:\/\/akdenizhaber.com.tr\/index.php\/wp-json\/wp\/v2\/tags?post=15810"}],"curies":[{"name":"wp","href":"https:\/\/api.w.org\/{rel}","templated":true}]}}