{"id":15799,"date":"2023-09-16T11:46:42","date_gmt":"2023-09-16T08:46:42","guid":{"rendered":"https:\/\/akdenizhaber.com.tr\/?p=15799"},"modified":"2023-09-16T11:46:42","modified_gmt":"2023-09-16T08:46:42","slug":"tgf-heyeti-baku-buyukelcisi-cahit-bagciyi-ziyaret-etti-buyukelci-bagci-turk-medyasi-onemli-gorevler-yapiyor","status":"publish","type":"post","link":"https:\/\/akdenizhaber.com.tr\/index.php\/2023\/09\/16\/tgf-heyeti-baku-buyukelcisi-cahit-bagciyi-ziyaret-etti-buyukelci-bagci-turk-medyasi-onemli-gorevler-yapiyor\/","title":{"rendered":"TGF heyeti Bak\u00fc B\u00fcy\u00fckel\u00e7isi Cahit Ba\u011fc\u0131\u2019y\u0131 ziyaret etti                                                                              B\u00fcy\u00fckel\u00e7i Ba\u011fc\u0131; T\u00fcrk Medyas\u0131 \u00d6nemli G\u00f6revler Yap\u0131yor"},"content":{"rendered":"\n<p><\/p>\n\n\n\n<p>T\u00fcrkiye Gazeteciler Federasyonu, T\u00fcrkiye Azerbaycan Dostluk Dernekleri Federasyonu ve Gazeteciler Cemiyetleri Bas\u0131n Vakf\u0131\u2019n\u0131n ortakla\u015fa d\u00fczenledi\u011fi T\u00fcrk D\u00fcnyas\u0131 Gazeteciler 4\u2019\u00fcnc\u00fc Bas\u0131n \u015euras\u0131 dolay\u0131s\u0131yla Bak\u00fc\u2019ye gelen heyet,&nbsp; T\u00fcrkiye\u2019nin Bak\u00fc B\u00fcy\u00fckel\u00e7isi Do\u00e7.Dr. Cahit Ba\u011fc\u0131\u2019y\u0131 ziyaret etti.<\/p>\n\n\n\n<p>B\u00fcy\u00fckel\u00e7i&nbsp; Do\u00e7. Dr. Cahit Ba\u011fc\u0131, TGF heyetine ziyaretlerinden dolay\u0131 te\u015fekk\u00fcr ederek, &#8220;\u0130ki \u00fclke aras\u0131ndaki i\u015fbirli\u011fi ve karde\u015flik ili\u015fkileri \u00f6nemli. Bas\u0131n alan\u0131ndaki i\u015fbirli\u011fini geli\u015ftiren bu organizasyonu d\u00fczenleyen kurumlara te\u015fekk\u00fcr ediyorum&#8221; dedi.<\/p>\n\n\n\n<p>B\u00fcy\u00fckel\u00e7i Ba\u011fc\u0131, Azerbaycan\u2019da ya\u015fanan ger\u00e7eklerin T\u00fcrk medyas\u0131 sayesinde d\u00fcnyaya duyuruldu\u011funu ifade ederek, T\u00fcrk medyas\u0131n\u0131n \u00f6nemli g\u00f6revler yapt\u0131\u011f\u0131n\u0131 ve b\u00fcy\u00fck bir katk\u0131 sundu\u011funu s\u00f6yledi.<\/p>\n\n\n\n<p>B\u00fcy\u00fckel\u00e7ilik Bas\u0131n M\u00fc\u015faviri H\u00fcseyin Alt\u0131nalan da TGF heyetine \u00e7e\u015fitli bilgilendirmelerde bulundu ve sorular\u0131n\u0131 yan\u0131tlad\u0131.<\/p>\n\n\n\n<p>(Haber Merkezi)<\/p>\n","protected":false},"excerpt":{"rendered":"<p>T\u00fcrkiye Gazeteciler Federasyonu, T\u00fcrkiye Azerbaycan Dostluk Dernekleri Federasyonu ve Gazeteciler Cemiyetleri Bas\u0131n Vakf\u0131\u2019n\u0131n ortakla\u015fa d\u00fczenledi\u011fi T\u00fcrk D\u00fcnyas\u0131 Gazeteciler 4\u2019\u00fcnc\u00fc Bas\u0131n \u015euras\u0131 dolay\u0131s\u0131yla Bak\u00fc\u2019ye gelen heyet,&nbsp; <a href=\"https:\/\/akdenizhaber.com.tr\/index.php\/2023\/09\/16\/tgf-heyeti-baku-buyukelcisi-cahit-bagciyi-ziyaret-etti-buyukelci-bagci-turk-medyasi-onemli-gorevler-yapiyor\/\" class=\"read-more-link\">[more&#8230;]<\/a><\/p>\n","protected":false},"author":2,"featured_media":15800,"comment_status":"open","ping_status":"open","sticky":false,"template":"","format":"standard","meta":{"footnotes":""},"categories":[2],"tags":[],"class_list":["post-15799","post","type-post","status-publish","format-standard","has-post-thumbnail","hentry","category-gundem"],"_links":{"self":[{"href":"https:\/\/akdenizhaber.com.tr\/index.php\/wp-json\/wp\/v2\/posts\/15799","targetHints":{"allow":["GET"]}}],"collection":[{"href":"https:\/\/akdenizhaber.com.tr\/index.php\/wp-json\/wp\/v2\/posts"}],"about":[{"href":"https:\/\/akdenizhaber.com.tr\/index.php\/wp-json\/wp\/v2\/types\/post"}],"author":[{"embeddable":true,"href":"https:\/\/akdenizhaber.com.tr\/index.php\/wp-json\/wp\/v2\/users\/2"}],"replies":[{"embeddable":true,"href":"https:\/\/akdenizhaber.com.tr\/index.php\/wp-json\/wp\/v2\/comments?post=15799"}],"version-history":[{"count":0,"href":"https:\/\/akdenizhaber.com.tr\/index.php\/wp-json\/wp\/v2\/posts\/15799\/revisions"}],"wp:featuredmedia":[{"embeddable":true,"href":"https:\/\/akdenizhaber.com.tr\/index.php\/wp-json\/wp\/v2\/media\/15800"}],"wp:attachment":[{"href":"https:\/\/akdenizhaber.com.tr\/index.php\/wp-json\/wp\/v2\/media?parent=15799"}],"wp:term":[{"taxonomy":"category","embeddable":true,"href":"https:\/\/akdenizhaber.com.tr\/index.php\/wp-json\/wp\/v2\/categories?post=15799"},{"taxonomy":"post_tag","embeddable":true,"href":"https:\/\/akdenizhaber.com.tr\/index.php\/wp-json\/wp\/v2\/tags?post=15799"}],"curies":[{"name":"wp","href":"https:\/\/api.w.org\/{rel}","templated":true}]}}