{"id":15796,"date":"2023-09-16T11:45:23","date_gmt":"2023-09-16T08:45:23","guid":{"rendered":"https:\/\/akdenizhaber.com.tr\/?p=15796"},"modified":"2023-09-16T11:45:24","modified_gmt":"2023-09-16T08:45:24","slug":"vali-sahin-alanyayi-ziyaret-etti","status":"publish","type":"post","link":"https:\/\/akdenizhaber.com.tr\/index.php\/2023\/09\/16\/vali-sahin-alanyayi-ziyaret-etti\/","title":{"rendered":"Vali \u015eahin, Alanya\u2019y\u0131 Ziyaret Etti"},"content":{"rendered":"\n<p><strong><br><\/strong><\/p>\n\n\n\n<p><br><strong>Vali Hulusi \u015eahin, Antalya\u2019n\u0131n \u00f6nemli turizm merkezlerinden biri olan Alanya\u2019y\u0131 ziyaret ederek il\u00e7e hakk\u0131nda detayl\u0131 bilgi ald\u0131.<\/strong><\/p>\n\n\n\n<p><br>\u0130l\u00e7e ziyaretleri kapsam\u0131nda Alanya\u2019y\u0131 ziyaret eden Vali Hulusi \u015eahin, ilk ziyaretini Alanya Kaymakaml\u0131\u011f\u0131na ger\u00e7ekle\u015ftirdi. \u0130l\u00e7enin e\u011fitim altyap\u0131s\u0131, turizmi, tar\u0131m\u0131, tarihi ve turistik yerleri hakk\u0131nda Kaymakam Dr. Fatih \u00dcrkmezer\u2019den detayl\u0131 bilgi alan Vali \u015eahin, daha sonra Belediye Ba\u015fkan\u0131 Adem Murat Y\u00fccel\u2019i ziyaret ederek belediyenin ger\u00e7ekle\u015ftirdi\u011fi \u00e7al\u0131\u015fmalar ve projeler hakk\u0131nda bilgi ald\u0131.<\/p>\n\n\n\n<p><br>Ziyaret kapsam\u0131nda Vali \u015eahin ve beraberindeki protokol \u00fcyeleri Alanya Kalesi ve Alanya M\u00fczesi\u2019nde incelemelerde bulunarak yetkililerden bilgi ald\u0131. Alanya Aktif Gazeteciler Cemiyeti taraf\u0131ndan d\u00fczenlenen Medya ve Ba\u015far\u0131 \u00d6d\u00fclleri \u00d6d\u00fcl T\u00f6renine kat\u0131ld\u0131.<\/p>\n\n\n\n<p>Antalya Valili\u011fi \/ B\u00fclten<\/p>\n","protected":false},"excerpt":{"rendered":"<p>Vali Hulusi \u015eahin, Antalya\u2019n\u0131n \u00f6nemli turizm merkezlerinden biri olan Alanya\u2019y\u0131 ziyaret ederek il\u00e7e hakk\u0131nda detayl\u0131 bilgi ald\u0131. \u0130l\u00e7e ziyaretleri kapsam\u0131nda Alanya\u2019y\u0131 ziyaret eden Vali Hulusi <a href=\"https:\/\/akdenizhaber.com.tr\/index.php\/2023\/09\/16\/vali-sahin-alanyayi-ziyaret-etti\/\" class=\"read-more-link\">[more&#8230;]<\/a><\/p>\n","protected":false},"author":2,"featured_media":15797,"comment_status":"open","ping_status":"open","sticky":false,"template":"","format":"standard","meta":{"footnotes":""},"categories":[2],"tags":[],"class_list":["post-15796","post","type-post","status-publish","format-standard","has-post-thumbnail","hentry","category-gundem"],"_links":{"self":[{"href":"https:\/\/akdenizhaber.com.tr\/index.php\/wp-json\/wp\/v2\/posts\/15796","targetHints":{"allow":["GET"]}}],"collection":[{"href":"https:\/\/akdenizhaber.com.tr\/index.php\/wp-json\/wp\/v2\/posts"}],"about":[{"href":"https:\/\/akdenizhaber.com.tr\/index.php\/wp-json\/wp\/v2\/types\/post"}],"author":[{"embeddable":true,"href":"https:\/\/akdenizhaber.com.tr\/index.php\/wp-json\/wp\/v2\/users\/2"}],"replies":[{"embeddable":true,"href":"https:\/\/akdenizhaber.com.tr\/index.php\/wp-json\/wp\/v2\/comments?post=15796"}],"version-history":[{"count":0,"href":"https:\/\/akdenizhaber.com.tr\/index.php\/wp-json\/wp\/v2\/posts\/15796\/revisions"}],"wp:featuredmedia":[{"embeddable":true,"href":"https:\/\/akdenizhaber.com.tr\/index.php\/wp-json\/wp\/v2\/media\/15797"}],"wp:attachment":[{"href":"https:\/\/akdenizhaber.com.tr\/index.php\/wp-json\/wp\/v2\/media?parent=15796"}],"wp:term":[{"taxonomy":"category","embeddable":true,"href":"https:\/\/akdenizhaber.com.tr\/index.php\/wp-json\/wp\/v2\/categories?post=15796"},{"taxonomy":"post_tag","embeddable":true,"href":"https:\/\/akdenizhaber.com.tr\/index.php\/wp-json\/wp\/v2\/tags?post=15796"}],"curies":[{"name":"wp","href":"https:\/\/api.w.org\/{rel}","templated":true}]}}