{"id":15793,"date":"2023-09-16T11:44:45","date_gmt":"2023-09-16T08:44:45","guid":{"rendered":"https:\/\/akdenizhaber.com.tr\/?p=15793"},"modified":"2023-09-16T11:44:45","modified_gmt":"2023-09-16T08:44:45","slug":"bahar-kultur-ve-sanati-antalyaya-getirmenin-mutlulugunu-yasiyoruz","status":"publish","type":"post","link":"https:\/\/akdenizhaber.com.tr\/index.php\/2023\/09\/16\/bahar-kultur-ve-sanati-antalyaya-getirmenin-mutlulugunu-yasiyoruz\/","title":{"rendered":"Bahar, K\u00fclt\u00fcr ve Sanat\u0131 Antalya\u2019ya Getirmenin Mutlulu\u011funu Ya\u015f\u0131yoruz"},"content":{"rendered":"\n<p><\/p>\n\n\n\n<p><strong>ATSO ev sahipli\u011finde d\u00fczenlenecek Avrupa Filmleri Haftas\u0131, 22 Eyl\u00fcl\u2019de ba\u015fl\u0131yor. Filmler, Antalya K\u00fclt\u00fcr Sanat (AKS)\u2019de \u00fccretsiz olarak izleyiciyle bulu\u015facak.<\/strong><\/p>\n\n\n\n<p><strong>Sanat ile k\u00fclt\u00fcrleri bulu\u015fturmay\u0131 hedeflediklerini kaydeden ATSO Ba\u015fkan\u0131 Ali Bahar, \u201cUluslararas\u0131 film g\u00f6sterimleri, kentimizin k\u00fclt\u00fcrel zenginli\u011fini art\u0131racak ve sanatseverlerimize farkl\u0131 k\u00fclt\u00fcrlerden gelen filmleri izleme f\u0131rsat\u0131 sunacak\u201d dedi.<\/strong><\/p>\n\n\n\n<p>AB T\u00fcrkiye Delegasyonu ve AB \u00fcye \u00fclke b\u00fcy\u00fckel\u00e7ilikleri deste\u011fiyle Eski\u015fehir, Trabzon ve \u0130zmir\u2019de ger\u00e7ekle\u015ftirilen Avrupa Filmleri Haftas\u0131\u2019n\u0131n d\u00f6rd\u00fcnc\u00fc dura\u011f\u0131 Antalya oluyor. 22- 28 Eyl\u00fcl tarihleri aras\u0131nda Antalya K\u00fclt\u00fcr Sanat (AKS)\u2019de AB \u00fcyesi 16 \u00fclkeden 16 film, sanatseverler ile bulu\u015facak. G\u00f6sterimleri yap\u0131lacak filmleri seyretmeye Antalyal\u0131lar\u0131 ve ATSO \u00fcyelerini davet eden Antalya Ticaret ve Sanayi Odas\u0131 (ATSO) Ba\u015fkan\u0131 Ali Bahar, \u201cHerkesi bu g\u00fczel etkinli\u011fimize davet ediyorum. AKS\u2019de etkinliklerimizin duyurusunu yaparken \u00e7ok mutlu oluyorum. \u00c7\u00fcnk\u00fc ATSO olarak \u015fehrimize k\u00fclt\u00fcr\u00fc ve sanat\u0131 getirmenin mutlulu\u011funu ya\u015f\u0131yorum. Kentimizin k\u00fclt\u00fcr ve sanatla ta\u00e7lanmas\u0131 ad\u0131na AKS\u2019deg\u00fczel etkinliklere imza at\u0131yoruz, atmaya da devam edece\u011fiz\u201d dedi.<\/p>\n\n\n\n<p><strong>SANAT B\u0130Z\u0130M \u0130\u00c7\u0130N \u00d6NEML\u0130 B\u0130R ENSTR\u00dcMAN<\/strong><\/p>\n\n\n\n<p>Sanat\u0131n g\u00fc\u00e7l\u00fc bir aya\u011f\u0131 olan sinema ile k\u00fclt\u00fcrleri bulu\u015fturmay\u0131 hedeflediklerini kaydeden Ba\u015fkan Bahar, \u201cUluslararas\u0131 film g\u00f6sterimleri, kentimizin k\u00fclt\u00fcrel zenginli\u011fini art\u0131racak ve sanatseverlerimize farkl\u0131 k\u00fclt\u00fcrlerden gelen filmleri izleme f\u0131rsat\u0131 sunacak. \u015eehrimiz bir turizm \u015fehri, T\u00fcrkiye\u2019nin d\u0131\u015far\u0131ya a\u00e7\u0131lan kap\u0131s\u0131 ve evrensel bir \u015fehir olarak g\u00f6r\u00fcyoruz. Sanat bizim i\u00e7in \u00f6nemli bir enstr\u00fcman\u201d diye konu\u015ftu.Avrupa ve T\u00fcrkiye aras\u0131nda s\u00fcrd\u00fcr\u00fclebilir k\u00fclt\u00fcrel diyalogun \u00f6nemine dikkat \u00e7eken Ba\u015fkan Ali Bahar, \u201cT\u00fcrkiye ve AB aras\u0131ndaki ba\u011flar, k\u00fclt\u00fcrel \u00e7e\u015fitlili\u011fin korunmas\u0131, bar\u0131\u015f\u0131n ve i\u015f birli\u011finin te\u015fviki ve daha geni\u015f bir anlay\u0131\u015f\u0131n olu\u015fturulmas\u0131 a\u00e7\u0131s\u0131ndan b\u00fcy\u00fck bir \u00f6neme sahip. Bu y\u00f6ndeki \u00e7abalar\u0131 destekliyoruz, AB T\u00fcrkiye Delegasyonuna ve AB \u00fcye \u00fclke b\u00fcy\u00fckel\u00e7iliklerine i\u015f birlikleri i\u00e7in te\u015fekk\u00fcr ediyorum\u201d dedi.<\/p>\n\n\n\n<p><strong>DOLU DOLU S\u0130NEMA PROGRAMI<\/strong><\/p>\n\n\n\n<p>Gi\u015felerde bulunmayan 16 Avrupa filmi, dramdan, komediye, belgeselden, maceraya kadar birebirinden farkl\u0131 temalarda; Bulgaristan, Fransa, \u0130spanya, Estonya, Polonya, Bel\u00e7ika, \u0130rlanda, Bel\u00e7ika, \u0130sve\u00e7, Hollanda, Avusturya, Malta, \u0130talya Finlandiya, Litvanya ve Almanya yap\u0131m\u0131 filmler seyirciyle bulu\u015facak. Avrupa sinemas\u0131n\u0131n farkl\u0131 k\u00fclt\u00fcrleri ve hik\u00e2yeleri konu ald\u0131\u011f\u0131 filmlerin g\u00f6sterimleri 22 Eyl\u00fcl g\u00fcn\u00fc \u201cEczac\u0131 Melchior\u201d ile ba\u015flayarak, 28 Eyl\u00fcl tarihinde \u201cEn Ba\u015far\u0131l\u0131 Prod\u00fcksiyon\u201d ile son bulacak. Avrupa Filmleri Haftas\u0131\u2019n\u0131n Antalya g\u00f6sterim program\u0131na<a href=\"https:\/\/linktr.ee\/antalyaabbm\">linktr.ee\/antalyaabbm<\/a> adresinden ula\u015f\u0131labilecek.<\/p>\n\n\n\n<p>Antalya Ticaret ve Sanayi Odas\u0131 \/ B\u00fclten<\/p>\n","protected":false},"excerpt":{"rendered":"<p>ATSO ev sahipli\u011finde d\u00fczenlenecek Avrupa Filmleri Haftas\u0131, 22 Eyl\u00fcl\u2019de ba\u015fl\u0131yor. Filmler, Antalya K\u00fclt\u00fcr Sanat (AKS)\u2019de \u00fccretsiz olarak izleyiciyle bulu\u015facak. Sanat ile k\u00fclt\u00fcrleri bulu\u015fturmay\u0131 hedeflediklerini kaydeden <a href=\"https:\/\/akdenizhaber.com.tr\/index.php\/2023\/09\/16\/bahar-kultur-ve-sanati-antalyaya-getirmenin-mutlulugunu-yasiyoruz\/\" class=\"read-more-link\">[more&#8230;]<\/a><\/p>\n","protected":false},"author":2,"featured_media":15794,"comment_status":"open","ping_status":"open","sticky":false,"template":"","format":"standard","meta":{"footnotes":""},"categories":[2],"tags":[],"class_list":["post-15793","post","type-post","status-publish","format-standard","has-post-thumbnail","hentry","category-gundem"],"_links":{"self":[{"href":"https:\/\/akdenizhaber.com.tr\/index.php\/wp-json\/wp\/v2\/posts\/15793","targetHints":{"allow":["GET"]}}],"collection":[{"href":"https:\/\/akdenizhaber.com.tr\/index.php\/wp-json\/wp\/v2\/posts"}],"about":[{"href":"https:\/\/akdenizhaber.com.tr\/index.php\/wp-json\/wp\/v2\/types\/post"}],"author":[{"embeddable":true,"href":"https:\/\/akdenizhaber.com.tr\/index.php\/wp-json\/wp\/v2\/users\/2"}],"replies":[{"embeddable":true,"href":"https:\/\/akdenizhaber.com.tr\/index.php\/wp-json\/wp\/v2\/comments?post=15793"}],"version-history":[{"count":0,"href":"https:\/\/akdenizhaber.com.tr\/index.php\/wp-json\/wp\/v2\/posts\/15793\/revisions"}],"wp:featuredmedia":[{"embeddable":true,"href":"https:\/\/akdenizhaber.com.tr\/index.php\/wp-json\/wp\/v2\/media\/15794"}],"wp:attachment":[{"href":"https:\/\/akdenizhaber.com.tr\/index.php\/wp-json\/wp\/v2\/media?parent=15793"}],"wp:term":[{"taxonomy":"category","embeddable":true,"href":"https:\/\/akdenizhaber.com.tr\/index.php\/wp-json\/wp\/v2\/categories?post=15793"},{"taxonomy":"post_tag","embeddable":true,"href":"https:\/\/akdenizhaber.com.tr\/index.php\/wp-json\/wp\/v2\/tags?post=15793"}],"curies":[{"name":"wp","href":"https:\/\/api.w.org\/{rel}","templated":true}]}}