{"id":15781,"date":"2023-09-16T11:41:53","date_gmt":"2023-09-16T08:41:53","guid":{"rendered":"https:\/\/akdenizhaber.com.tr\/?p=15781"},"modified":"2023-09-16T11:41:54","modified_gmt":"2023-09-16T08:41:54","slug":"kemer-yoruk-festivali-renkli-goruntuler-olusturdu","status":"publish","type":"post","link":"https:\/\/akdenizhaber.com.tr\/index.php\/2023\/09\/16\/kemer-yoruk-festivali-renkli-goruntuler-olusturdu\/","title":{"rendered":"Kemer Y\u00f6r\u00fck Festivali renkli g\u00f6r\u00fcnt\u00fcler olu\u015fturdu"},"content":{"rendered":"\n<p><\/p>\n\n\n\n<p>Kemer Belediyesi&#8217;nin destekleriyle Kemer Y\u00f6r\u00fckler Derne\u011fi taraf\u0131ndan bu y\u0131l 12&#8217;ncisi d\u00fczenlenen Kemer Y\u00f6r\u00fck Festivali, b\u00fcy\u00fck bir co\u015fku ile ger\u00e7ekle\u015fti. Renkli g\u00f6r\u00fcnt\u00fclerin olu\u015ftu\u011fu Festival&#8217;de TRT sanat\u00e7\u0131s\u0131 U\u011fur \u00d6n\u00fcr \u015fark\u0131lar\u0131 ile festivali izleyenlere unutamayacaklar\u0131 dakikalar ya\u015fatt\u0131.<\/p>\n\n\n\n<p>Mustafa Ertu\u011frul Aker Park\u0131&#8217;nda d\u00fczenlenen festivale, Kemer Kaymakam\u0131 Ahmet Solmaz, Kemer Belediye Ba\u015fkan\u0131 Necati Topalo\u011flu ile e\u015fi Fikriye Topalo\u011flu, Kumluca Belediye Ba\u015fkan\u0131 Mustafa K\u00f6leo\u011flu, Kemer Sahil G\u00fcvenlik Komutan\u0131 Soner Tuna, CHP Kemer \u0130l\u00e7e Ba\u015fkan\u0131 Adem Bar\u0131\u015f, Kemer Belediye Ba\u015fkan Yard\u0131mc\u0131s\u0131 Emin G\u00fcl, Kemer Belediyesi Meclis \u00dcyesi Mustafa Bilici, Kemer Y\u00f6r\u00fckler Derne\u011fi Ba\u015fkan\u0131 Turhan Arslan, belediye birim m\u00fcd\u00fcrleri, y\u00f6r\u00fck beyleri, vatanda\u015flar ve \u00e7ok say\u0131da yerli ve yabanc\u0131 misafir kat\u0131ld\u0131.<\/p>\n\n\n\n<p>Festival, Kemer Belediyesi \u00f6n\u00fcndeki Atat\u00fcrk An\u0131t\u0131&#8217;na \u00e7elenk sunumunun ard\u0131ndan sayg\u0131 duru\u015funda bulunulmas\u0131 ve Kemer Belediye Ba\u015fkan\u0131 Necati Topalo\u011flu \u00f6nc\u00fcl\u00fc\u011f\u00fcnde kurulan ve \u015fefli\u011fini Furkan \u00dcst\u00fcnda\u011f&#8217;\u0131n yapt\u0131\u011f\u0131 Kemer Belediyesi Gen\u00e7lik Orkestras\u0131&#8217;n\u0131n \u0130stiklal Mar\u015f\u0131&#8217;n\u0131 seslendirmesiyle ba\u015flad\u0131.<\/p>\n\n\n\n<p>Festival alan\u0131na getirilen deve, kat\u0131r, koyun ve ke\u00e7iler \u00f6zellikle turistlerin ilgi oda\u011f\u0131 haline geldi. Festivalde, kat\u0131l\u0131mc\u0131lara yay\u0131k ayran\u0131 ve ke\u015fkek ikram edildi.<\/p>\n\n\n\n<p>Festival kapsam\u0131nda Kemer Belediyesi&#8217;nin kendi imkanlar\u0131yla ge\u00e7en sene yakla\u015f\u0131k 3 ayda \u00e7ekti\u011fi ve y\u00f6r\u00fck k\u00fclt\u00fcr\u00fcn\u00fc ya\u015fatmaya devam eden Kemer&#8217;in son g\u00f6\u00e7er y\u00f6r\u00fc\u011f\u00fc olan Ali Karakoyunlu&#8217;nun belgeselinin g\u00f6sterimi de yap\u0131ld\u0131.<\/p>\n\n\n\n<p>\u00c7e\u015fitli y\u00f6resel m\u00fcziklerle g\u00f6n\u00fcllerince e\u011flenen davetliler, Ba\u015fkan Topalo\u011flu&#8217;nun zeybek oynamas\u0131n\u0131 ilgiyle izledi.<\/p>\n\n\n\n<p>Halat \u00e7ekme, yumurta ta\u015f\u0131ma ve \u00e7uval yar\u0131\u015fmalar\u0131n\u0131n yap\u0131ld\u0131\u011f\u0131 festivalde, y\u00f6r\u00fck beyi se\u00e7imi de yap\u0131ld\u0131. Ge\u00e7en sene y\u00f6r\u00fck beyli\u011fini kazanan Yeti\u015f Kurga, 100 bin lira vererek yeniden y\u00f6r\u00fck beyi se\u00e7ildi.<\/p>\n\n\n\n<p>Festivalde sanat\u00e7\u0131 U\u011fur \u00d6n\u00fcr de sahne alarak y\u00f6resel ezgileri ve t\u00fcrk\u00fcleri seslendirdi. Sanat\u00e7\u0131 \u00d6n\u00fcr&#8217;\u00fcn seslendirdi\u011fi eserler, festivale kat\u0131lanlardan b\u00fcy\u00fck alk\u0131\u015f toplad\u0131. Kaymakam Solmaz, Ba\u015fkan Topalo\u011flu ve dernek ba\u015fkan\u0131 Arslan, sanat\u00e7\u0131 U\u011fur \u00d6n\u00fcr&#8217;e konser sonras\u0131 \u00e7i\u00e7ek ve \u00e7e\u015fitli hediyeler verdi.<\/p>\n\n\n\n<p>Kemer Kaymakam\u0131 Ahmet Solmaz, festivalde yapt\u0131\u011f\u0131 konu\u015fmas\u0131nda, Kemer&#8217;e atanal\u0131 bir hafta oldu\u011funu ve Kemer&#8217;de ilk kat\u0131ld\u0131\u011f\u0131 program\u0131n Kemer Y\u00f6r\u00fckler Festivali oldu\u011funu s\u00f6yledi.<\/p>\n\n\n\n<p>Kemer&#8217;in ulusal ve uluslararas\u0131 platformlarda \u00e7ok fazla tan\u0131nan bir yer oldu\u011funa i\u015faret eden Kaymakam Solmaz, \u201cKemer&#8217;i tan\u0131d\u0131k\u00e7a a\u015f\u0131k olmaya ba\u015flad\u0131k. Buran\u0131n \u00f6z\u00fc y\u00f6r\u00fck k\u00fclt\u00fcr\u00fc. Y\u00f6r\u00fckler buran\u0131n mayas\u0131n\u0131 olu\u015fturmakta. Burada olmaktan dolay\u0131 mutluyum. Festivalde eme\u011fi ge\u00e7enlere te\u015fekk\u00fcr ediyorum.\u201d dedi.<\/p>\n\n\n\n<p>Kemer Belediye Ba\u015fkan\u0131 Necati Topalo\u011flu ise festival \u00f6ncesinde y\u00f6r\u00fck g\u00f6\u00e7\u00fc yapmak istediklerini ancak asr\u0131n felaketi olan deprem ve Kemer&#8217;deki orman yang\u0131n\u0131 nedeniyle yap\u0131lamad\u0131\u011f\u0131n\u0131 s\u00f6yledi.<\/p>\n\n\n\n<p>Y\u00f6r\u00fcklerin g\u00f6\u00e7ebe oldu\u011funa dikkat \u00e7eken Belediye Ba\u015fkan\u0131 Topalo\u011flu, \u201cY\u00f6r\u00fckler ata binmeyi ve silah kullanmay\u0131 sever. Gazi Mustafa Kemal Atat\u00fcrk&#8217;\u00fcn bir s\u00f6z\u00fc vard\u0131r. \u201cArkada\u015flar! Gidip, Toros Da\u011flar\u0131&#8217;na bak\u0131n\u0131z, e\u011fer orada bir tek Y\u00f6r\u00fck \u00e7ad\u0131r\u0131 g\u00f6r\u00fcrseniz ve o \u00e7ad\u0131rda bir duman t\u00fct\u00fcyorsa, \u015funu \u00e7ok iyi biliniz ki bu d\u00fcnyada hi\u00e7bir g\u00fc\u00e7 ve kuvvet asla bizi yenemez.\u201d Y\u00f6r\u00fckler mert, d\u00fcr\u00fcst ve \u00e7al\u0131\u015fkan olur. T\u00fcrk milleti de d\u00fcr\u00fcst, mert ve \u00e7al\u0131\u015fkand\u0131r. Ne mutlu T\u00fcrk\u00fcm diyene! Festivalde eme\u011fi ge\u00e7enlere te\u015fekk\u00fcr ediyorum.\u201d dedi.<\/p>\n\n\n\n<p>Kemer Y\u00f6r\u00fckler Derne\u011fi Ba\u015fkan\u0131 Turhan Arslan da Kemer Y\u00f6r\u00fck Festivali&#8217;nin 12&#8217;ncisini d\u00fczenlemekten dolay\u0131 \u00e7ok mutlu olduklar\u0131n\u0131 s\u00f6yledi.<\/p>\n\n\n\n<p>Kemer Y\u00f6r\u00fck Festivali&#8217;nin 2009&#8217;da y\u0131l\u0131nda \u00c7ukur Yayla&#8217;da ba\u015flad\u0131\u011f\u0131n\u0131 hat\u0131rlatan Arslan, \u201cYa\u015fanan ac\u0131 olaylar nedeni ile festivalimizi burada yapmak durumunda kald\u0131k. Biz yine de y\u00f6r\u00fcklerin gelene\u011fi kesilmesin ve festivalimizi yapal\u0131m istedik. Kemer Belediyesi&#8217;ne ve \u00e7al\u0131\u015fanlar\u0131na t\u00fcm desteklerinden dolay\u0131 te\u015fekk\u00fcr ediyorum.\u201d diye konu\u015ftu.<\/p>\n\n\n\n<p>Kemer Belediyesi \/ B\u00fclten<\/p>\n","protected":false},"excerpt":{"rendered":"<p>Kemer Belediyesi&#8217;nin destekleriyle Kemer Y\u00f6r\u00fckler Derne\u011fi taraf\u0131ndan bu y\u0131l 12&#8217;ncisi d\u00fczenlenen Kemer Y\u00f6r\u00fck Festivali, b\u00fcy\u00fck bir co\u015fku ile ger\u00e7ekle\u015fti. Renkli g\u00f6r\u00fcnt\u00fclerin olu\u015ftu\u011fu Festival&#8217;de TRT sanat\u00e7\u0131s\u0131 <a href=\"https:\/\/akdenizhaber.com.tr\/index.php\/2023\/09\/16\/kemer-yoruk-festivali-renkli-goruntuler-olusturdu\/\" class=\"read-more-link\">[more&#8230;]<\/a><\/p>\n","protected":false},"author":2,"featured_media":15782,"comment_status":"open","ping_status":"open","sticky":false,"template":"","format":"standard","meta":{"footnotes":""},"categories":[2],"tags":[],"class_list":["post-15781","post","type-post","status-publish","format-standard","has-post-thumbnail","hentry","category-gundem"],"_links":{"self":[{"href":"https:\/\/akdenizhaber.com.tr\/index.php\/wp-json\/wp\/v2\/posts\/15781","targetHints":{"allow":["GET"]}}],"collection":[{"href":"https:\/\/akdenizhaber.com.tr\/index.php\/wp-json\/wp\/v2\/posts"}],"about":[{"href":"https:\/\/akdenizhaber.com.tr\/index.php\/wp-json\/wp\/v2\/types\/post"}],"author":[{"embeddable":true,"href":"https:\/\/akdenizhaber.com.tr\/index.php\/wp-json\/wp\/v2\/users\/2"}],"replies":[{"embeddable":true,"href":"https:\/\/akdenizhaber.com.tr\/index.php\/wp-json\/wp\/v2\/comments?post=15781"}],"version-history":[{"count":0,"href":"https:\/\/akdenizhaber.com.tr\/index.php\/wp-json\/wp\/v2\/posts\/15781\/revisions"}],"wp:featuredmedia":[{"embeddable":true,"href":"https:\/\/akdenizhaber.com.tr\/index.php\/wp-json\/wp\/v2\/media\/15782"}],"wp:attachment":[{"href":"https:\/\/akdenizhaber.com.tr\/index.php\/wp-json\/wp\/v2\/media?parent=15781"}],"wp:term":[{"taxonomy":"category","embeddable":true,"href":"https:\/\/akdenizhaber.com.tr\/index.php\/wp-json\/wp\/v2\/categories?post=15781"},{"taxonomy":"post_tag","embeddable":true,"href":"https:\/\/akdenizhaber.com.tr\/index.php\/wp-json\/wp\/v2\/tags?post=15781"}],"curies":[{"name":"wp","href":"https:\/\/api.w.org\/{rel}","templated":true}]}}