{"id":15778,"date":"2023-09-16T11:41:28","date_gmt":"2023-09-16T08:41:28","guid":{"rendered":"https:\/\/akdenizhaber.com.tr\/?p=15778"},"modified":"2023-09-16T11:41:28","modified_gmt":"2023-09-16T08:41:28","slug":"kolombiyali-sanatcidan-vatan-kahvesi-duvarina-resim-calismasi","status":"publish","type":"post","link":"https:\/\/akdenizhaber.com.tr\/index.php\/2023\/09\/16\/kolombiyali-sanatcidan-vatan-kahvesi-duvarina-resim-calismasi\/","title":{"rendered":"Kolombiyal\u0131 Sanat\u00e7\u0131dan Vatan Kahvesi\u00a0 Duvar\u0131na Resim \u00c7al\u0131\u015fmas\u0131"},"content":{"rendered":"\n<p><\/p>\n\n\n\n<p>Kolombiya T\u00fcrkiye B\u00fcy\u00fckel\u00e7ili\u011fi ve Antalya B\u00fcy\u00fck\u015fehir Belediyesi taraf\u0131ndan ortak geli\u015ftirilen ve Kolombiyal\u0131 \u00fcnl\u00fc sanat\u00e7\u0131 &#8220;Guache&#8221; nin &#8216;Amazon&#8217; adl\u0131 duvar boyama \u00e7al\u0131\u015fmas\u0131 devam ediyor.<\/p>\n\n\n\n<p>Vatan Kahvesi duvar\u0131nda devam eden \u00e7al\u0131\u015fmalar\u0131n hafta sonu tamamlanmas\u0131 beklenirken, a\u00e7\u0131l\u0131\u015f\u0131n 18 Eyl\u00fcl 2023 Pazartesi g\u00fcn\u00fc saat 17.00&#8217;de Antalya B\u00fcy\u00fck\u015fehir Belediye Ba\u015fkan\u0131 Muhittin B\u00f6cek&#8217;in de kat\u0131l\u0131m\u0131 ile yap\u0131laca\u011f\u0131 \u00f6\u011frenildi.<\/p>\n\n\n\n<p>Organizasyonunu Melih Beken&#8217;in yapt\u0131\u011f\u0131 duvar boyama \u00e7al\u0131\u015fmas\u0131n\u0131 ger\u00e7ekle\u015ftiren sanat\u00e7\u0131 Guache \/ Oscar Gonzalez yapt\u0131\u011f\u0131 a\u00e7\u0131klamas\u0131nda, &#8220;Merhabalar, ismim Oscar Gonzalez, Kolombiyal\u0131 bir sanat\u00e7\u0131y\u0131m. Antalya\u2019da olmaktan ve bu eseri yapmaktan dolay\u0131 \u00e7ok mutluyum. &#8216;Amazon&#8217; isimli eser Kolombiya Amazon\u2019undaki murui etnik gurubun bir modeliyle \u00fclkenin temsili \u00e7i\u00e7e\u011fi olarak orkide\u2019den olu\u015fmakta. Kolombiyan\u0131n renkli ve zengin do\u011fas\u0131n\u0131 ve k\u00fclt\u00fcr\u00fcn\u00fc yans\u0131tmas\u0131 i\u00e7in bu renkli bir \u00e7al\u0131\u015fmay\u0131 yapt\u0131m.Burada olmaktan onur duyuyorum.&#8221;dedi.<\/p>\n\n\n\n<p>Kolombiya B\u00fcy\u00fckel\u00e7ili\u011fi K\u00fclt\u00fcr Ate\u015fesi Kevin Ramirez, Antalya&#8217;da olmakta duyduklar\u0131 memnuniyeti dile getiren,&#8221; Bu projeyi Antalya B\u00fcy\u00fck\u015fehir Belediyesi ile yap\u0131yoruz. Onlara \u00e7ok te\u015fekk\u00fcr etmek istiyorum. Bu projeyi Antalya&#8217;da ger\u00e7ekle\u015ftirdi\u011fimiz i\u00e7in \u00e7ok mutluyum. Antalya tan\u0131mad\u011f\u0131m\u0131z bir yerdi, bu vesile ile g\u00f6rd\u00fck ki burada \u00e7ok ke\u015ffedilecek yer var&#8221;dedi.<\/p>\n\n\n\n<p>Organizasyonu y\u00fcr\u00fcten Antalyal\u0131 \u0130\u015f insanlar\u0131ndan Melih Beken de yapt\u0131\u011f\u0131 a\u00e7\u0131klamas\u0131nda, &#8221; Antalya B\u00fcy\u00fck\u015fehir Belediyesi , Kolombiya B\u00fcy\u00fckel\u00e7ili\u011fi&#8217;nin beraber organize etti\u011fi &#8220;Guache&#8221; adl\u0131 sanat\u00e7\u0131n\u0131n&nbsp; &#8216;Amazon&#8217; adl\u0131 duvar boyama \u00e7al\u0131\u015fmas\u0131, belediyemizin imkanlar\u0131 ile haz\u0131rlanan&nbsp; Vatan Kahvesi&#8217;nin yan cephesindeki beyaz duvara uyguland\u0131.B\u00f6yle bir proje olmas\u0131ndan \u00e7ok mutluyuz. Kolombiya ile T\u00fcrkiye aras\u0131nda buna benzer bir\u00e7ok projeyi yapma d\u00fc\u015f\u00fcncemiz var.&#8221;diye konu\u015ftu.<\/p>\n\n\n\n<p>Antalya B\u00fcy\u00fck\u015fehir Belediyesi\/ B\u00fclten<\/p>\n","protected":false},"excerpt":{"rendered":"<p>Kolombiya T\u00fcrkiye B\u00fcy\u00fckel\u00e7ili\u011fi ve Antalya B\u00fcy\u00fck\u015fehir Belediyesi taraf\u0131ndan ortak geli\u015ftirilen ve Kolombiyal\u0131 \u00fcnl\u00fc sanat\u00e7\u0131 &#8220;Guache&#8221; nin &#8216;Amazon&#8217; adl\u0131 duvar boyama \u00e7al\u0131\u015fmas\u0131 devam ediyor. Vatan Kahvesi <a href=\"https:\/\/akdenizhaber.com.tr\/index.php\/2023\/09\/16\/kolombiyali-sanatcidan-vatan-kahvesi-duvarina-resim-calismasi\/\" class=\"read-more-link\">[more&#8230;]<\/a><\/p>\n","protected":false},"author":2,"featured_media":15779,"comment_status":"open","ping_status":"open","sticky":false,"template":"","format":"standard","meta":{"footnotes":""},"categories":[2],"tags":[],"class_list":["post-15778","post","type-post","status-publish","format-standard","has-post-thumbnail","hentry","category-gundem"],"_links":{"self":[{"href":"https:\/\/akdenizhaber.com.tr\/index.php\/wp-json\/wp\/v2\/posts\/15778","targetHints":{"allow":["GET"]}}],"collection":[{"href":"https:\/\/akdenizhaber.com.tr\/index.php\/wp-json\/wp\/v2\/posts"}],"about":[{"href":"https:\/\/akdenizhaber.com.tr\/index.php\/wp-json\/wp\/v2\/types\/post"}],"author":[{"embeddable":true,"href":"https:\/\/akdenizhaber.com.tr\/index.php\/wp-json\/wp\/v2\/users\/2"}],"replies":[{"embeddable":true,"href":"https:\/\/akdenizhaber.com.tr\/index.php\/wp-json\/wp\/v2\/comments?post=15778"}],"version-history":[{"count":0,"href":"https:\/\/akdenizhaber.com.tr\/index.php\/wp-json\/wp\/v2\/posts\/15778\/revisions"}],"wp:featuredmedia":[{"embeddable":true,"href":"https:\/\/akdenizhaber.com.tr\/index.php\/wp-json\/wp\/v2\/media\/15779"}],"wp:attachment":[{"href":"https:\/\/akdenizhaber.com.tr\/index.php\/wp-json\/wp\/v2\/media?parent=15778"}],"wp:term":[{"taxonomy":"category","embeddable":true,"href":"https:\/\/akdenizhaber.com.tr\/index.php\/wp-json\/wp\/v2\/categories?post=15778"},{"taxonomy":"post_tag","embeddable":true,"href":"https:\/\/akdenizhaber.com.tr\/index.php\/wp-json\/wp\/v2\/tags?post=15778"}],"curies":[{"name":"wp","href":"https:\/\/api.w.org\/{rel}","templated":true}]}}