{"id":15766,"date":"2023-09-16T11:38:36","date_gmt":"2023-09-16T08:38:36","guid":{"rendered":"https:\/\/akdenizhaber.com.tr\/?p=15766"},"modified":"2023-09-16T11:38:37","modified_gmt":"2023-09-16T08:38:37","slug":"engelli-cocuklar-zeytinparkta-kampta","status":"publish","type":"post","link":"https:\/\/akdenizhaber.com.tr\/index.php\/2023\/09\/16\/engelli-cocuklar-zeytinparkta-kampta\/","title":{"rendered":"Engelli \u00e7ocuklar Zeytinpark\u2019ta kampta"},"content":{"rendered":"\n<p><\/p>\n\n\n\n<p><strong>Antalya Muratpa\u015fa Belediyesi Adalya Vakf\u0131 Engelsiz Kafe, engelli \u00e7ocuklarla Zeytinpark\u2019ta do\u011fa kamp\u0131 d\u00fczenledi. Kamp\u0131n ilk g\u00fcn\u00fcnde \u00e7ocuklar, karanl\u0131kta parlayan boyalarla rengarenk haz\u0131rlad\u0131klar\u0131 ti\u015f\u00f6rtleriyle neon partide doyas\u0131ya e\u011flendi.<\/strong><\/p>\n\n\n\n<p>Engelli bireyler ve ailelerine y\u00f6nelik sosyal destek programlar\u0131 y\u00fcr\u00fcten Muratpa\u015fa Belediyesi Adalya Vakf\u0131 Engelsiz Kafe, engelli \u00e7ocuklar ve aileleriyle 2 milyon 630 bin metrekare geni\u015fli\u011fiyle T\u00fcrkiye\u2019nin bir \u015fehir merkezindeki en b\u00fcy\u00fck ye\u015fil alan\u0131 Zeytinpark\u2019ta kamp d\u00fczenlendi.<br><br>\u00c7ocuklar kampta, karanl\u0131kta parlayan boyalarla haz\u0131rlad\u0131klar\u0131 ti\u015f\u00f6rtleri giyerek neon parti ile e\u011flenceli dakikalar ge\u00e7irdi. Engelli \u00e7ocuklar ve aileleri m\u00fczik e\u015fli\u011finde dans edip doyas\u0131ya e\u011flenirken kamp sorumlusu Hande Aydurdu \u201cBuradaki her \u015fey \u00e7ocuklar\u0131m\u0131z ve ailelerimiz i\u00e7in. \u00d6zellikle ailelerimizin nefes almas\u0131 i\u00e7in. \u00c7ocuklar\u0131m\u0131za mutlu an\u0131lar b\u0131rakabilmek i\u00e7in buraday\u0131z\u201d dedi.<br><br>Kampa kat\u0131lan velilerden Nergis Uysal \u00e7ocuklarla etkinliklere yer alman\u0131n farkl\u0131 bir deneyim oldu\u011funu s\u00f6yledi. Uysal, \u201dOradaki e\u011fitimlerimiz de \u00e7ok g\u00fczel gidiyor. Mutluyuz. Seviyoruz. Gayet g\u00fczel\u201d dedi. \u00c7ocuklar\u0131n ve velilerin Muratpa\u015fa Belediyesi\u2019nin kamp\u0131nda kayna\u015fma f\u0131rsat\u0131 yakalad\u0131klar\u0131n\u0131 s\u00f6yleyen Tutku Y\u0131ld\u0131z ise \u201cEngelsiz Kafe\u2019nin bu tarzda etkinliklerinin biraz daha d\u0131\u015farda olmas\u0131n\u0131 istiyorduk. Zeytinpark \u00e7ok g\u00fczel bir yer olmu\u015f. \u00c7ok te\u015fekk\u00fcr ediyoruz\u201d diye konu\u015ftu. Y\u0131ld\u0131z, \u201cBizi burada birle\u015ftiren \u015fey giysilerimiz, k\u0131yafetlerimiz, sosyal stat\u00fcm\u00fcz, hayata bak\u0131\u015f a\u00e7\u0131m\u0131z de\u011fil, evlatlar\u0131m\u0131z\u201d dedi.<\/p>\n\n\n\n<p><strong>Muratpa\u015fa Belediyesi \/ B\u00fclten<\/strong><\/p>\n","protected":false},"excerpt":{"rendered":"<p>Antalya Muratpa\u015fa Belediyesi Adalya Vakf\u0131 Engelsiz Kafe, engelli \u00e7ocuklarla Zeytinpark\u2019ta do\u011fa kamp\u0131 d\u00fczenledi. Kamp\u0131n ilk g\u00fcn\u00fcnde \u00e7ocuklar, karanl\u0131kta parlayan boyalarla rengarenk haz\u0131rlad\u0131klar\u0131 ti\u015f\u00f6rtleriyle neon partide <a href=\"https:\/\/akdenizhaber.com.tr\/index.php\/2023\/09\/16\/engelli-cocuklar-zeytinparkta-kampta\/\" class=\"read-more-link\">[more&#8230;]<\/a><\/p>\n","protected":false},"author":2,"featured_media":15767,"comment_status":"open","ping_status":"open","sticky":false,"template":"","format":"standard","meta":{"footnotes":""},"categories":[2],"tags":[],"class_list":["post-15766","post","type-post","status-publish","format-standard","has-post-thumbnail","hentry","category-gundem"],"_links":{"self":[{"href":"https:\/\/akdenizhaber.com.tr\/index.php\/wp-json\/wp\/v2\/posts\/15766","targetHints":{"allow":["GET"]}}],"collection":[{"href":"https:\/\/akdenizhaber.com.tr\/index.php\/wp-json\/wp\/v2\/posts"}],"about":[{"href":"https:\/\/akdenizhaber.com.tr\/index.php\/wp-json\/wp\/v2\/types\/post"}],"author":[{"embeddable":true,"href":"https:\/\/akdenizhaber.com.tr\/index.php\/wp-json\/wp\/v2\/users\/2"}],"replies":[{"embeddable":true,"href":"https:\/\/akdenizhaber.com.tr\/index.php\/wp-json\/wp\/v2\/comments?post=15766"}],"version-history":[{"count":0,"href":"https:\/\/akdenizhaber.com.tr\/index.php\/wp-json\/wp\/v2\/posts\/15766\/revisions"}],"wp:featuredmedia":[{"embeddable":true,"href":"https:\/\/akdenizhaber.com.tr\/index.php\/wp-json\/wp\/v2\/media\/15767"}],"wp:attachment":[{"href":"https:\/\/akdenizhaber.com.tr\/index.php\/wp-json\/wp\/v2\/media?parent=15766"}],"wp:term":[{"taxonomy":"category","embeddable":true,"href":"https:\/\/akdenizhaber.com.tr\/index.php\/wp-json\/wp\/v2\/categories?post=15766"},{"taxonomy":"post_tag","embeddable":true,"href":"https:\/\/akdenizhaber.com.tr\/index.php\/wp-json\/wp\/v2\/tags?post=15766"}],"curies":[{"name":"wp","href":"https:\/\/api.w.org\/{rel}","templated":true}]}}