{"id":15747,"date":"2023-09-15T13:33:58","date_gmt":"2023-09-15T10:33:58","guid":{"rendered":"https:\/\/akdenizhaber.com.tr\/?p=15747"},"modified":"2023-09-15T13:33:58","modified_gmt":"2023-09-15T10:33:58","slug":"universite-sehir-butunlesmesi-icin-guc-birligi","status":"publish","type":"post","link":"https:\/\/akdenizhaber.com.tr\/index.php\/2023\/09\/15\/universite-sehir-butunlesmesi-icin-guc-birligi\/","title":{"rendered":"\u00dcniversite \u015eehir b\u00fct\u00fcnle\u015fmesi i\u00e7in g\u00fc\u00e7 birli\u011fi"},"content":{"rendered":"\n<p><\/p>\n\n\n\n<p>Akdeniz \u00dcniversitesinde kamu ve sivil toplum kurulu\u015f temsilcilerinin geni\u015f kat\u0131l\u0131m\u0131yla d\u0131\u015f payda\u015f toplant\u0131s\u0131 yap\u0131ld\u0131. Rekt\u00f6r \u00d6zkan \u201cBilimin \u0131\u015f\u0131\u011f\u0131nda, el birli\u011fi ile Antalya\u2019y\u0131 T\u00fcrkiye\u2019nin \u00f6rnek bir kenti, Akdeniz\u2019i de \u00fclkemizin \u00f6rnek \u00fcniversitesi yapabiliriz. \u00c7\u00fcnk\u00fc hem Antalya\u2019n\u0131n, hem de Akdeniz \u00dcniversitesi\u2019nin bu vizyonlara lay\u0131k oldu\u011funa inan\u0131yorum.\u201d dedi.<\/p>\n\n\n\n<p>Akdeniz \u00dcniversitesi ev sahipli\u011finde kamu ve sivil toplum kurulu\u015f temsilcilerinin kat\u0131l\u0131m\u0131yla d\u0131\u015f payda\u015f toplant\u0131s\u0131 yap\u0131ld\u0131. Rekt\u00f6rl\u00fck Senato Salonunda Rekt\u00f6r Prof. Dr. \u00d6zlenen \u00d6zkan ba\u015fkanl\u0131\u011f\u0131nda yap\u0131lan toplant\u0131ya Rekt\u00f6r Yard\u0131mc\u0131lar\u0131 Prof. Dr. Murat Turhan, Prof. Dr. Cengiz Toker, T\u0131p Fak\u00fcltesi Dekan\u0131 Prof. Dr. Erol G\u00fcrp\u0131nar, Dekan Yard\u0131mc\u0131s\u0131 Prof. Dr. Levent Sar\u0131kc\u0131o\u011flu, Spor Bilimleri Fak\u00fcltesi Dekan\u0131 Prof. Dr. Abdurrahman Aktop, Dekan Yard\u0131mc\u0131s\u0131 Do\u00e7. Dr. Tuba Meleko\u011flu, Rekt\u00f6r Dan\u0131\u015fman\u0131 Prof. Dr. Ahmet K\u00fc\u00e7\u00fck\u00e7etin, Uluslararas\u0131 \u0130li\u015fkiler Ofisi Koordinat\u00f6r\u00fc Prof. Dr. \u0130rfan Turhan, T\u0131p Fak\u00fcltesi \u00d6\u011fretim \u00dcyesi Prof. Dr. Ye\u015fim \u015eenol, Antalya Teknokent Genel M\u00fcd\u00fcr\u00fc Dr. \u0130brahim Yavuz, Genel Sekreter Dr. Ali Evren \u0130mre ve 40\u2019a yak\u0131n kamu ve sivil toplum kurulu\u015f temsilcileri kat\u0131ld\u0131.<\/p>\n\n\n\n<p>\u00dcN\u0130VERS\u0130TE \u015eEH\u0130R B\u00dcT\u00dcNLE\u015eMES\u0130 VURGUSU<\/p>\n\n\n\n<p>Akdeniz \u00dcniversitesini daha ileriye ta\u015f\u0131ma vizyonu do\u011frultusunda payda\u015flar\u0131n g\u00f6r\u00fc\u015f ve \u00f6nerilerini dinlemek, katk\u0131lar\u0131n\u0131 almak i\u00e7in bir araya geldiklerini s\u00f6yleyen Akdeniz \u00dcniversitesi Rekt\u00f6r\u00fc Prof. Dr. \u00d6zlenen \u00d6zkan, \u201cG\u00f6reve geldi\u011fimden beri en \u00f6nem verdi\u011fim konular\u0131n ba\u015f\u0131nda \u00dcniversite-\u015eehir b\u00fct\u00fcnle\u015fmesini art\u0131rmak geliyor. Burada yapaca\u011f\u0131m\u0131z konu\u015fmalar\u0131n, \u00fcniversitemizin geli\u015fimine y\u00f6nelik yol haritam\u0131z\u0131 \u00e7izmemizde etkili olaca\u011f\u0131na, yeni i\u015f birliklerine vesile olaca\u011f\u0131na inan\u0131yorum.\u201d dedi. Son \u00fc\u00e7 y\u0131lda \u00fcniversite \u015fehir b\u00fct\u00fcnle\u015fmesi ad\u0131na \u00f6nemli ad\u0131mlar att\u0131klar\u0131n\u0131 ifade den Rekt\u00f6r \u00d6zkan, \u201cD\u00f6nemimde kurum ve kurulu\u015flar\u0131m\u0131zla imzalad\u0131\u011f\u0131m\u0131z i\u015f birli\u011fi protokollerinin say\u0131s\u0131 100\u2019\u00fc a\u015ft\u0131. Ancak bunlar\u0131n k\u00e2\u011f\u0131t \u00fczerinde kalmas\u0131n\u0131 istemiyoruz. Bu i\u015f birliklerini daha da ileriye ta\u015f\u0131makta kararl\u0131y\u0131z. \u00c7\u00fcnk\u00fc inan\u0131yorum ki \u00fcniversitemizin ba\u015far\u0131s\u0131, hocalar\u0131m\u0131z ve idari kadromuzun gayreti kadar, d\u0131\u015f payda\u015flar\u0131m\u0131z\u0131n destekleriyle m\u00fcmk\u00fcn oluyor.\u201d diye konu\u015ftu.<\/p>\n\n\n\n<p>\u201cBU \u015eEHRE BORCUMUZ VAR\u201d<\/p>\n\n\n\n<p>\u00dcniversite ve \u015fehir i\u00e7in hayallerinin \u00e7ok b\u00fcy\u00fck oldu\u011funu vurgulayan Rekt\u00f6r \u00d6zkan, g\u00fcne\u015f enerjisinden yapay organ \u00fcretimine, Tar\u0131m Teknokentinden nitelikli uzaktan e\u011fitime kadar \u00e7ok farkl\u0131 alanda \u00f6nemli \u00e7al\u0131\u015fmalar\u0131 oldu\u011funu belirtti. Hem \u00dcniversite Rekt\u00f6r\u00fc olarak hem bir bilim insan\u0131 olarak hem de bu \u015fehrin bir evlad\u0131 olarak bu \u015fehre borcu oldu\u011funu ifade eden Rekt\u00f6r \u00d6zkan konu\u015fmas\u0131n\u0131 \u015f\u00f6yle s\u00fcrd\u00fcrd\u00fc; \u201cElbette bunu tek ba\u015f\u0131ma yapmam m\u00fcmk\u00fcn de\u011fil. \u015eehrimizin dinamiklerini olu\u015fturan kurumlar olarak, sizlerin deste\u011fi ve i\u015f birli\u011fi ile daha b\u00fcy\u00fck projelere imza atabiliriz. Bilimin \u0131\u015f\u0131\u011f\u0131nda, Antalya\u2019y\u0131 T\u00fcrkiye\u2019nin \u00f6rnek bir kenti, Akdeniz\u2019i de \u00fclkemizin \u00f6rnek \u00fcniversitesi yapabiliriz. \u00c7\u00fcnk\u00fc hem Antalya\u2019n\u0131n, hem de Akdeniz \u00dcniversitesi\u2019nin bu vizyonlara lay\u0131k oldu\u011funa inan\u0131yorum. Bu toplant\u0131da, akademik ve idari s\u00fcre\u00e7lerimizi sizlere aktaraca\u011f\u0131m\u0131z gibi, sizlerin de g\u00f6r\u00fc\u015flerinizi duymak istiyoruz. Sizinle birlikte \u00fcniversitemizi daha da ileri ta\u015f\u0131mak i\u00e7in fikirlerinizi bekliyoruz. Bu toplant\u0131n\u0131n, \u00dcniversitemiz ve \u015fehrimiz i\u00e7in olumlu sonu\u00e7lar do\u011furaca\u011f\u0131na inan\u0131yorum.\u201d<\/p>\n\n\n\n<p>SEKT\u00d6RE PROJE \u0130\u00c7\u0130N \u0130\u015e B\u0130RL\u0130\u011e\u0130 DAVET\u0130<\/p>\n\n\n\n<p>Payda\u015flarla toplant\u0131lara y\u0131l boyunca devam edilece\u011fini ifade eden Rekt\u00f6r Yard\u0131mc\u0131s\u0131 Prof. Dr. Murat Turhan, \u201cAntalyal\u0131 payda\u015flar olarak bizlere her konuda destek oldu\u011funuzun fark\u0131nday\u0131z. Her alanda sizlerin geri bildirimlerini alarak i\u015f birli\u011fi i\u00e7inde \u00e7al\u0131\u015fmaya \u00f6nem veriyoruz. Bilimsel Ara\u015ft\u0131rmalar Komisyonu Ba\u015fkan\u0131 olarak \u00e7al\u0131\u015f\u0131yorum. \u00d6zellikle sekt\u00f6r i\u015f birli\u011fi ile gelen proje say\u0131m\u0131zda s\u0131k\u0131nt\u0131m\u0131z oluyor. Sekt\u00f6r\u00fcn b\u00f6yle bir iste\u011fi olmad\u0131\u011f\u0131 i\u00e7in elimiz kolumuz ba\u011fl\u0131. Bu konuda proje geli\u015ftirirseniz ve bizi y\u00f6nlendirirseniz mutlu oluruz. \u0130\u015f birli\u011fi ile \u00fcretti\u011fimiz projelerin hem bize hem size hem b\u00f6lgemize, \u00fclkemize fayda sa\u011flayaca\u011f\u0131n\u0131 d\u00fc\u015f\u00fcn\u00fcyorum.\u201d dedi. Akdeniz \u00dcniversitesi olarak liyakate \u00e7ok \u00f6nem verdiklerini belirten Prof. Dr. Murat Turhan \u201c\u00dcniversitemizi ger\u00e7ek d\u00fczeyde d\u00fcnya genelinde ilk bine yerle\u015ftirmek istiyoruz bu konuda pek \u00e7ok d\u00fczenleme yapt\u0131k. \u00d6zellikle patentler konusunda Rekt\u00f6r Hocam\u0131z\u0131n vizyonu do\u011frultusunda sat\u0131n al\u0131nmam\u0131\u015f \u00e7ok say\u0131da patent yerine hedefimiz \u00fcr\u00fcnle\u015fmi\u015f ticarile\u015fmi\u015f patentler. Bu hedef do\u011frultusunda \u00e7al\u0131\u015f\u0131yoruz.\u201d dedi.<\/p>\n\n\n\n<p>\u201c\u00d6\u011eRENC\u0130LERE \u00d6NC\u00dcL\u00dcK ED\u0130N\u201d<\/p>\n\n\n\n<p>Payda\u015flara \u00f6\u011frencilerle daha \u00e7ok bir arada olmalar\u0131 i\u00e7in davette bulunan Prof. Dr. Murat Turhan \u201cYak\u0131n bir zamanda \u00f6\u011frenci topluluk g\u00fcnlerimiz olacak, davetiyelerimizi g\u00f6nderece\u011fiz. Sizleri de orada g\u00f6rmek istiyoruz. L\u00fctfen alan\u0131n\u0131zdaki \u00f6\u011frencilere sahip \u00e7\u0131k\u0131n, stant a\u00e7\u0131n, \u00f6\u011frencilerinizle bulu\u015fun, onlara \u00f6nc\u00fcl\u00fck edin. \u0130nan\u0131n \u00e7evrenizde onlarca \u00f6\u011frenci olacak ve hepsi p\u0131r\u0131l p\u0131r\u0131l. Alan\u0131ndaki b\u00fcy\u00fcklerle olmak onlara da ayr\u0131 bir gurur katacak. O konuda da desteklerinizi bekliyoruz.\u201d dedi. Prof. Dr. Turhan, payda\u015flardan ara\u015ft\u0131rma, teknoloji transferi, istihdam konusunda i\u015f birli\u011fi, stratejik plan ve politikalar, faaliyetler, mezunlar konusunda geri bildirim&nbsp;ve&nbsp;\u00f6neri beklediklerini s\u00f6zlerine ekledi.<\/p>\n\n\n\n<p>REKT\u00d6R \u00d6ZKAN\u2019LA \u00dcN\u0130VERS\u0130TEDE \u00c7ITA Y\u00dcKSELD\u0130<\/p>\n\n\n\n<p>Rekt\u00f6r Prof. Dr. \u00d6zlenen \u00d6zkan ile birlikte \u00fcniversitede ya\u015fanan d\u00f6n\u00fc\u015f\u00fcm s\u00fcreci, ileriye y\u00f6nelik stratejik plan ve politikalar hakk\u0131nda sunum yapan Dekan Yard\u0131mc\u0131s\u0131 Do\u00e7. Dr. Tuba Meleko\u011flu, Rekt\u00f6r \u00d6zkan\u2019\u0131n 208 \u00fcniversite rekt\u00f6r\u00fc aras\u0131nda ilk 10\u2019da, t\u0131p k\u00f6kenli rekt\u00f6rlerin aras\u0131nda ilk 3\u2019te, devlet \u00fcniversitelerinde en \u00fcst s\u0131radaki kad\u0131n rekt\u00f6r oldu\u011funu ve bu durumdan bir kad\u0131n akademisyen olarak \u00e7ok gurur duydu\u011funu ifade etti. Hem perspektif olarak hem akademisyen olarak \u00e7\u0131tan\u0131n \u00e7ok yukar\u0131da oldu\u011funu s\u00f6yleyen Do\u00e7. Dr. Tuba Meleko\u011flu \u201cRekt\u00f6r\u00fcm\u00fcz atand\u0131ktan sonra bize bu konuda liderlik ederek bizleri te\u015fvik etti. Bu anlamda bize koydu\u011fu hedeflerin en \u00f6nemlilerinden bir tanesi \u00fcniversitenin marka de\u011ferini, kalitesini ve katk\u0131s\u0131n\u0131 art\u0131rmak oldu. Bu kapsamda i\u00e7 ve d\u0131\u015f payda\u015flardan \u00f6neriler al\u0131p iyile\u015ftirmeler yap\u0131larak bir yol haritas\u0131 \u00e7\u0131kar\u0131ld\u0131.\u201d dedi. \u00dc\u00e7 y\u0131ll\u0131k s\u00fcre\u00e7teki \u00fcniversitedeki baz\u0131 geli\u015fmelerden bahseden Do\u00e7. Dr. Tuba Meleko\u011flu,&nbsp; bu s\u00fcre\u00e7te URAP d\u00fcnya s\u0131ralamas\u0131nda 75 s\u0131ra y\u00fckselmenin oldu\u011funu, akademik yay\u0131nlarda %35 art\u0131\u015f ve Ar-Ge\u2019ye ayr\u0131lan b\u00fct\u00e7enin y\u00fckseldi\u011fini ifade ederek tescil, patent, faydal\u0131 model, end\u00fcstri \u00fcniversite i\u015f birli\u011fi ile y\u00fcr\u00fct\u00fclen proje say\u0131s\u0131 gibi ba\u015fl\u0131klarda da hedeflerin de \u00fcst\u00fcnde y\u00fckseli\u015fler oldu\u011funu kaydetti.<\/p>\n\n\n\n<p>KAMU VE S\u0130V\u0130L TOPLUMDAN GEN\u0130\u015e KATILIM<\/p>\n\n\n\n<p>Akdeniz \u00dcniversitesi\u2019nin hi\u00e7 olmad\u0131\u011f\u0131 kadar \u015fehirle b\u00fct\u00fcnle\u015fti\u011fini ve bu toplant\u0131ya kat\u0131lmaktan b\u00fcy\u00fck memnuniyet duyduklar\u0131n\u0131 ifade eden kat\u0131l\u0131mc\u0131lar her konuda i\u015f birli\u011fine ve deste\u011fe haz\u0131r olduklar\u0131n\u0131 ifade ettiler. Toplant\u0131da ilk s\u00f6z alan Antalya Kent Konseyi Ba\u015fkan\u0131 Semanur Kurt da Akdeniz \u00dcniversitesinde daha \u00f6nce de farkl\u0131 toplant\u0131larla bir araya geldiklerini, t\u00fcm birimlerle i\u015f birli\u011fi, payla\u015f\u0131m yapabildiklerini ve bu anlamda \u00fcniversitenin kentle b\u00fct\u00fcnle\u015fmesine, kente d\u00f6n\u00fck olmas\u0131na y\u00f6nelik yapt\u0131\u011f\u0131 \u00e7al\u0131\u015fmalar i\u00e7in Rekt\u00f6r \u00d6zkan\u2019 \u0131 tebrik etti.<\/p>\n\n\n\n<p>Payda\u015f toplant\u0131s\u0131na Aile ve Sosyal Hizmetler \u0130l M\u00fcd\u00fcrl\u00fc\u011f\u00fc, Cumhurba\u015fkanl\u0131\u011f\u0131 \u0130leti\u015fim Ba\u015fkanl\u0131\u011f\u0131 Antalya B\u00f6lge M\u00fcd\u00fcrl\u00fc\u011f\u00fc, \u0130l Afet ve Acil Durum M\u00fcd\u00fcrl\u00fc\u011f\u00fc, \u0130l Milli E\u011fitim M\u00fcd\u00fcrl\u00fc\u011f\u00fc, \u0130l Tar\u0131m ve Orman M\u00fcd\u00fcrl\u00fc\u011f\u00fc, Bat\u0131 Akdeniz Tar\u0131msal Ara\u015ft\u0131rma Enstit\u00fcs\u00fc M\u00fcd\u00fcrl\u00fc\u011f\u00fc, Bat\u0131 Akdeniz G\u00fcmr\u00fck ve D\u0131\u015f Ticaret B\u00f6lge M\u00fcd\u00fcrl\u00fc\u011f\u00fc, Gen\u00e7lik ve Spor \u0130l M\u00fcd\u00fcrl\u00fc\u011f\u00fc, Sosyal G\u00fcvenlik Kurumu \u0130l M\u00fcd\u00fcrl\u00fc\u011f\u00fc, Sanayi ve Teknoloji \u0130l M\u00fcd\u00fcrl\u00fc\u011f\u00fc, Antalya Sanayici ve \u0130\u015f \u0130nsanlar\u0131 Derne\u011fi (ANS\u0130AD), Y\u00f6r\u00fck Sanayici ve \u0130\u015f \u0130nsanlar\u0131 Derne\u011fi (Y\u00d6RS\u0130AD), M\u00fcstakil Sanayici \u0130\u015f Adamlar\u0131 Derne\u011fi Antalya \u015eubesi, Gen\u00e7 M\u00fcstakil Sanayici ve \u0130\u015fadamlar\u0131 Derne\u011fi, Antalya Ticaret Borsas\u0131, Antalya Di\u015f Hekimleri Odas\u0131, Elektrik M\u00fchendisleri Odas\u0131, \u0130n\u015faat M\u00fchendisleri Odas\u0131, Mimarlar Odas\u0131, Peyzaj Mimarlar\u0131 Odas\u0131, \u015eehir Planc\u0131lar\u0131 Odas\u0131, TMMOB Makine M\u00fchendisleri Odas\u0131, Jeoloji M\u00fchendisleri Odas\u0131, Harita ve Kadastro M\u00fchendisleri Odas\u0131, T\u00fcrk Telekom Antalya B\u00f6lge M\u00fcd\u00fcrl\u00fc\u011f\u00fc, Antalya Gazeteciler Cemiyeti, Antalya Kent Konseyi, ASKON Derne\u011fi Antalya \u015eubesi, G\u0131da M\u00fchendisleri Odas\u0131, \u00c7evre M\u00fchendisleri Odas\u0131, \u0130\u00e7 Mimarlar Odas\u0131, TSE Akdeniz B\u00f6lge Koordinat\u00f6rl\u00fc\u011f\u00fc, KOSGEB Antalya M\u00fcd\u00fcrl\u00fc\u011f\u00fc, T\u00dcB\u0130TAK Ulusal G\u00f6zlemevi M\u00fcd\u00fcrl\u00fc\u011f\u00fc temsilcileri kat\u0131ld\u0131.<\/p>\n\n\n\n<p>Akdeniz \u00dcniversitesi Rekt\u00f6rl\u00fc\u011f\u00fc \/ B\u00fclten<\/p>\n","protected":false},"excerpt":{"rendered":"<p>Akdeniz \u00dcniversitesinde kamu ve sivil toplum kurulu\u015f temsilcilerinin geni\u015f kat\u0131l\u0131m\u0131yla d\u0131\u015f payda\u015f toplant\u0131s\u0131 yap\u0131ld\u0131. Rekt\u00f6r \u00d6zkan \u201cBilimin \u0131\u015f\u0131\u011f\u0131nda, el birli\u011fi ile Antalya\u2019y\u0131 T\u00fcrkiye\u2019nin \u00f6rnek bir <a href=\"https:\/\/akdenizhaber.com.tr\/index.php\/2023\/09\/15\/universite-sehir-butunlesmesi-icin-guc-birligi\/\" class=\"read-more-link\">[more&#8230;]<\/a><\/p>\n","protected":false},"author":2,"featured_media":15748,"comment_status":"open","ping_status":"open","sticky":false,"template":"","format":"standard","meta":{"footnotes":""},"categories":[2],"tags":[],"class_list":["post-15747","post","type-post","status-publish","format-standard","has-post-thumbnail","hentry","category-gundem"],"_links":{"self":[{"href":"https:\/\/akdenizhaber.com.tr\/index.php\/wp-json\/wp\/v2\/posts\/15747","targetHints":{"allow":["GET"]}}],"collection":[{"href":"https:\/\/akdenizhaber.com.tr\/index.php\/wp-json\/wp\/v2\/posts"}],"about":[{"href":"https:\/\/akdenizhaber.com.tr\/index.php\/wp-json\/wp\/v2\/types\/post"}],"author":[{"embeddable":true,"href":"https:\/\/akdenizhaber.com.tr\/index.php\/wp-json\/wp\/v2\/users\/2"}],"replies":[{"embeddable":true,"href":"https:\/\/akdenizhaber.com.tr\/index.php\/wp-json\/wp\/v2\/comments?post=15747"}],"version-history":[{"count":0,"href":"https:\/\/akdenizhaber.com.tr\/index.php\/wp-json\/wp\/v2\/posts\/15747\/revisions"}],"wp:featuredmedia":[{"embeddable":true,"href":"https:\/\/akdenizhaber.com.tr\/index.php\/wp-json\/wp\/v2\/media\/15748"}],"wp:attachment":[{"href":"https:\/\/akdenizhaber.com.tr\/index.php\/wp-json\/wp\/v2\/media?parent=15747"}],"wp:term":[{"taxonomy":"category","embeddable":true,"href":"https:\/\/akdenizhaber.com.tr\/index.php\/wp-json\/wp\/v2\/categories?post=15747"},{"taxonomy":"post_tag","embeddable":true,"href":"https:\/\/akdenizhaber.com.tr\/index.php\/wp-json\/wp\/v2\/tags?post=15747"}],"curies":[{"name":"wp","href":"https:\/\/api.w.org\/{rel}","templated":true}]}}