{"id":15744,"date":"2023-09-15T13:33:23","date_gmt":"2023-09-15T10:33:23","guid":{"rendered":"https:\/\/akdenizhaber.com.tr\/?p=15744"},"modified":"2023-09-15T13:33:24","modified_gmt":"2023-09-15T10:33:24","slug":"bizim-birinci-onceligimiz-egitim","status":"publish","type":"post","link":"https:\/\/akdenizhaber.com.tr\/index.php\/2023\/09\/15\/bizim-birinci-onceligimiz-egitim\/","title":{"rendered":"Bizim Birinci \u00d6nceli\u011fimiz E\u011fitim"},"content":{"rendered":"\n<p><\/p>\n\n\n\n<p><br><strong>Vali Hulusi \u015eahin, Kepez Kaymakaml\u0131\u011f\u0131 ve Belediye Ba\u015fkanl\u0131\u011f\u0131n\u0131 ziyaret ederek Kaymakam Nusret \u015eahin ve Belediye Ba\u015fkan\u0131 Hakan T\u00fct\u00fcnc\u00fc\u2019den il\u00e7e hakk\u0131nda detayl\u0131 bilgi ald\u0131. \u0130lk\u00f6\u011fretim Haftas\u0131 m\u00fcnasebetiyle Dokumapark\u2019ta d\u00fczenlenen etkinlikte \u00f6\u011frenci ve \u00f6\u011fretmenlerle bir araya geldi.<\/strong><strong><\/strong><\/p>\n\n\n\n<p><br>Etkinlikteki konu\u015fmas\u0131na 2023-2024 y\u0131l\u0131n\u0131n hay\u0131rl\u0131 ve u\u011furlu olmas\u0131n\u0131 dileyerek ba\u015flayan Vali \u015eahin \u015funlar\u0131 s\u00f6yledi: \u201cHepinize mutlu ve ba\u015far\u0131l\u0131 bir y\u0131l diliyorum. Bize d\u00fc\u015fen en b\u00fcy\u00fck g\u00f6rev \u00e7ocuklar\u0131m\u0131z\u0131 en iyi \u015fekilde yeti\u015ftirmek. 21\u2019inci y\u00fczy\u0131l\u0131n mimarlar\u0131n\u0131 bizler yeti\u015ftirece\u011fiz. \u015eunu \u00f6zellikle s\u00f6ylemek istiyorum. Her 10 liram\u0131z\u0131n en az 5 liras\u0131n\u0131, her mesai saatimizin de en az yar\u0131s\u0131n\u0131 e\u011fitime harcayaca\u011f\u0131z. Bizim birinci \u00f6nceli\u011fimiz e\u011fitimdir. T\u00fcm g\u00fcc\u00fcm\u00fcz\u00fc e\u011fitime harcayaca\u011f\u0131z. \u00c7\u00fcnk\u00fc insan\u0131m\u0131zdan daha de\u011ferli hi\u00e7bir \u015feyimiz yok. Gen\u00e7lerimizi iyi yeti\u015ftirirsek \u00f6n\u00fcm\u00fcz a\u00e7\u0131kt\u0131r.\u201d<\/p>\n\n\n\n<p><br>\u0130lk\u00f6\u011fretim Haftas\u0131 etkinli\u011fin ard\u0131ndan Dokumapark\u2019ta incelemelerde bulunan Vali \u015eahin, Kepez Belediye Ba\u015fkan\u0131 Hakan T\u00fct\u00fcnc\u00fc\u2019den Dokumapark\u2019ta verilen hizmetler hakk\u0131nda bilgi ald\u0131.<\/p>\n\n\n\n<p>Antalya Valili\u011fi \/ B\u00fclten<\/p>\n","protected":false},"excerpt":{"rendered":"<p>Vali Hulusi \u015eahin, Kepez Kaymakaml\u0131\u011f\u0131 ve Belediye Ba\u015fkanl\u0131\u011f\u0131n\u0131 ziyaret ederek Kaymakam Nusret \u015eahin ve Belediye Ba\u015fkan\u0131 Hakan T\u00fct\u00fcnc\u00fc\u2019den il\u00e7e hakk\u0131nda detayl\u0131 bilgi ald\u0131. \u0130lk\u00f6\u011fretim Haftas\u0131 <a href=\"https:\/\/akdenizhaber.com.tr\/index.php\/2023\/09\/15\/bizim-birinci-onceligimiz-egitim\/\" class=\"read-more-link\">[more&#8230;]<\/a><\/p>\n","protected":false},"author":2,"featured_media":15745,"comment_status":"open","ping_status":"open","sticky":false,"template":"","format":"standard","meta":{"footnotes":""},"categories":[2],"tags":[],"class_list":["post-15744","post","type-post","status-publish","format-standard","has-post-thumbnail","hentry","category-gundem"],"_links":{"self":[{"href":"https:\/\/akdenizhaber.com.tr\/index.php\/wp-json\/wp\/v2\/posts\/15744","targetHints":{"allow":["GET"]}}],"collection":[{"href":"https:\/\/akdenizhaber.com.tr\/index.php\/wp-json\/wp\/v2\/posts"}],"about":[{"href":"https:\/\/akdenizhaber.com.tr\/index.php\/wp-json\/wp\/v2\/types\/post"}],"author":[{"embeddable":true,"href":"https:\/\/akdenizhaber.com.tr\/index.php\/wp-json\/wp\/v2\/users\/2"}],"replies":[{"embeddable":true,"href":"https:\/\/akdenizhaber.com.tr\/index.php\/wp-json\/wp\/v2\/comments?post=15744"}],"version-history":[{"count":0,"href":"https:\/\/akdenizhaber.com.tr\/index.php\/wp-json\/wp\/v2\/posts\/15744\/revisions"}],"wp:featuredmedia":[{"embeddable":true,"href":"https:\/\/akdenizhaber.com.tr\/index.php\/wp-json\/wp\/v2\/media\/15745"}],"wp:attachment":[{"href":"https:\/\/akdenizhaber.com.tr\/index.php\/wp-json\/wp\/v2\/media?parent=15744"}],"wp:term":[{"taxonomy":"category","embeddable":true,"href":"https:\/\/akdenizhaber.com.tr\/index.php\/wp-json\/wp\/v2\/categories?post=15744"},{"taxonomy":"post_tag","embeddable":true,"href":"https:\/\/akdenizhaber.com.tr\/index.php\/wp-json\/wp\/v2\/tags?post=15744"}],"curies":[{"name":"wp","href":"https:\/\/api.w.org\/{rel}","templated":true}]}}