{"id":15735,"date":"2023-09-15T13:30:24","date_gmt":"2023-09-15T10:30:24","guid":{"rendered":"https:\/\/akdenizhaber.com.tr\/?p=15735"},"modified":"2023-09-15T13:30:25","modified_gmt":"2023-09-15T10:30:25","slug":"kepezden-yeni-mahalleye-taziye-evi","status":"publish","type":"post","link":"https:\/\/akdenizhaber.com.tr\/index.php\/2023\/09\/15\/kepezden-yeni-mahalleye-taziye-evi\/","title":{"rendered":"Kepez\u2019den Yeni Mahalle\u2019ye taziye evi"},"content":{"rendered":"\n<p><\/p>\n\n\n\n<p>Hem\u015ferilerinin ya\u015fam\u0131na dokunan projeler \u00fcreten Kepez Belediyesi, ac\u0131lar payla\u015f\u0131ld\u0131k\u00e7a azal\u0131r, anlay\u0131\u015f\u0131yla Yeni Emek Mahallesi\u2019ne taziye evi kazand\u0131r\u0131yor.<\/p>\n\n\n\n<p>Kepez Belediyesi, yak\u0131n\u0131 vefat eden kimselerin taziye dileklerini kabul edece\u011fi mek\u00e2nlar\u0131 \u00fcretmeye devam ediyor.<br>Cenaze sahiplerinin ac\u0131lar\u0131n\u0131n payla\u015f\u0131lmas\u0131na vesile olan taziye evi, il\u00e7ede \u00c7ankaya, G\u00fcne\u015f, \u015eafak ve H\u00fcsn\u00fc Karaka\u015f mahallelerine yap\u0131lm\u0131\u015ft\u0131.<br>Kepez Belediyesi, il\u00e7e sakinlerinden gelen talepleri dikkate alarak Yeni Emek Mahallesi\u2019ne de butik bir taziye evi in\u015fa ediyor.<br>Muhtarl\u0131k hizmet binas\u0131n\u0131n yan\u0131ndaki alanda yap\u0131m\u0131na ba\u015flan\u0131lan taziye evinin zemin beton imalat\u0131 tamamland\u0131 ve yap\u0131n\u0131n \u00e7elik konstr\u00fcksiyon montaj\u0131na ge\u00e7ildi.<br>Kepez Belediyesi Park ve Bah\u00e7eler M\u00fcd\u00fcrl\u00fc\u011f\u00fc himayesinde in\u015fa edilen taziye evinin 120 metrekare olan kullan\u0131m alan\u0131nda lavabo, mutfak ve oturma salonu bulunuyor.<\/p>\n\n\n\n<p><strong>\u201c Taziye evi projesiyle ac\u0131lar\u0131 payla\u015f\u0131yoruz \u201c<\/strong><br>Kepez Belediye Ba\u015fkan\u0131 Hakan T\u00fct\u00fcnc\u00fc de, a\u00e7\u0131klamas\u0131nda sosyal belediyecilik anlay\u0131\u015f\u0131yla il\u00e7e halk\u0131n\u0131n ya\u015fam\u0131na dokunan projeler \u00fcrettiklerini s\u00f6yledi.<br>Bu kapsamda \u00f6nceki y\u0131llarda \u00c7ankaya, G\u00fcne\u015f, \u015eafak ve H\u00fcsn\u00fc Karaka\u015f mahallerine taziye evi kazand\u0131rd\u0131klar\u0131n\u0131 hat\u0131rlatan Ba\u015fkan Hakan T\u00fct\u00fcnc\u00fc, \u201c Yeni Emek Mahallesi sakinlerimizin de taziye evi talebi vard\u0131.&nbsp; Bu talebi kar\u015f\u0131l\u0131yoruz. Mahallemize, yak\u0131nlar\u0131n\u0131 kaybeden hem\u015fehrilerimizin ba\u015f sa\u011fl\u0131\u011f\u0131 dileklerini kabul edece\u011fi butik bir \u2018taziye evi\u2019 yap\u0131yoruz. Bu projeyle, yak\u0131n\u0131n\u0131 kaybeden vatanda\u015flar\u0131m\u0131z\u0131n hem ac\u0131lar\u0131n\u0131 payla\u015faca\u011f\u0131z hem de omuzlar\u0131ndaki y\u00fck\u00fcn hafiflemesine yard\u0131mc\u0131 olaca\u011f\u0131z.&nbsp; Taziye k\u00fclt\u00fcr\u00fcn\u00fcn \u00f6rf ve adetlerimizde \u00f6zel bir yeri var.&nbsp; \u0130mkanlar dahilinde il\u00e7emize yeni taziye evleri yaparak, hem\u015fehrilerimizin ac\u0131lar\u0131n\u0131 payla\u015fmaya devam edece\u011fiz. \u201c a\u00e7\u0131klamas\u0131n\u0131 yapt\u0131.<\/p>\n\n\n\n<p>Ba\u015fkan T\u00fct\u00fcnc\u00fc, Yeni Emek Mahallesi\u2019ndeki taziye evini, in\u015faat\u0131n\u0131 k\u0131sa s\u00fcrede tamamlayarak hizmete alacaklar\u0131n\u0131 s\u00f6zlerine ekledi.<\/p>\n\n\n\n<p>Kepez Belediyesi \/ B\u00fclten<\/p>\n","protected":false},"excerpt":{"rendered":"<p>Hem\u015ferilerinin ya\u015fam\u0131na dokunan projeler \u00fcreten Kepez Belediyesi, ac\u0131lar payla\u015f\u0131ld\u0131k\u00e7a azal\u0131r, anlay\u0131\u015f\u0131yla Yeni Emek Mahallesi\u2019ne taziye evi kazand\u0131r\u0131yor. Kepez Belediyesi, yak\u0131n\u0131 vefat eden kimselerin taziye dileklerini <a href=\"https:\/\/akdenizhaber.com.tr\/index.php\/2023\/09\/15\/kepezden-yeni-mahalleye-taziye-evi\/\" class=\"read-more-link\">[more&#8230;]<\/a><\/p>\n","protected":false},"author":2,"featured_media":15736,"comment_status":"open","ping_status":"open","sticky":false,"template":"","format":"standard","meta":{"footnotes":""},"categories":[2],"tags":[],"class_list":["post-15735","post","type-post","status-publish","format-standard","has-post-thumbnail","hentry","category-gundem"],"_links":{"self":[{"href":"https:\/\/akdenizhaber.com.tr\/index.php\/wp-json\/wp\/v2\/posts\/15735","targetHints":{"allow":["GET"]}}],"collection":[{"href":"https:\/\/akdenizhaber.com.tr\/index.php\/wp-json\/wp\/v2\/posts"}],"about":[{"href":"https:\/\/akdenizhaber.com.tr\/index.php\/wp-json\/wp\/v2\/types\/post"}],"author":[{"embeddable":true,"href":"https:\/\/akdenizhaber.com.tr\/index.php\/wp-json\/wp\/v2\/users\/2"}],"replies":[{"embeddable":true,"href":"https:\/\/akdenizhaber.com.tr\/index.php\/wp-json\/wp\/v2\/comments?post=15735"}],"version-history":[{"count":0,"href":"https:\/\/akdenizhaber.com.tr\/index.php\/wp-json\/wp\/v2\/posts\/15735\/revisions"}],"wp:featuredmedia":[{"embeddable":true,"href":"https:\/\/akdenizhaber.com.tr\/index.php\/wp-json\/wp\/v2\/media\/15736"}],"wp:attachment":[{"href":"https:\/\/akdenizhaber.com.tr\/index.php\/wp-json\/wp\/v2\/media?parent=15735"}],"wp:term":[{"taxonomy":"category","embeddable":true,"href":"https:\/\/akdenizhaber.com.tr\/index.php\/wp-json\/wp\/v2\/categories?post=15735"},{"taxonomy":"post_tag","embeddable":true,"href":"https:\/\/akdenizhaber.com.tr\/index.php\/wp-json\/wp\/v2\/tags?post=15735"}],"curies":[{"name":"wp","href":"https:\/\/api.w.org\/{rel}","templated":true}]}}