{"id":15732,"date":"2023-09-15T13:28:29","date_gmt":"2023-09-15T10:28:29","guid":{"rendered":"https:\/\/akdenizhaber.com.tr\/?p=15732"},"modified":"2023-09-15T13:28:30","modified_gmt":"2023-09-15T10:28:30","slug":"konsemde-yeni-donem-basladi","status":"publish","type":"post","link":"https:\/\/akdenizhaber.com.tr\/index.php\/2023\/09\/15\/konsemde-yeni-donem-basladi\/","title":{"rendered":"KONSEM\u2019de yeni d\u00f6nem ba\u015flad\u0131"},"content":{"rendered":"\n<p><\/p>\n\n\n\n<p><strong>Konyaalt\u0131 Belediye Ba\u015fkan\u0131 Semih Esen, Konyaalt\u0131 Belediyesi Sanat E\u011fitim Merkezi (KONSEM) b\u00fcnyesinde hizmet veren Et\u00fct Merkezi\u2019nde \u00f6\u011frencilerle bir araya geldi. Esen, yeni e\u011fitim-\u00f6\u011fretim d\u00f6neminde \u00f6\u011frencilere ba\u015far\u0131lar diledi.<\/strong><\/p>\n\n\n\n<p>Konyaalt\u0131 Belediye Ba\u015fkan\u0131 Semih Esen, KONSEM b\u00fcnyesinde \u00fccretsiz e\u011fitim veren Et\u00fct Merkezi\u2019nin 2023-2024 e\u011fitim-\u00f6\u011fretim y\u0131l\u0131n\u0131n a\u00e7\u0131l\u0131\u015f\u0131n\u0131 ger\u00e7ekle\u015ftirdi. Yeni d\u00f6nem a\u00e7\u0131l\u0131\u015f\u0131nda konu\u015fan Ba\u015fkan Esen, \u00f6\u011frencilerin \u00e7ok kritik bir virajda oldu\u011funu s\u00f6yledi. D\u00f6nemin hen\u00fcz ba\u015f\u0131nda olduklar\u0131n\u0131 belirten Esen, \u201cBug\u00fcne kadar ki diploma ve derslerdeki notlar\u0131n\u0131z\u0131n, s\u0131nava \u00e7ok k\u00fc\u00e7\u00fck oranda etkisi olacak. Bu bizim tespit etti\u011fimiz benimsedi\u011fimiz bir y\u00f6ntem de\u011fil. \u00d6\u011frencinin okul hayat\u0131na ba\u015flad\u0131\u011f\u0131ndan \u00fcniversite a\u015famas\u0131na geldi\u011fi zamana kadar ki performans\u0131 bana sorarsan\u0131z \u00fcniversiteye giri\u015fte daha fazla etkili olmal\u0131. Buradaki \u00f6\u011fretmenleriniz tecr\u00fcbeli. Sizden \u00f6nce sizin gibi pek \u00e7ok arkada\u015f\u0131n\u0131z da burada \u00fcniversiteye haz\u0131rland\u0131 ve ba\u015far\u0131l\u0131 sonu\u00e7lar elde etti. \u015eimdi s\u0131ra sizde\u201d dedi.<\/p>\n\n\n\n<p><strong>HAYAL KURMANIZ LAZIM<\/strong><\/p>\n\n\n\n<p>\u00d6\u011frencilerin s\u0131nav s\u00fcrecinde iyi bir \u00e7al\u0131\u015fma plan\u0131 haz\u0131rlamas\u0131 gerekti\u011fini ifade eden Ba\u015fkan Esen, tecr\u00fcbeli ve ba\u015far\u0131l\u0131 bir \u00f6\u011fretmen kadrosu ile bu s\u00fcre\u00e7te \u00f6\u011frencilerin yan\u0131nda olduklar\u0131n\u0131 kaydetti. \u00d6\u011frencilerin s\u0131navda istedi\u011fi puan\u0131 almas\u0131 i\u00e7in tecr\u00fcbeli \u00f6\u011fretmen kadrosunun tek ba\u015f\u0131na yeterli olmad\u0131\u011f\u0131n\u0131 s\u00f6yleyen Esen, \u00f6\u011frencilere y\u00f6nelik konu\u015fmas\u0131n\u0131 \u015f\u00f6yle s\u00fcrd\u00fcrd\u00fc: \u201cTecr\u00fcbeli \u00f6\u011fretmen kadromuz var. Ama s\u0131navda istedi\u011finiz puan\u0131 alman\u0131z i\u00e7in tecr\u00fcbeli \u00f6\u011fretmen kadrosu tek ba\u015f\u0131na yeterli de\u011fil. Sizler de s\u0131k\u0131 ders \u00e7al\u0131\u015fmal\u0131 ve hayal kurmal\u0131s\u0131n\u0131z. Gelece\u011finize y\u00f6nelik hayal kurman\u0131z laz\u0131m. Bu \u00fclke ko\u015fullar\u0131nda bunun \u00e7ok kolay olmad\u0131\u011f\u0131n\u0131 biliyorum. Kendi gelece\u011finizle ve toplumun i\u00e7erinde kendi yerinizle ilgili mutlaka bir hayal kurman\u0131z ve bu hayali kurarken de ger\u00e7eklerden kopmaman\u0131z laz\u0131m. Hem kendinize hem de ders \u00e7al\u0131\u015fmaya vakit ay\u0131rmak i\u00e7in \u00f6n\u00fcm\u00fczdeki bir y\u0131l\u0131 planlamal\u0131s\u0131n\u0131z. Hepinize ba\u015far\u0131l\u0131 bir e\u011fitim-\u00f6\u011fretim s\u00fcreci diliyorum.\u201d<\/p>\n\n\n\n<p>\u00d6\u011fretmen ve \u00f6\u011frencilerle hat\u0131ra foto\u011fraf\u0131 \u00e7ektiren Ba\u015fkan Semih Esen, daha sonra \u00f6\u011fretmenler ile sohbet etti.<\/p>\n\n\n\n<p><strong>Konyaalt\u0131 Belediyesi \/ B\u00fclten<\/strong><\/p>\n","protected":false},"excerpt":{"rendered":"<p>Konyaalt\u0131 Belediye Ba\u015fkan\u0131 Semih Esen, Konyaalt\u0131 Belediyesi Sanat E\u011fitim Merkezi (KONSEM) b\u00fcnyesinde hizmet veren Et\u00fct Merkezi\u2019nde \u00f6\u011frencilerle bir araya geldi. Esen, yeni e\u011fitim-\u00f6\u011fretim d\u00f6neminde \u00f6\u011frencilere <a href=\"https:\/\/akdenizhaber.com.tr\/index.php\/2023\/09\/15\/konsemde-yeni-donem-basladi\/\" class=\"read-more-link\">[more&#8230;]<\/a><\/p>\n","protected":false},"author":2,"featured_media":15733,"comment_status":"open","ping_status":"open","sticky":false,"template":"","format":"standard","meta":{"footnotes":""},"categories":[2],"tags":[],"class_list":["post-15732","post","type-post","status-publish","format-standard","has-post-thumbnail","hentry","category-gundem"],"_links":{"self":[{"href":"https:\/\/akdenizhaber.com.tr\/index.php\/wp-json\/wp\/v2\/posts\/15732","targetHints":{"allow":["GET"]}}],"collection":[{"href":"https:\/\/akdenizhaber.com.tr\/index.php\/wp-json\/wp\/v2\/posts"}],"about":[{"href":"https:\/\/akdenizhaber.com.tr\/index.php\/wp-json\/wp\/v2\/types\/post"}],"author":[{"embeddable":true,"href":"https:\/\/akdenizhaber.com.tr\/index.php\/wp-json\/wp\/v2\/users\/2"}],"replies":[{"embeddable":true,"href":"https:\/\/akdenizhaber.com.tr\/index.php\/wp-json\/wp\/v2\/comments?post=15732"}],"version-history":[{"count":0,"href":"https:\/\/akdenizhaber.com.tr\/index.php\/wp-json\/wp\/v2\/posts\/15732\/revisions"}],"wp:featuredmedia":[{"embeddable":true,"href":"https:\/\/akdenizhaber.com.tr\/index.php\/wp-json\/wp\/v2\/media\/15733"}],"wp:attachment":[{"href":"https:\/\/akdenizhaber.com.tr\/index.php\/wp-json\/wp\/v2\/media?parent=15732"}],"wp:term":[{"taxonomy":"category","embeddable":true,"href":"https:\/\/akdenizhaber.com.tr\/index.php\/wp-json\/wp\/v2\/categories?post=15732"},{"taxonomy":"post_tag","embeddable":true,"href":"https:\/\/akdenizhaber.com.tr\/index.php\/wp-json\/wp\/v2\/tags?post=15732"}],"curies":[{"name":"wp","href":"https:\/\/api.w.org\/{rel}","templated":true}]}}