{"id":15729,"date":"2023-09-15T13:27:43","date_gmt":"2023-09-15T10:27:43","guid":{"rendered":"https:\/\/akdenizhaber.com.tr\/?p=15729"},"modified":"2023-09-15T13:27:44","modified_gmt":"2023-09-15T10:27:44","slug":"yoreler-renkler-festivali-basliyor","status":"publish","type":"post","link":"https:\/\/akdenizhaber.com.tr\/index.php\/2023\/09\/15\/yoreler-renkler-festivali-basliyor\/","title":{"rendered":"Y\u00f6reler Renkler Festivali ba\u015fl\u0131yor"},"content":{"rendered":"\n<p><\/p>\n\n\n\n<p><strong>Muratpa\u015fa Belediyesi sadece T\u00fcrkiye\u2019nin de\u011fil d\u00fcnyan\u0131n farkl\u0131 noktalar\u0131ndan Antalya\u2019ya yerle\u015fenleri, geldi\u011fi yeri de do\u011fdu\u011fu yeri de unutmayanlar\u0131 25 Eyl\u00fcl &#8211; 1 Ekim tarihlerinde 7\u2019ncisini d\u00fczenleyece\u011fi Y\u00f6reler Renkler Festivali\u2019nde bulu\u015fturuyor.<\/strong><\/p>\n\n\n\n<p>Festivale birlikte ya\u015fam k\u00fclt\u00fcr\u00fcn\u00fcn en g\u00fczel \u00f6rne\u011fini temsil eden y\u00f6re derneklerinin yan\u0131 s\u0131ra Antalya\u2019da yerle\u015fik yabanc\u0131lar\u0131n da kurdu\u011fu toplamda 70 dernek kat\u0131lacak. Do\u011fu Anadolu b\u00f6lgesinden 13, \u0130\u00e7 Anadolu\u2019dan 12, G\u00fcneydo\u011fu Anadolu\u2019dan 11 dernek, bu y\u0131l 7\u2019ncisi yap\u0131lacak festivalde yer alacak. Karadeniz\u2019den 9, Akdeniz\u2019den 6, Marmara ve Ege b\u00f6lgesinden ise 3 hem\u015feri derne\u011finin kat\u0131laca\u011f\u0131 festivale 9 y\u00f6r\u00fck k\u00fclt\u00fcr derne\u011fi ve Antalya\u2019da yerle\u015fik yabanc\u0131lar\u0131n kurdu\u011fu 7 kom\u015fu \u00fclke derne\u011fi festivalde yer alacak.<br>Festivale kat\u0131lacak dernekler, bir hafta boyunca Muratpa\u015fa Atat\u00fcrk Kent Meydan\u0131\u2019na kurulacak stantlarda \u015fehirlerinin, il\u00e7elerinin yemeklerini, el sanatlar\u0131n\u0131, do\u011fal ve tarihi g\u00fczelliklerini tan\u0131tacak.<br><br>Dernekler \u00fcr\u00fcnlerini sergileyecekleri stand yerleri kura ile belirlenirken festival, 25 Eyl\u00fcl Pazartesi \u0130\u00e7 Anadolu gecesiyle ba\u015flayacak. \u0130lk gecede halk m\u00fczi\u011finin g\u00fc\u00e7l\u00fc sesi Sabahat Akkiraz sahne alacak. Festivalin ikinci g\u00fcn\u00fc Ege ve Marmara gecesiyle devam edecek. Gecede \u201cYunus Emre\u2019den A\u015f\u0131k Veysel\u2019e\u201d isimli konseriyle \u0130lke T\u00fcrkdo\u011fan sahne alacak. Festivalin 3\u2019\u00fcnc\u00fc g\u00fcn\u00fc Do\u011fu Anadolu gecesiyle devam edecek. Muratpa\u015fa Belediyesi Halk Danslar\u0131 Toplulu\u011fu\u2019nun g\u00f6sterisiyle ba\u015flayacak gecede \u0130hsan G\u00fcvercin ve Serpil Efe sahne alacak.<br><br>Festivalde 28 Eyl\u00fcl Per\u015fembe g\u00fcn\u00fc Akdeniz Gecesi d\u00fczenlenecek. Abdullah Gencer ve \u0130smail \u00c7ak\u0131r\u2019\u0131n sahne alaca\u011f\u0131 geceyi cuma g\u00fcn\u00fc Karadeniz gecesi takip edecek. Gecede Karadeniz m\u00fczi\u011finin g\u00fc\u00e7l\u00fc gruplar\u0131ndan Koliva sahnede olacak. Y\u00f6reler Renkler Festivali\u2019nde 30 Eyl\u00fcl Cumartesi ak\u015fam\u0131 ise farkl\u0131 dillerde besteledikleri halk ezgileriyle tan\u0131nan Karde\u015f T\u00fcrk\u00fcler konseriyle devam edecek. G\u00fcneydo\u011fu Anadolu gecesinde d\u00fczenlenecek konser saat 21.00\u2019de ba\u015flayacak.<br><br>Festival 1 Ekim Pazar g\u00fcn\u00fc Kom\u015fu \u00dclkeler gecesiye sona erecek. Cenk Bosnal\u0131\u2019n\u0131n sahne alaca\u011f\u0131 gecede aralar\u0131nda \u0130ran ve Kom\u015fu \u00dclkeler Dostluk Derne\u011fi, Ukrayna Ailesi Derne\u011fi, Rus Dostluk Ve K\u00fclt\u00fcr Derne\u011fi, Kazakistan Ve Avrasya Devletleri Dostluk Ve K\u00fclt\u00fcr Derne\u011fi\u2019nin de bulundu\u011fu Antalya\u2019da ya\u015fayan yerle\u015fik yabanc\u0131lar\u0131n kurdu\u011fu dernekler k\u00fclt\u00fcrlerini tan\u0131tacak.<\/p>\n\n\n\n<p><strong>Muratpa\u015fa Belediyesi \/ B\u00fclten<\/strong><\/p>\n","protected":false},"excerpt":{"rendered":"<p>Muratpa\u015fa Belediyesi sadece T\u00fcrkiye\u2019nin de\u011fil d\u00fcnyan\u0131n farkl\u0131 noktalar\u0131ndan Antalya\u2019ya yerle\u015fenleri, geldi\u011fi yeri de do\u011fdu\u011fu yeri de unutmayanlar\u0131 25 Eyl\u00fcl &#8211; 1 Ekim tarihlerinde 7\u2019ncisini d\u00fczenleyece\u011fi <a href=\"https:\/\/akdenizhaber.com.tr\/index.php\/2023\/09\/15\/yoreler-renkler-festivali-basliyor\/\" class=\"read-more-link\">[more&#8230;]<\/a><\/p>\n","protected":false},"author":2,"featured_media":15730,"comment_status":"open","ping_status":"open","sticky":false,"template":"","format":"standard","meta":{"footnotes":""},"categories":[2],"tags":[],"class_list":["post-15729","post","type-post","status-publish","format-standard","has-post-thumbnail","hentry","category-gundem"],"_links":{"self":[{"href":"https:\/\/akdenizhaber.com.tr\/index.php\/wp-json\/wp\/v2\/posts\/15729","targetHints":{"allow":["GET"]}}],"collection":[{"href":"https:\/\/akdenizhaber.com.tr\/index.php\/wp-json\/wp\/v2\/posts"}],"about":[{"href":"https:\/\/akdenizhaber.com.tr\/index.php\/wp-json\/wp\/v2\/types\/post"}],"author":[{"embeddable":true,"href":"https:\/\/akdenizhaber.com.tr\/index.php\/wp-json\/wp\/v2\/users\/2"}],"replies":[{"embeddable":true,"href":"https:\/\/akdenizhaber.com.tr\/index.php\/wp-json\/wp\/v2\/comments?post=15729"}],"version-history":[{"count":0,"href":"https:\/\/akdenizhaber.com.tr\/index.php\/wp-json\/wp\/v2\/posts\/15729\/revisions"}],"wp:featuredmedia":[{"embeddable":true,"href":"https:\/\/akdenizhaber.com.tr\/index.php\/wp-json\/wp\/v2\/media\/15730"}],"wp:attachment":[{"href":"https:\/\/akdenizhaber.com.tr\/index.php\/wp-json\/wp\/v2\/media?parent=15729"}],"wp:term":[{"taxonomy":"category","embeddable":true,"href":"https:\/\/akdenizhaber.com.tr\/index.php\/wp-json\/wp\/v2\/categories?post=15729"},{"taxonomy":"post_tag","embeddable":true,"href":"https:\/\/akdenizhaber.com.tr\/index.php\/wp-json\/wp\/v2\/tags?post=15729"}],"curies":[{"name":"wp","href":"https:\/\/api.w.org\/{rel}","templated":true}]}}