{"id":15726,"date":"2023-09-14T14:31:14","date_gmt":"2023-09-14T11:31:14","guid":{"rendered":"https:\/\/akdenizhaber.com.tr\/?p=15726"},"modified":"2023-09-14T14:31:15","modified_gmt":"2023-09-14T11:31:15","slug":"baskan-bocek-mujdeyi-verdi-sedir-spor-kompleksi-29-ekimde-aciliyor","status":"publish","type":"post","link":"https:\/\/akdenizhaber.com.tr\/index.php\/2023\/09\/14\/baskan-bocek-mujdeyi-verdi-sedir-spor-kompleksi-29-ekimde-aciliyor\/","title":{"rendered":"Ba\u015fkan B\u00f6cek m\u00fcjdeyi verdi                             Sedir Spor Kompleksi 29 Ekim\u2019de a\u00e7\u0131l\u0131yor"},"content":{"rendered":"\n<p><\/p>\n\n\n\n<p>Antalya B\u00fcy\u00fck\u015fehir Belediye Ba\u015fkan\u0131 Muhittin B\u00f6cek, ge\u00e7mi\u015f d\u00f6nemden yar\u0131m kalan projelerden Sedir Spor Kompleksi\u2019ndeki \u00e7al\u0131\u015fmalar\u0131 denetledi. Sedir Spor Kompleksi\u2019nin Cumhuriyetin 100. Y\u0131l\u0131nda Antalyal\u0131 gen\u00e7lere hediye edilece\u011fini m\u00fcjdeleyen Ba\u015fkan B\u00f6cek, \u201cYakla\u015f\u0131k 160 milyon liraya mal olacak yat\u0131r\u0131m ile Akdeniz\u2019in en b\u00fcy\u00fck spor kompleksini a\u00e7aca\u011f\u0131z\u201d dedi.<\/p>\n\n\n\n<p>Ba\u015fkan Muhittin B\u00f6cek, ASAT taraf\u0131ndan Sedir Mahallesi&#8217;nde yap\u0131m\u0131 devam eden Sedir Spor Kompleksi\u2019nde incelemelerde bulundu. \u00c7al\u0131\u015fmalar\u0131 yerinde g\u00f6ren Ba\u015fkan B\u00f6cek,projenin son durumu hakk\u0131nda b\u00fcrokratlar\u0131ndan ve y\u00fcklenici firma yetkililerinden bilgi ald\u0131. Antalya\u2019da vatanda\u015f\u0131n menfaatine olan yar\u0131m kalm\u0131\u015f projeleri teker teker tamamlad\u0131klar\u0131n\u0131 s\u00f6yleyen Ba\u015fkan B\u00f6cek, \u201cYar\u0131m kalan Sedir Spor Kompleksi \u00f6nceki d\u00f6nemde 13 milyon TL\u2019ye mal olmu\u015f. 10 milyon liras\u0131 \u00f6denmi\u015f, geri kalan 3 milyon liray\u0131 B\u00fcy\u00fck\u015fehir\u2019i devrald\u0131\u011f\u0131m\u0131zda biz \u00f6dedik. 2018 y\u0131l\u0131nda da projenin in\u015faat\u0131 durmu\u015f. G\u00f6reve geldi\u011fimizde projenin tamamlanmas\u0131 gerekti\u011fini s\u00f6ylemi\u015ftik. \u015eu anda yeni ihalesini de yapt\u0131k. Tamamland\u0131\u011f\u0131nda proje toplam160 milyon liraya mal olacak\u201d dedi.<\/p>\n\n\n\n<p>100. YILDA GEN\u00c7LERE ARMA\u011eAN<\/p>\n\n\n\n<p>Spor kompleksini Cumhuriyetimizin 100. Y\u0131l\u0131nda gelece\u011fimizin emaneti gen\u00e7lere arma\u011fan edeceklerini belirten Ba\u015fkan Muhittin B\u00f6cek, \u201cMustafa Kemal Atat\u00fcrk\u2019\u00fcn<\/p>\n\n\n\n<p>\u2018Ey y\u00fckselen yeni nesil, istikbal sizsiniz. Cumhuriyeti biz kurduk, onu y\u00fckseltecek ve ya\u015fatacak olan sizlersiniz\u2019 diye seslendi\u011fi gen\u00e7lerimiz i\u00e7in Akdeniz ve Antalya\u2019n\u0131n en b\u00fcy\u00fck spor kompleksini a\u00e7m\u0131\u015f olaca\u011f\u0131z. Cumhuriyetin 100. Y\u0131l\u0131na \u00f6nemli bir eser b\u0131rakaca\u011f\u0131z\u201d diye konu\u015ftu.<\/p>\n\n\n\n<p>F\u0130LEN\u0130N YEN\u0130 SULTANLARI YET\u0130\u015eECEK<\/p>\n\n\n\n<p>Ba\u015fkan B\u00f6cek, Sedir Spor Kompleksi hakk\u0131nda \u015fu bilgileri verdi: \u201c\u0130\u00e7erisinde kapal\u0131 spor salonu, fitness alanlar\u0131, basket, voleybol sahas\u0131 olacak. Uluslararas\u0131 standartlara uygun ata sporumuzu yapaca\u011f\u0131m\u0131z \u00e7ok ama\u00e7l\u0131 b\u00fcy\u00fck bir tesis. Bu salonda in\u015fallah gelecekteki filenin sultanlar\u0131 yeti\u015fecek. \u0130leride onlarla gururlanaca\u011f\u0131z. Alt\u0131n Kemeri Antalya\u2019ya getirmek i\u00e7in ba\u015fpehlivanlar\u0131m\u0131z yine bu salonda \u00e7al\u0131\u015facak. Ayr\u0131ca uluslararas\u0131 spor m\u00fcsabakalar\u0131na da ev sahipli\u011fi yapacak.&nbsp; B\u00fcnyesinde kre\u015f ve sosyal tesisler de bulunacak.\u201d<\/p>\n\n\n\n<p>K\u0130M\u0130N BA\u015eLADI\u011eI DE\u011e\u0130L B\u0130T\u0130RD\u0130\u011e\u0130 \u00d6NEML\u0130D\u0130R<\/p>\n\n\n\n<p>Yar\u0131m kalan Do\u011fu Garaj\u0131 K\u00fclt\u00fcr ve Ticaret Merkezi, Nekropol Alan\u0131 ve Rayl\u0131 Sistem gibi \u00f6nceki d\u00f6nemden yar\u0131m kalan projeleri de bitirdiklerini hat\u0131rlatan Ba\u015fkan B\u00f6cek, \u201cKimin ba\u015flad\u0131\u011f\u0131 \u00f6nemli de\u011fil, bitirmek \u00f6nemli. Eme\u011fi ge\u00e7enlere tekrar te\u015fekk\u00fcr ediyorum\u201d ifadelerini kulland\u0131.<\/p>\n\n\n\n<p>ANTALYA ATAT\u00dcRK STADYUMU \u0130SM\u0130 MECL\u0130STE<\/p>\n\n\n\n<p>Ba\u015fkan Muhittin B\u00f6cek ayr\u0131ca Antalyaspor Stadyumu&#8217;nun isminin Atat\u00fcrk Stadyumu olarak de\u011fi\u015ftirilmesi i\u00e7in verdi\u011fi \u00f6nerinin Cuma g\u00fcn\u00fc B\u00fcy\u00fck\u015fehir Belediyesi Devam Meclisi\u2019nde g\u00f6r\u00fc\u015f\u00fclece\u011fini de kaydederek, \u201cBu bir \u00f6neri anlam\u0131ndad\u0131r. Bizim yetkimizde de\u011fildir, ama talebimizi Spor Bakanl\u0131\u011f\u0131 de\u011ferlendirecektir\u201d dedi.<\/p>\n\n\n\n<p>PARKE VE TR\u0130B\u00dcN \u00c7ALI\u015eMALARI<\/p>\n\n\n\n<p>Y\u00fczde 70\u2019i tamamlanan Sedir Spor Komplesi projesinde zemin kaplama \u00e7al\u0131\u015fmalar\u0131 ile g\u00fcre\u015f ve basketbol sahas\u0131nda parke \u00e7al\u0131\u015fmalar\u0131 devam ediyor. \u0130lerleyen g\u00fcnlerde trib\u00fcn montaj\u0131 ve \u00e7evre d\u00fczenleme \u00e7al\u0131\u015fmalar\u0131yla proje tamamlanacak.<\/p>\n\n\n\n<p>Antalya B\u00fcy\u00fck\u015fehir Belediyesi \/ B\u00fclten<\/p>\n","protected":false},"excerpt":{"rendered":"<p>Antalya B\u00fcy\u00fck\u015fehir Belediye Ba\u015fkan\u0131 Muhittin B\u00f6cek, ge\u00e7mi\u015f d\u00f6nemden yar\u0131m kalan projelerden Sedir Spor Kompleksi\u2019ndeki \u00e7al\u0131\u015fmalar\u0131 denetledi. Sedir Spor Kompleksi\u2019nin Cumhuriyetin 100. Y\u0131l\u0131nda Antalyal\u0131 gen\u00e7lere hediye <a href=\"https:\/\/akdenizhaber.com.tr\/index.php\/2023\/09\/14\/baskan-bocek-mujdeyi-verdi-sedir-spor-kompleksi-29-ekimde-aciliyor\/\" class=\"read-more-link\">[more&#8230;]<\/a><\/p>\n","protected":false},"author":2,"featured_media":15727,"comment_status":"open","ping_status":"open","sticky":false,"template":"","format":"standard","meta":{"footnotes":""},"categories":[2],"tags":[],"class_list":["post-15726","post","type-post","status-publish","format-standard","has-post-thumbnail","hentry","category-gundem"],"_links":{"self":[{"href":"https:\/\/akdenizhaber.com.tr\/index.php\/wp-json\/wp\/v2\/posts\/15726","targetHints":{"allow":["GET"]}}],"collection":[{"href":"https:\/\/akdenizhaber.com.tr\/index.php\/wp-json\/wp\/v2\/posts"}],"about":[{"href":"https:\/\/akdenizhaber.com.tr\/index.php\/wp-json\/wp\/v2\/types\/post"}],"author":[{"embeddable":true,"href":"https:\/\/akdenizhaber.com.tr\/index.php\/wp-json\/wp\/v2\/users\/2"}],"replies":[{"embeddable":true,"href":"https:\/\/akdenizhaber.com.tr\/index.php\/wp-json\/wp\/v2\/comments?post=15726"}],"version-history":[{"count":0,"href":"https:\/\/akdenizhaber.com.tr\/index.php\/wp-json\/wp\/v2\/posts\/15726\/revisions"}],"wp:featuredmedia":[{"embeddable":true,"href":"https:\/\/akdenizhaber.com.tr\/index.php\/wp-json\/wp\/v2\/media\/15727"}],"wp:attachment":[{"href":"https:\/\/akdenizhaber.com.tr\/index.php\/wp-json\/wp\/v2\/media?parent=15726"}],"wp:term":[{"taxonomy":"category","embeddable":true,"href":"https:\/\/akdenizhaber.com.tr\/index.php\/wp-json\/wp\/v2\/categories?post=15726"},{"taxonomy":"post_tag","embeddable":true,"href":"https:\/\/akdenizhaber.com.tr\/index.php\/wp-json\/wp\/v2\/tags?post=15726"}],"curies":[{"name":"wp","href":"https:\/\/api.w.org\/{rel}","templated":true}]}}