{"id":15722,"date":"2023-09-14T14:29:23","date_gmt":"2023-09-14T11:29:23","guid":{"rendered":"https:\/\/akdenizhaber.com.tr\/?p=15722"},"modified":"2023-09-14T14:29:23","modified_gmt":"2023-09-14T11:29:23","slug":"cocuklarda-konusma-bozuklugu","status":"publish","type":"post","link":"https:\/\/akdenizhaber.com.tr\/index.php\/2023\/09\/14\/cocuklarda-konusma-bozuklugu\/","title":{"rendered":"\u00c7OCUKLARDA KONU\u015eMA BOZUKLU\u011eU"},"content":{"rendered":"\n<p>\u00c7ocuklarda gecikmi\u015f dil ve konu\u015fma bozuklu\u011funun temelinde yatan be\u015f sebep vard\u0131r.Birincisi \u0130\u015fitme Kayb\u0131d\u0131r.\u00c7ocuk e\u011fer sa\u011fl\u0131kl\u0131 duymuyorsa,heceleri ve s\u00f6zc\u00fckleri,ifadeleri olu\u015fturmakta zorluk \u00e7eker.Tam yani sa\u011fl\u0131kl\u0131 bir \u015fekilde duyamama k\u0131s\u0131tl\u0131 ve yar\u0131m yar\u0131m konu\u015fmaya sebep olur.\u00c7ocu\u011funuzun duymad\u0131\u011f\u0131n\u0131 d\u00fc\u015f\u00fcn\u00fcyorsan\u0131z ivedilikle doktordan \u0130\u015fitme testi yapmas\u0131n\u0131 talep ediniz.\u00c7ocuklarda orta kulak enfeksiyonunun s\u0131k olmas\u0131 da gecikmi\u015f dil ve konu\u015fmaya neden olan bir durumdur.\u0130kincisi Geli\u015fimsel Bozukluklard\u0131r.Otizm,serabral palsi ve down sendromu gibi geli\u015fimsel bozukluklar\u0131 olan \u00e7ocuklarda da konu\u015fman\u0131n gecikmesine s\u0131k rastlan\u0131r.\u00dc\u00e7\u00fcnc\u00fcs\u00fc ise Ekrand\u0131r\u2026!Ekran ba\u015f\u0131nda s\u0131n\u0131rs\u0131z s\u00fcre ve kontrols\u00fczce vakit ge\u00e7iren \u00e7ocuklarda ileti\u015fim,dil ve konu\u015fma bozukluklar\u0131 olduk\u00e7a fazlad\u0131r.1 ya\u015f \u00f6ncesi ekrana maruz kalan ve g\u00fcnde 2 saatten fazla tv,tablet,telefon vb.izleyen \u00e7ocuklar\u0131n ge\u00e7irmi\u015f dil ve konu\u015fma bozuklu\u011funa sahip olma durumu 6 kat daha fazlad\u0131r.2017 y\u0131l\u0131nda Amerika Pediatri Derne\u011finin yapt\u0131\u011f\u0131 \u00e7al\u0131\u015fmaya g\u00f6reyse 2 ya\u015f\u0131ndan k\u00fc\u00e7\u00fck \u00e7ocuklarda ekran ile vakit ge\u00e7irmenin konu\u015fmaya ge\u00e7 ba\u015flamas\u0131na sebep oldu\u011fu y\u00f6n\u00fcndedir.D\u00f6rd\u00fcnc\u00fcs\u00fc ise Fiziksel Anomaliliklerdir.Yar\u0131k dama ve Yar\u0131m dudakl\u0131 \u00e7ocuklarda konu\u015fma cerrahi m\u00fcdahale gerekebilir ve ancak bu m\u00fcdahale sonras\u0131 konu\u015fma ger\u00e7ekle\u015febilir.Uzman ve doktor tarafindantakip hep olmal\u0131d\u0131r.Be\u015finci ve son sebepte Yetersiz \u00c7evre Ko\u015fullar\u0131d\u0131r.\u00c7evre ve haz\u0131rlanm\u0131\u015f bir \u00e7evre sunulan \u00e7ocu\u011fun konu\u015fma geli\u015fiminde ki sinyaller \u00e7ok \u00f6nemlidir.Kimse \u00e7ocukla s\u00f6zl\u00fc ileti\u015fime ge\u00e7mezse,ce -ee gibi basit oyunlar oynamazsa \u00e7ocuk ileti\u015fimde zorlan\u0131r.\u0130leti\u015fim ihmalinden kaynakl\u0131 dil ve konu\u015fmada problemler ve gecikmeler ya\u015fanabilir.\u00c7ocu\u011funuzun konu\u015fmas\u0131nda gecikme mevcutsa ve ya\u015f\u0131tlar\u0131ndan geride oldu\u011funu g\u00f6zlemliyorsan\u0131z dil ve konu\u015fma terapistine giderek cocugunuz hakk\u0131nda bir de\u011ferlendirme yapmas\u0131n\u0131 talep ediniz.Kurucusu oldu\u011fum \u00d6r\u00fcnt\u00fc \u00c7ocuk Geli\u015fimi ve Dan\u0131\u015fmanl\u0131k Merkezi sayfamdan bana ula\u015f\u0131m sa\u011flayabilirsiniz.<\/p>\n","protected":false},"excerpt":{"rendered":"<p>\u00c7ocuklarda gecikmi\u015f dil ve konu\u015fma bozuklu\u011funun temelinde yatan be\u015f sebep vard\u0131r.Birincisi \u0130\u015fitme Kayb\u0131d\u0131r.\u00c7ocuk e\u011fer sa\u011fl\u0131kl\u0131 duymuyorsa,heceleri ve s\u00f6zc\u00fckleri,ifadeleri olu\u015fturmakta zorluk \u00e7eker.Tam yani sa\u011fl\u0131kl\u0131 bir \u015fekilde <a href=\"https:\/\/akdenizhaber.com.tr\/index.php\/2023\/09\/14\/cocuklarda-konusma-bozuklugu\/\" class=\"read-more-link\">[more&#8230;]<\/a><\/p>\n","protected":false},"author":2,"featured_media":15584,"comment_status":"open","ping_status":"open","sticky":false,"template":"","format":"standard","meta":{"footnotes":""},"categories":[2],"tags":[],"class_list":["post-15722","post","type-post","status-publish","format-standard","has-post-thumbnail","hentry","category-gundem"],"_links":{"self":[{"href":"https:\/\/akdenizhaber.com.tr\/index.php\/wp-json\/wp\/v2\/posts\/15722","targetHints":{"allow":["GET"]}}],"collection":[{"href":"https:\/\/akdenizhaber.com.tr\/index.php\/wp-json\/wp\/v2\/posts"}],"about":[{"href":"https:\/\/akdenizhaber.com.tr\/index.php\/wp-json\/wp\/v2\/types\/post"}],"author":[{"embeddable":true,"href":"https:\/\/akdenizhaber.com.tr\/index.php\/wp-json\/wp\/v2\/users\/2"}],"replies":[{"embeddable":true,"href":"https:\/\/akdenizhaber.com.tr\/index.php\/wp-json\/wp\/v2\/comments?post=15722"}],"version-history":[{"count":0,"href":"https:\/\/akdenizhaber.com.tr\/index.php\/wp-json\/wp\/v2\/posts\/15722\/revisions"}],"wp:featuredmedia":[{"embeddable":true,"href":"https:\/\/akdenizhaber.com.tr\/index.php\/wp-json\/wp\/v2\/media\/15584"}],"wp:attachment":[{"href":"https:\/\/akdenizhaber.com.tr\/index.php\/wp-json\/wp\/v2\/media?parent=15722"}],"wp:term":[{"taxonomy":"category","embeddable":true,"href":"https:\/\/akdenizhaber.com.tr\/index.php\/wp-json\/wp\/v2\/categories?post=15722"},{"taxonomy":"post_tag","embeddable":true,"href":"https:\/\/akdenizhaber.com.tr\/index.php\/wp-json\/wp\/v2\/tags?post=15722"}],"curies":[{"name":"wp","href":"https:\/\/api.w.org\/{rel}","templated":true}]}}