{"id":15704,"date":"2023-09-14T14:24:20","date_gmt":"2023-09-14T11:24:20","guid":{"rendered":"https:\/\/akdenizhaber.com.tr\/?p=15704"},"modified":"2023-09-14T14:24:21","modified_gmt":"2023-09-14T11:24:21","slug":"uluslararasi-kiyi-temizleme-gununde","status":"publish","type":"post","link":"https:\/\/akdenizhaber.com.tr\/index.php\/2023\/09\/14\/uluslararasi-kiyi-temizleme-gununde\/","title":{"rendered":"Uluslararas\u0131 K\u0131y\u0131 Temizleme G\u00fcn\u00fc\u2019nde"},"content":{"rendered":"\n<p><\/p>\n\n\n\n<p><strong>Turmepa \u00d6nc\u00fcl\u00fc\u011f\u00fcnde T\u00fcm D\u00fcnya \u0130le Ayn\u0131 Anda K\u0131y\u0131larday\u0131z<\/strong><\/p>\n\n\n\n<p><strong>Deniz Temiz Derne\u011fi\/ TURMEPA,\u201cUluslararas\u0131 K\u0131y\u0131 Temizleme (International Coastal Cleanup \u2013 ICC)\u201d kampanyas\u0131 kapsam\u0131nda y\u00fczlerce deniz dostu ile k\u0131y\u0131larda bulu\u015fuyor.<\/strong><\/p>\n\n\n\n<p><strong>T\u00fcrkiye\u2019de k\u0131y\u0131 temizleme etkinliklerinin \u00f6nc\u00fcs\u00fc TURMEPA, Uluslararas\u0131 K\u0131y\u0131 Temizleme G\u00fcn\u00fc\u2019n\u00fcn <\/strong><strong>T\u00fcrkiye koordinat\u00f6rl\u00fc\u011f\u00fcn\u00fc \u00fcstlenmeye devam ediyor ve 16 Eyl\u00fcl Cumartesi g\u00fcn\u00fc oksijen kayna\u011f\u0131 denizlerimizi korumak i\u00e7in herkesi k\u0131y\u0131lara davet ediyor.<\/strong><\/p>\n\n\n\n<p>Her y\u0131l eyl\u00fcl ay\u0131nda 100\u2019den fazla \u00fclkede y\u00fczbinlerce deniz dostunu k\u0131y\u0131larda bulu\u015fturan\u201cUluslar aras\u0131 K\u0131y\u0131 Temizleme (International Coastal Cleanup \u2013 ICC)\u201d kampanyas\u0131 i\u00e7in geri say\u0131m ba\u015flad\u0131. Etkinli\u011fin 21 y\u0131ld\u0131r T\u00fcrkiye koordinat\u00f6rl\u00fc\u011f\u00fcn\u00fc \u00fcstlenenTURMEPA bu y\u0131l da deniz g\u00f6n\u00fcll\u00fcleri ile k\u0131y\u0131larda bulu\u015facak olman\u0131n heyecan\u0131n\u0131 ve mutlulu\u011funu ya\u015f\u0131yor.<\/p>\n\n\n\n<p>\u0130stanbul, Antalya, Samsun, Bodrum ve Fethiye\u2019de d\u00fczenledi\u011fi etkinlikler ile TURMEPA, at\u0131klar\u0131n denize ula\u015fmas\u0131n\u0131 \u00f6nlemek, gelece\u011fetemizdenizlerb\u0131rakmakad\u0131naherkesisorumlulukalmayadavetediyor. \u00dclkemizind\u00f6rtbiryan\u0131ndany\u00fczlerceg\u00f6n\u00fcll\u00fcn\u00fcnyan\u0131s\u0131rakamuve\u00f6zelkurulu\u015flar\u0131n da kat\u0131laca\u011f\u0131 bu g\u00f6n\u00fcll\u00fcl\u00fck hareketinin bir par\u00e7as\u0131 olmak i\u00e7in siz de ad\u0131m at\u0131n ve bize kat\u0131l\u0131n!<\/p>\n\n\n\n<p>Unutmayal\u0131m, Deniz Varsa Hayat Var!<\/p>\n\n\n\n<p><strong><u>Program Ak\u0131\u015f\u0131 \/ Antalya\/ 16 Eyl\u00fcl 2022, Cumartesi<\/u><\/strong><\/p>\n\n\n\n<p><strong>09.00&nbsp;&nbsp;&nbsp;&nbsp;&nbsp;&nbsp;&nbsp;&nbsp;&nbsp;&nbsp;&nbsp;&nbsp;&nbsp;&nbsp;&nbsp;&nbsp;&nbsp;&nbsp;<\/strong>Etkinlik alan\u0131 bulu\u015fma, Konyaalt\u0131 Sahili, 1 noluPLaj<\/p>\n\n\n\n<p><strong>09.15 \u2013 09.30<\/strong>&nbsp;&nbsp;&nbsp; \u201cS\u0131f\u0131r At\u0131k Mavi\u201d ve ICC Hakk\u0131nda Bilgilendirme<\/p>\n\n\n\n<p><strong>09.30 \u2013 10.30&nbsp;&nbsp;&nbsp; <\/strong>K\u0131y\u0131 ve Sualt\u0131 Temizli\u011fi<\/p>\n\n\n\n<p><strong>10.45 \u2013 11.00 &nbsp;&nbsp; <\/strong>Toplanan At\u0131klar\u0131n S\u0131n\u0131fland\u0131r\u0131lmas\u0131 ve De\u011ferlendirilmesi<\/p>\n\n\n\n<p><strong>11.00 \u2013 11.15<\/strong>&nbsp;&nbsp;&nbsp; Deniz Kirlili\u011fi Konusunda Bilgilendirme, S\u0131f\u0131r At\u0131k Mavi S\u00f6z\u00fc Verilmesi, Bas\u0131n A\u00e7\u0131klamas\u0131 ve Toplu Foto\u011fraf \u00c7ekimi<\/p>\n\n\n\n<p>Turmepa \/ B\u00fclten<\/p>\n","protected":false},"excerpt":{"rendered":"<p>Turmepa \u00d6nc\u00fcl\u00fc\u011f\u00fcnde T\u00fcm D\u00fcnya \u0130le Ayn\u0131 Anda K\u0131y\u0131larday\u0131z Deniz Temiz Derne\u011fi\/ TURMEPA,\u201cUluslararas\u0131 K\u0131y\u0131 Temizleme (International Coastal Cleanup \u2013 ICC)\u201d kampanyas\u0131 kapsam\u0131nda y\u00fczlerce deniz dostu ile <a href=\"https:\/\/akdenizhaber.com.tr\/index.php\/2023\/09\/14\/uluslararasi-kiyi-temizleme-gununde\/\" class=\"read-more-link\">[more&#8230;]<\/a><\/p>\n","protected":false},"author":2,"featured_media":15705,"comment_status":"open","ping_status":"open","sticky":false,"template":"","format":"standard","meta":{"footnotes":""},"categories":[2],"tags":[],"class_list":["post-15704","post","type-post","status-publish","format-standard","has-post-thumbnail","hentry","category-gundem"],"_links":{"self":[{"href":"https:\/\/akdenizhaber.com.tr\/index.php\/wp-json\/wp\/v2\/posts\/15704","targetHints":{"allow":["GET"]}}],"collection":[{"href":"https:\/\/akdenizhaber.com.tr\/index.php\/wp-json\/wp\/v2\/posts"}],"about":[{"href":"https:\/\/akdenizhaber.com.tr\/index.php\/wp-json\/wp\/v2\/types\/post"}],"author":[{"embeddable":true,"href":"https:\/\/akdenizhaber.com.tr\/index.php\/wp-json\/wp\/v2\/users\/2"}],"replies":[{"embeddable":true,"href":"https:\/\/akdenizhaber.com.tr\/index.php\/wp-json\/wp\/v2\/comments?post=15704"}],"version-history":[{"count":0,"href":"https:\/\/akdenizhaber.com.tr\/index.php\/wp-json\/wp\/v2\/posts\/15704\/revisions"}],"wp:featuredmedia":[{"embeddable":true,"href":"https:\/\/akdenizhaber.com.tr\/index.php\/wp-json\/wp\/v2\/media\/15705"}],"wp:attachment":[{"href":"https:\/\/akdenizhaber.com.tr\/index.php\/wp-json\/wp\/v2\/media?parent=15704"}],"wp:term":[{"taxonomy":"category","embeddable":true,"href":"https:\/\/akdenizhaber.com.tr\/index.php\/wp-json\/wp\/v2\/categories?post=15704"},{"taxonomy":"post_tag","embeddable":true,"href":"https:\/\/akdenizhaber.com.tr\/index.php\/wp-json\/wp\/v2\/tags?post=15704"}],"curies":[{"name":"wp","href":"https:\/\/api.w.org\/{rel}","templated":true}]}}