{"id":15692,"date":"2023-09-13T13:29:09","date_gmt":"2023-09-13T10:29:09","guid":{"rendered":"https:\/\/akdenizhaber.com.tr\/?p=15692"},"modified":"2023-09-13T13:29:10","modified_gmt":"2023-09-13T10:29:10","slug":"manavgatta-ilkogretim-haftasi-kutlandi","status":"publish","type":"post","link":"https:\/\/akdenizhaber.com.tr\/index.php\/2023\/09\/13\/manavgatta-ilkogretim-haftasi-kutlandi\/","title":{"rendered":"Manavgat&#8217;ta \u0130lk\u00f6\u011fretim Haftas\u0131 kutland\u0131"},"content":{"rendered":"\n<p><\/p>\n\n\n\n<p>Manavgat&#8217;ta \u0130lk\u00f6\u011fretim Haftas\u0131 kapsam\u0131nda t\u00f6ren d\u00fczenlendi. Cumhuriyet meydan\u0131n da Atat\u00fcrk heykelinin \u00f6n\u00fcne \u00e7elenk konulmas\u0131 sayg\u0131 duru\u015funda bulunulmas\u0131 ve \u0130stiklal Mar\u015f\u0131&#8217;n\u0131n okunmas\u0131yla ba\u015flayan t\u00f6rende konu\u015fan Manavgat Milli E\u011fitim M\u00fcd\u00fcr\u00fc Fatih T\u00fcrk\u00f6z, \u201cCumhuriyetimizi y\u00fcz\u00fcnc\u00fc y\u0131l\u0131n\u0131 kar\u015f\u0131lad\u0131\u011f\u0131m\u0131z yeni e\u011fitim \u00f6\u011fretim y\u0131l\u0131nda Atat\u00fcrk&#8217;\u00fcn \u00fclkemizi muas\u0131r medeniyet seviyesinin \u00fczerine \u00e7\u0131karma hedefi do\u011frultusunda \u0131srarla y\u00fcr\u00fcrken her e\u011fitim \u00f6\u011fretim y\u0131l\u0131n\u0131 \u00f6nemli bir f\u0131rsat olarak g\u00f6r\u00fcyoruz&#8221; dedi.<\/p>\n\n\n\n<p>B\u0130R R\u00dcYAYI GER\u00c7E\u011eE D\u00d6N\u00dc\u015eT\u00dcREB\u0130L\u0130RS\u0130N\u0130Z<\/p>\n\n\n\n<p>Fatih T\u00fcrk\u00f6z konu\u015fmas\u0131nda \u00f6nce \u00f6\u011frencilere seslendi;<\/p>\n\n\n\n<p>&nbsp;\u201cSevgili \u00f6\u011frenciler, cumhuriyetimizi ya\u015fatmak ve b\u00fcy\u00fctmek i\u00e7in y\u00fcre\u011finizden ta\u015fan azminiz ve inanc\u0131n\u0131zla sadece yenilikleri takip eden de\u011fil ortaya koydu\u011fu ba\u015far\u0131larla gelece\u011fe y\u00f6n veren bir nesil olaca\u011f\u0131n\u0131za inanc\u0131m\u0131z tamd\u0131r. Benzersiz ba\u015far\u0131 hikayeleri yazaca\u011f\u0131n\u0131z bu yolculukta kendinizi geli\u015ftirmek ad\u0131na g\u00f6sterece\u011finiz her t\u00fcrl\u00fc gayret sizleri bir\u00e7ok kap\u0131y\u0131 a\u00e7acakt\u0131r. Unutmay\u0131n ki asla yaln\u0131z y\u00fcr\u00fcmek zorunda de\u011filsiniz. \u00d6\u011fretmenlerinizin rehberli\u011fi, ailelerinizin deste\u011fiyle hayallerinize eri\u015febilir, vatan\u0131m\u0131z i\u00e7in, insanl\u0131k i\u00e7in bir r\u00fcyay\u0131 ger\u00e7e\u011fe d\u00f6n\u00fc\u015ft\u00fcrebilirsiniz.\u201d<\/p>\n\n\n\n<p>&nbsp;\u0130LHAM KAYNA\u011eI OLMALISINIZ<\/p>\n\n\n\n<p>&nbsp;\u00d6\u011fretmenlerin \u00e7ocuklar\u0131m\u0131z\u0131n insan\u0131 insan yapan de\u011ferleri \u00f6z\u00fcmsemelerini sa\u011flamal\u0131 ve onlara ilham kayna\u011f\u0131 olmas\u0131 gerekti\u011fini kaydeden T\u00fcrk\u00f6z meslekta\u015flar\u0131na s\u00f6yle seslendi.<\/p>\n\n\n\n<p>&nbsp;\u201c\u00d6\u011fretmenler, milletin gelece\u011fini \u015fekillendiren, \u0131\u015f\u0131k sa\u00e7an y\u0131ld\u0131zlard\u0131r diyen Gazi Mustafa Kemal Atat\u00fcrk&#8217;\u00fcn de ifade etti\u011fi gibi her biriniz, evlatlar\u0131m\u0131z\u0131n hayatlar\u0131n\u0131 ustaca \u015fekillendiren, onlara umut ve ilham veren birer kahramans\u0131n\u0131z. \u00c7ocuklar\u0131n g\u00f6zlerine bakarak potansiyellerini ke\u015ffetmelerine yard\u0131mc\u0131 olurken onlara hayallerini ger\u00e7ekle\u015ftirmeleri i\u00e7in gereken g\u00fcc\u00fc ve inanc\u0131 a\u015f\u0131layan yine sizlersiniz. Bu \u015fiarla \u00e7ocuklar\u0131m\u0131z\u0131n insan\u0131 insan yapan de\u011ferleri \u00f6z\u00fcmsemelerini sa\u011flamal\u0131 toplumun medeniyet yolculu\u011funa katk\u0131da bulunmalar\u0131nda onlar\u0131n ilham kayna\u011f\u0131 olmal\u0131s\u0131n\u0131z. Bunun yan\u0131nda \u00fcreten, ya\u015fama do\u011frudan kat\u0131lan ve katk\u0131 sa\u011flayan insanlar\u0131n mutlu olabilece\u011fi ger\u00e7e\u011fini unutmamal\u0131 hep birlikte \u00e7ocuklar\u0131m\u0131z\u0131n ya\u015famda tat almalar\u0131n\u0131 sa\u011flamal\u0131y\u0131z\u201d<\/p>\n\n\n\n<p>E\u011e\u0130T\u0130M HAYAT BOYU DEVAM EDEN B\u0130R OLGUDUR<\/p>\n\n\n\n<p>\u0130l\u00e7e Milli E\u011fitim M\u00fcd\u00fcr\u00fc Fatih T\u00fcrk\u00f6z konu\u015fmas\u0131n\u0131n son b\u00f6l\u00fcm\u00fcn\u00fc velilere ay\u0131rd\u0131.<\/p>\n\n\n\n<p>&nbsp;\u201cDe\u011ferli velilerimiz, \u00f6\u011frenme, anne karn\u0131nda ba\u015flay\u0131p hayat boyu devam eden sosyal bir olgudur. \u00c7ocuklar\u0131m\u0131z i\u00e7in e\u011fitimin ba\u015flad\u0131\u011f\u0131 ve hayat boyu devam etti\u011fi en \u00f6nemli okul aile okuludur. Bu nedenle sizlerin evlatlar\u0131n\u0131za olan sevginiz ve ilginiz y\u00f6nlendirici katk\u0131lar\u0131n\u0131z onlar\u0131n mutlu, sa\u011fl\u0131kl\u0131 ve ba\u015far\u0131l\u0131 bireyler olarak yeti\u015fmesinde en b\u00fcy\u00fck etkendir. Onlar\u0131 desteklemek, onlar\u0131n e\u011fitim yolculu\u011funda yanlar\u0131nda olmak ve de\u011ferlerimizi aktarmak noktas\u0131ndaki rol\u00fcm\u00fcz \u00f6nemlidir. Bu ba\u011flamda sizlerin deste\u011fi bizler i\u00e7in \u00e7ok \u00f6nemli bir motivasyon kayna\u011f\u0131d\u0131r. Bu motivasyonla bize emanet etti\u011finiz, can\u0131n\u0131zdan \u00e7ok sevdi\u011finiz sevgili yavrular\u0131n\u0131z\u0131 bu \u00e7at\u0131 alt\u0131nda hi\u00e7bir ayr\u0131m g\u00f6zetmeksizin y\u00fcre\u011finizdeki sevgiyle, belle\u011fimizdeki bilgiyle, ki\u015fili\u011fimizdeki \u00e7izgiyi onlarla payla\u015faca\u011f\u0131m\u0131zdan emin olabilirsiniz.\u201d<\/p>\n\n\n\n<p>(Haber Merkezi)<\/p>\n","protected":false},"excerpt":{"rendered":"<p>Manavgat&#8217;ta \u0130lk\u00f6\u011fretim Haftas\u0131 kapsam\u0131nda t\u00f6ren d\u00fczenlendi. Cumhuriyet meydan\u0131n da Atat\u00fcrk heykelinin \u00f6n\u00fcne \u00e7elenk konulmas\u0131 sayg\u0131 duru\u015funda bulunulmas\u0131 ve \u0130stiklal Mar\u015f\u0131&#8217;n\u0131n okunmas\u0131yla ba\u015flayan t\u00f6rende konu\u015fan Manavgat <a href=\"https:\/\/akdenizhaber.com.tr\/index.php\/2023\/09\/13\/manavgatta-ilkogretim-haftasi-kutlandi\/\" class=\"read-more-link\">[more&#8230;]<\/a><\/p>\n","protected":false},"author":2,"featured_media":15693,"comment_status":"open","ping_status":"open","sticky":false,"template":"","format":"standard","meta":{"footnotes":""},"categories":[2],"tags":[],"class_list":["post-15692","post","type-post","status-publish","format-standard","has-post-thumbnail","hentry","category-gundem"],"_links":{"self":[{"href":"https:\/\/akdenizhaber.com.tr\/index.php\/wp-json\/wp\/v2\/posts\/15692","targetHints":{"allow":["GET"]}}],"collection":[{"href":"https:\/\/akdenizhaber.com.tr\/index.php\/wp-json\/wp\/v2\/posts"}],"about":[{"href":"https:\/\/akdenizhaber.com.tr\/index.php\/wp-json\/wp\/v2\/types\/post"}],"author":[{"embeddable":true,"href":"https:\/\/akdenizhaber.com.tr\/index.php\/wp-json\/wp\/v2\/users\/2"}],"replies":[{"embeddable":true,"href":"https:\/\/akdenizhaber.com.tr\/index.php\/wp-json\/wp\/v2\/comments?post=15692"}],"version-history":[{"count":0,"href":"https:\/\/akdenizhaber.com.tr\/index.php\/wp-json\/wp\/v2\/posts\/15692\/revisions"}],"wp:featuredmedia":[{"embeddable":true,"href":"https:\/\/akdenizhaber.com.tr\/index.php\/wp-json\/wp\/v2\/media\/15693"}],"wp:attachment":[{"href":"https:\/\/akdenizhaber.com.tr\/index.php\/wp-json\/wp\/v2\/media?parent=15692"}],"wp:term":[{"taxonomy":"category","embeddable":true,"href":"https:\/\/akdenizhaber.com.tr\/index.php\/wp-json\/wp\/v2\/categories?post=15692"},{"taxonomy":"post_tag","embeddable":true,"href":"https:\/\/akdenizhaber.com.tr\/index.php\/wp-json\/wp\/v2\/tags?post=15692"}],"curies":[{"name":"wp","href":"https:\/\/api.w.org\/{rel}","templated":true}]}}