{"id":15690,"date":"2023-09-13T13:28:21","date_gmt":"2023-09-13T10:28:21","guid":{"rendered":"https:\/\/akdenizhaber.com.tr\/?p=15690"},"modified":"2023-09-13T13:28:22","modified_gmt":"2023-09-13T10:28:22","slug":"guzel-mi-dedin","status":"publish","type":"post","link":"https:\/\/akdenizhaber.com.tr\/index.php\/2023\/09\/13\/guzel-mi-dedin\/","title":{"rendered":"G\u00dcZEL M\u0130 DED\u0130N?..\u00a0\u00a0\u00a0"},"content":{"rendered":"\n<p><\/p>\n\n\n\n<p>Sevgi t\u00fcm zorluklar\u0131n \u00fcstesinden gelmenize yeterde artar..<\/p>\n\n\n\n<p>Y\u00fcre\u011finde sevgi dolu olan insan\u0131n y\u0131k\u0131lmas\u0131 m\u00fcmk\u00fcn de\u011fildir..<\/p>\n\n\n\n<p>Y\u0131k\u0131lmak bir kenara insan y\u00fcre\u011fine dolan sevgi ile daha \u00e7ok s\u0131ms\u0131k\u0131 sar\u0131l\u0131r ya\u015fama..<\/p>\n\n\n\n<p>\u0130ster hastanede..<\/p>\n\n\n\n<p>\u0130ster hapishanede ol..<\/p>\n\n\n\n<p>Yeter ki; y\u00fcre\u011finde sevgi olsun.<\/p>\n\n\n\n<p>Seni d\u0131\u015far\u0131da d\u00f6rt g\u00f6zle ve y\u00fcrekten sevgi ile bekleyenlerinin oldu\u011funu bilmek var ya;<\/p>\n\n\n\n<p>O adam\u0131 sa\u011flam ve zinde tutar.<\/p>\n\n\n\n<p>Sevgi olsun y\u00fcre\u011finde yeterde artar.<\/p>\n\n\n\n<p>Ekme\u011fi tuza banar gibi ya\u015fars\u0131n hayat\u0131 kat\u0131ks\u0131z.<\/p>\n\n\n\n<p>T\u00fcm zorluklara.<\/p>\n\n\n\n<p>T\u00fcm k\u00f6t\u00fcl\u00fcklere bir avu\u00e7 sevgi yetip de artar..<\/p>\n\n\n\n<p>Hayat\u0131n ya\u015fama ko\u015fulu sevgiden ge\u00e7er.<\/p>\n\n\n\n<p>Ac\u0131lar\u0131na tuz basar gibi sevgi basarsan g\u00fczelden yana ya\u015fars\u0131n..<\/p>\n\n\n\n<p>G\u00fczellik anlat\u0131lmaz ya\u015fan\u0131r..<\/p>\n\n\n\n<p>G\u00fczel olan her \u015fey bellekte tazeli\u011fini korur.<\/p>\n\n\n\n<p>Hani nostalji dedi\u011fimiz \u015fark\u0131lar\u0131..<\/p>\n\n\n\n<p>Ya\u015fanan g\u00fczellikleri yad ederiz ya s\u0131k s\u0131k..<\/p>\n\n\n\n<p>Nerede o eski bayramlar? deriz i\u00e7imizi \u00e7eke \u00e7eke..<\/p>\n\n\n\n<p>Ya da; babam\u0131z\u0131n elimizden tutup ta eski bayram yerlerine g\u00f6t\u00fcrd\u00fc\u011f\u00fc g\u00fcnleri an\u0131msar\u0131z d\u00fcn gibi.<\/p>\n\n\n\n<p>Mahalle aras\u0131nda misket oynad\u0131\u011f\u0131m\u0131z.<\/p>\n\n\n\n<p>Elde \u00e7ember yada topa\u00e7 \u00e7evirdi\u011fimiz g\u00fcnler gelir hep g\u00f6zlerimizin \u00f6n\u00fcne..<\/p>\n\n\n\n<p>\u0130lk a\u015fk unutulur mu?..<\/p>\n\n\n\n<p>Bir \u00e7o\u011fumuz ilk a\u015fk\u0131m\u0131z\u0131 d\u00fcn gibi an\u0131msar\u0131z..<\/p>\n\n\n\n<p>G\u00fczel olan her \u015feye \u015fapka \u00e7\u0131kar\u0131r.<\/p>\n\n\n\n<p>G\u00fczellikleri hep ne\u015fe i\u00e7inde yad ederiz.<\/p>\n\n\n\n<p>\u0130hanetler..K\u00f6t\u00fcl\u00fckler.<\/p>\n\n\n\n<p>Kalle\u015flikler geldi\u011finde ise akl\u0131m\u0131za bir ba\u015fka oluverir y\u00fcre\u011fimiz.<\/p>\n\n\n\n<p>G\u00fczel olanlar\u0131n aksine k\u00f6t\u00fcl\u00fckleri yad ederken \u00e7o\u011fu kez y\u00fcrek kinlenir.<\/p>\n\n\n\n<p>Darlan\u0131r.<\/p>\n\n\n\n<p>Bir ba\u015fka bi\u00e7imde \u00e7arpar olur.<\/p>\n\n\n\n<p>K\u00f6t\u00fcl\u00fcklere kar\u015f\u0131n k\u00f6t\u00fcl\u00fck yapmak gelir akl\u0131n\u0131za.<\/p>\n\n\n\n<p>Oysa k\u00f6t\u00fc olan her \u015feyi unutmal\u0131d\u0131r haf\u0131zam\u0131z.<\/p>\n\n\n\n<p>Hatta varsa bir kolay\u0131 resetlenmelidir beyinler.<\/p>\n\n\n\n<p>Bir daha akl\u0131m\u0131za gelmemek, getirmemek \u00fczere.<\/p>\n\n\n\n<p>K\u00f6t\u00fcl\u00fcklerin, k\u00f6t\u00fcl\u00fck sahibine b\u0131rak\u0131lmas\u0131 gerekir, b\u0131rakal\u0131m ki, bir daha k\u00f6t\u00fcl\u00fck yaparken iyi d\u00fc\u015f\u00fcns\u00fcn.<\/p>\n\n\n\n<p>Bizim y\u00fcreklerimiz hep g\u00fczellikler.<\/p>\n\n\n\n<p>Ve iyiliklerle dolsun.<\/p>\n\n\n\n<p>Eksilmesin hep arts\u0131n..<\/p>\n\n\n\n<p>Hatta ve hatta g\u00fczellikler ile iyilikler ta\u015fs\u0131n.<\/p>\n\n\n\n<p>\u00dc\u00e7 g\u00fcnl\u00fck yalan d\u00fcnya&#8217;da ba\u015fka ne sermayemiz olabilir ki.<\/p>\n\n\n\n<p>Geldik, gidiyoruz.<\/p>\n\n\n\n<p>Yada gidece\u011fiz ne fark eder ki..<\/p>\n\n\n\n<p>Gittikten sonra &#8220;berbat adamd\u0131&#8221; yerine &#8220;g\u00fczel insand\u0131&#8221; diye an\u0131lmaktan \u00f6te b\u00fcy\u00fck sermaye olur mu?.<\/p>\n\n\n\n<p>Ya\u015farken insan\u0131n en dikkat edece\u011fi konu hep g\u00fczellik olmal\u0131.<\/p>\n\n\n\n<p>Beden g\u00fczelli\u011finden \u00f6te ruh g\u00fczelli\u011fi.<\/p>\n\n\n\n<p>G\u00f6n\u00fcl zenginli\u011fi.<\/p>\n\n\n\n<p>Ve de; gelece\u011fe yat\u0131r\u0131m yapan bir insan olarak ya\u015famal\u0131.<\/p>\n\n\n\n<p>\u00d6yle an\u0131lmal\u0131 ve ya\u015fat\u0131lmal\u0131y\u0131z.<\/p>\n\n\n\n<p>Hac\u0131 Bekta\u015fi Veli&#8217;nin s\u00f6ylemi gibi;<\/p>\n\n\n\n<p>&#8220;Kim ne yaparsa kendine yapar&#8221; s\u00f6ylemi kulaklar\u0131m\u0131zda hep k\u00fcpe olmal\u0131..<\/p>\n\n\n\n<p>G\u00fczel olan her \u015fey g\u00f6n\u00fcllere dolmal\u0131.<\/p>\n\n\n\n<p>G\u00fczellikten ka\u00e7mamal\u0131 insano\u011flu.<\/p>\n\n\n\n<p>Ve de, ya\u015fayabildi\u011fi kadar hep g\u00fczelliklerle ya\u015famal\u0131..<\/p>\n\n\n\n<p>Yunus Emre&#8217;nin as\u0131rlar \u00f6nce s\u00f6yledi\u011fi ve kitaplar dolusu s\u00f6ylemi gibi..<\/p>\n\n\n\n<p>&#8220;Sevelim-Sevilelim&#8221; ilkemiz olmal\u0131.<\/p>\n\n\n\n<p>Sizin anlayaca\u011f\u0131n\u0131z k\u0131sacas\u0131..<\/p>\n\n\n\n<p>G\u00fczellikler t\u00fcm y\u00fcrekleri doldurup,doldurup ta\u015f\u0131rmal\u0131..<\/p>\n\n\n\n<p>Haydi, kal\u0131n sa\u011fl\u0131cakla.<\/p>\n\n\n\n<p>Her \u015fey y\u00fcre\u011finize g\u00f6re olsun..<\/p>\n\n\n\n<p>HOPDED\u0130K<\/p>\n\n\n\n<p>G\u00dcZEL M\u0130?..<\/p>\n\n\n\n<p>\u00c7irkin y\u00fcrekte<\/p>\n\n\n\n<p>g\u00fczellik bar\u0131nmaz.<\/p>\n\n\n\n<p>Arasan da bulunmaz.<\/p>\n\n\n\n<p>\u0130\u015fte O&#8217;nun i\u00e7indir ki<\/p>\n\n\n\n<p>ya\u015farken en b\u00fcy\u00fck<\/p>\n\n\n\n<p>sermayemiz<\/p>\n\n\n\n<p>hep g\u00fczellik olmal\u0131.<\/p>\n\n\n\n<p>Y\u00fcrekler g\u00fczelliklerle<\/p>\n\n\n\n<p>dolmal\u0131.<\/p>\n","protected":false},"excerpt":{"rendered":"<p>Sevgi t\u00fcm zorluklar\u0131n \u00fcstesinden gelmenize yeterde artar.. Y\u00fcre\u011finde sevgi dolu olan insan\u0131n y\u0131k\u0131lmas\u0131 m\u00fcmk\u00fcn de\u011fildir.. Y\u0131k\u0131lmak bir kenara insan y\u00fcre\u011fine dolan sevgi ile daha \u00e7ok <a href=\"https:\/\/akdenizhaber.com.tr\/index.php\/2023\/09\/13\/guzel-mi-dedin\/\" class=\"read-more-link\">[more&#8230;]<\/a><\/p>\n","protected":false},"author":2,"featured_media":15588,"comment_status":"open","ping_status":"open","sticky":false,"template":"","format":"standard","meta":{"footnotes":""},"categories":[2],"tags":[],"class_list":["post-15690","post","type-post","status-publish","format-standard","has-post-thumbnail","hentry","category-gundem"],"_links":{"self":[{"href":"https:\/\/akdenizhaber.com.tr\/index.php\/wp-json\/wp\/v2\/posts\/15690","targetHints":{"allow":["GET"]}}],"collection":[{"href":"https:\/\/akdenizhaber.com.tr\/index.php\/wp-json\/wp\/v2\/posts"}],"about":[{"href":"https:\/\/akdenizhaber.com.tr\/index.php\/wp-json\/wp\/v2\/types\/post"}],"author":[{"embeddable":true,"href":"https:\/\/akdenizhaber.com.tr\/index.php\/wp-json\/wp\/v2\/users\/2"}],"replies":[{"embeddable":true,"href":"https:\/\/akdenizhaber.com.tr\/index.php\/wp-json\/wp\/v2\/comments?post=15690"}],"version-history":[{"count":0,"href":"https:\/\/akdenizhaber.com.tr\/index.php\/wp-json\/wp\/v2\/posts\/15690\/revisions"}],"wp:featuredmedia":[{"embeddable":true,"href":"https:\/\/akdenizhaber.com.tr\/index.php\/wp-json\/wp\/v2\/media\/15588"}],"wp:attachment":[{"href":"https:\/\/akdenizhaber.com.tr\/index.php\/wp-json\/wp\/v2\/media?parent=15690"}],"wp:term":[{"taxonomy":"category","embeddable":true,"href":"https:\/\/akdenizhaber.com.tr\/index.php\/wp-json\/wp\/v2\/categories?post=15690"},{"taxonomy":"post_tag","embeddable":true,"href":"https:\/\/akdenizhaber.com.tr\/index.php\/wp-json\/wp\/v2\/tags?post=15690"}],"curies":[{"name":"wp","href":"https:\/\/api.w.org\/{rel}","templated":true}]}}