{"id":15686,"date":"2023-09-13T13:26:16","date_gmt":"2023-09-13T10:26:16","guid":{"rendered":"https:\/\/akdenizhaber.com.tr\/?p=15686"},"modified":"2023-09-13T13:26:17","modified_gmt":"2023-09-13T10:26:17","slug":"cocuklar-ve-giyim","status":"publish","type":"post","link":"https:\/\/akdenizhaber.com.tr\/index.php\/2023\/09\/13\/cocuklar-ve-giyim\/","title":{"rendered":"\u00c7OCUKLAR VE G\u0130Y\u0130M"},"content":{"rendered":"\n<p>\u00c7ocuk giyim anne babalar\u0131n en hassasiyet g\u00f6sterdikleri konular\u0131n ba\u015f\u0131ndad\u0131r.\u00c7ocuklar\u0131n geli\u015fim s\u00fcre\u00e7lerinde do\u011fru ve uygun k\u0131yafet se\u00e7imleri her zaman \u00f6nem ta\u015f\u0131r.\u00c7ocuklar s\u00fcrekli hareket halindedirler ve oyun onlar i\u00e7in \u00e7ok \u00f6nemlidir.Desenli yada sade,pratik,d\u00fc\u011fmeli,fermuarl\u0131,pamuklu, \u00e7\u0131t\u00e7\u0131tl\u0131,rahat,kullan\u0131\u015fl\u0131,esnek materyalli \u00e7ocuklar i\u00e7in tasarlanm\u0131\u015f se\u00e7mek \u00e7ok \u00f6nemlidir.Yaz aylar\u0131nda serin ve rahat,havadar,nefes alabilen kuma\u015flar,elbise,\u015fort\u015fapkalar tercih edilmelidir.Plaj giyimde al\u0131nacaklar korumal\u0131 olanlardan se\u00e7ilmelidir.\u015euan sonbaharday\u0131z ve havalar serin ge\u00e7iyor.Uzun kollu ti\u015f\u00f6rtler,pantolonlar,h\u0131rka,yelek,r\u00fczgarl\u0131klar,ince kot ceketler ve \u0131s\u0131 yal\u0131t\u0131m\u0131 olan kuma\u015flar tercih edilmelidir.R\u00fczgar ve so\u011fuk ge\u00e7irmez \u00f6zellikli olan kiyafetlerden sat\u0131n al\u0131nmal\u0131d\u0131r.K\u0131\u015f aylar\u0131ndaysa s\u0131cak tutacak k\u0131yafetler se\u00e7ilmelidir.Y\u00fcn i\u00e7erikli fanilalar ve \u00e7oraplar kullan\u0131lmal\u0131d\u0131r.Alerjik \u00e7ocuklar i\u00e7in y\u00fcn sorun olabilir,sat\u0131n almadan \u00f6nce bunu doktorunuza dan\u0131\u015fmanl\u0131s\u0131n\u0131z.Kiyafetleri canl\u0131 renk ve desenlerde almaya dikkat edin bu tarz kuma\u015flar k\u0131\u015f\u0131 renklendirir.Kemerler ve ask\u0131l\u0131klar \u00e7ocu\u011fun pantolon ve eteklerini sabitler.Elastik kemerler \u00e7ocu\u011fun hareketini k\u0131s\u0131tlamaz.Renkli ve desenli ask\u0131l\u0131klar,kemerler \u00e7ocuklara farkl\u0131 bir tarz katabilir.\u015eapka lar ve bandanalarda her mevsim kullan\u0131labilir ve kombinleri tamamlayac\u0131 \u00fcr\u00fcnlerdir.\u00c7ocugunuzun ayak geli\u015fimine uygun ayakkab\u0131 se\u00e7imide olduk\u00e7a \u00f6nemlidir.Ayak taban\u0131n\u0131 destekleyen,esnek yap\u0131l\u0131 ayakkab\u0131lar \u00c7ocuklar\u0131n rahat hareket etmesini sa\u011flar.L\u00fctfen d\u00fczenli \u015fekilde\u00e7ocu\u011funuzun ayakkab\u0131 numaras\u0131n\u0131 kontrol ediniz!Sevgili anne babalar,\u00f6zellikle mevsim sonlar\u0131nda \u00e7ocuk giyimde indirimler fazlas\u0131yla olur ve ma\u011fazalar\u0131 gezerek indirimlerden yararlanarak tasarrufta yapm\u0131\u015f olursunuz.Online al\u0131\u015fveri\u015f pratik bir se\u00e7enektir.\u00dcr\u00fcn yelpazesi orada daha geni\u015ftir.Beden tablosuna ve kullan\u0131c\u0131 yorumlar\u0131n\u0131 okuyarak sipari\u015f vermeniz olduk\u00e7a \u00f6nemlidir.De\u011fi\u015fim ve iade politikalar\u0131n\u0131 g\u00f6z \u00f6n\u00fcnde bulundurarak g\u00fcvenilir sitelerden al\u0131\u015fveri\u015f yapabilirsiniz.Kurucusu oldu\u011fum \u00d6r\u00fcnt\u00fc \u00c7ocuk Geli\u015fimi ve Dan\u0131\u015fmanl\u0131k Merkezi sayfamdan bana ula\u015f\u0131m sa\u011flayabilirsiniz.<\/p>\n","protected":false},"excerpt":{"rendered":"<p>\u00c7ocuk giyim anne babalar\u0131n en hassasiyet g\u00f6sterdikleri konular\u0131n ba\u015f\u0131ndad\u0131r.\u00c7ocuklar\u0131n geli\u015fim s\u00fcre\u00e7lerinde do\u011fru ve uygun k\u0131yafet se\u00e7imleri her zaman \u00f6nem ta\u015f\u0131r.\u00c7ocuklar s\u00fcrekli hareket halindedirler ve oyun <a href=\"https:\/\/akdenizhaber.com.tr\/index.php\/2023\/09\/13\/cocuklar-ve-giyim\/\" class=\"read-more-link\">[more&#8230;]<\/a><\/p>\n","protected":false},"author":2,"featured_media":15584,"comment_status":"open","ping_status":"open","sticky":false,"template":"","format":"standard","meta":{"footnotes":""},"categories":[2],"tags":[],"class_list":["post-15686","post","type-post","status-publish","format-standard","has-post-thumbnail","hentry","category-gundem"],"_links":{"self":[{"href":"https:\/\/akdenizhaber.com.tr\/index.php\/wp-json\/wp\/v2\/posts\/15686","targetHints":{"allow":["GET"]}}],"collection":[{"href":"https:\/\/akdenizhaber.com.tr\/index.php\/wp-json\/wp\/v2\/posts"}],"about":[{"href":"https:\/\/akdenizhaber.com.tr\/index.php\/wp-json\/wp\/v2\/types\/post"}],"author":[{"embeddable":true,"href":"https:\/\/akdenizhaber.com.tr\/index.php\/wp-json\/wp\/v2\/users\/2"}],"replies":[{"embeddable":true,"href":"https:\/\/akdenizhaber.com.tr\/index.php\/wp-json\/wp\/v2\/comments?post=15686"}],"version-history":[{"count":0,"href":"https:\/\/akdenizhaber.com.tr\/index.php\/wp-json\/wp\/v2\/posts\/15686\/revisions"}],"wp:featuredmedia":[{"embeddable":true,"href":"https:\/\/akdenizhaber.com.tr\/index.php\/wp-json\/wp\/v2\/media\/15584"}],"wp:attachment":[{"href":"https:\/\/akdenizhaber.com.tr\/index.php\/wp-json\/wp\/v2\/media?parent=15686"}],"wp:term":[{"taxonomy":"category","embeddable":true,"href":"https:\/\/akdenizhaber.com.tr\/index.php\/wp-json\/wp\/v2\/categories?post=15686"},{"taxonomy":"post_tag","embeddable":true,"href":"https:\/\/akdenizhaber.com.tr\/index.php\/wp-json\/wp\/v2\/tags?post=15686"}],"curies":[{"name":"wp","href":"https:\/\/api.w.org\/{rel}","templated":true}]}}