{"id":15677,"date":"2023-09-13T11:31:23","date_gmt":"2023-09-13T08:31:23","guid":{"rendered":"https:\/\/akdenizhaber.com.tr\/?p=15677"},"modified":"2023-09-13T11:31:23","modified_gmt":"2023-09-13T08:31:23","slug":"haydar-gumrukcu-rus-ve-ukraynalarin-yerini-polonyalilar-ve-ingilizler-aldi","status":"publish","type":"post","link":"https:\/\/akdenizhaber.com.tr\/index.php\/2023\/09\/13\/haydar-gumrukcu-rus-ve-ukraynalarin-yerini-polonyalilar-ve-ingilizler-aldi\/","title":{"rendered":"Haydar G\u00fcmr\u00fck\u00e7\u00fc \u2018Rus Ve Ukraynalar\u0131n Yerini, Polonyal\u0131lar Ve \u0130ngilizler Ald\u0131!\u2019"},"content":{"rendered":"\n<p><\/p>\n\n\n\n<p>Antalya Kemer\u2019de yer alan her y\u0131l binlerce ki\u015fiyi zirveye ta\u015f\u0131yan Olympos Teleferik\u2019in Genel M\u00fcd\u00fcr\u00fc Haydar G\u00fcmr\u00fck\u00e7\u00fc yapt\u0131\u011f\u0131 a\u00e7\u0131klamada, bu sene bug\u00fcne kadar 175 bin ki\u015finin Olympos Teleferik ile zirveye \u00e7\u0131kt\u0131\u011f\u0131n\u0131 belirterek, \u201cBu y\u0131l hedefimiz 300 bin misafirimizi zirveye ta\u015f\u0131makt\u0131.&nbsp; Sezonun Kas\u0131m ay\u0131na uzayaca\u011f\u0131n\u0131 d\u00fc\u015f\u00fcn\u00fcyoruz. Y\u0131l sonuna kadar bu rakam\u0131n 230 binleri bulmas\u0131n\u0131 bekliyorum.\u201ddedi.<\/p>\n\n\n\n<p><strong>Rus ve Ukraynal\u0131lar\u0131n yerini, Polonyal\u0131lar ve \u0130ngilizler ald\u0131!<\/strong><\/p>\n\n\n\n<p>Beklenenin aksine normal bir sezon ya\u015fad\u0131klar\u0131n\u0131 belirten G\u00fcmr\u00fck\u00e7\u00fc, Ruslar ve Ukraynal\u0131lar\u0131n yerini Polonyal\u0131lar ve \u0130ngilizlerin almaya ba\u015flad\u0131\u011f\u0131n\u0131 belirterek, \u201c Ortalama bir sezon ge\u00e7iriyoruz. Rus pazar\u0131n\u0131n yerini ba\u015fka pazarlar dolduruyor. Mesela Polonyal\u0131lar ve \u0130ngilizler \u00e7ok gelmeye ba\u015flad\u0131. Do\u011fu Avrupa&#8217;dan gelen misafirlerimiz b\u00fcy\u00fck ilgi g\u00f6steriyor. Dolay\u0131s\u0131yla Ruslar\u0131n ve Ukraynal\u0131lar\u0131n yerini biraz onlar almaya ba\u015flad\u0131. \u0130ngiliz pazar\u0131 hareketli. Yani \u015funu g\u00f6rd\u00fck ki, bir pazar bo\u015fal\u0131rsa bir yerden ba\u015fka pazarlar oray\u0131 dolduruyor. Onun d\u0131\u015f\u0131nda ekonomik s\u0131k\u0131nt\u0131lar, sava\u015f\u0131n olmas\u0131 bunlar tabi etkiledi mutlaka. \u00d6zellikle ya\u015fanan sava\u015f bizi \u00e7ok etkiledi. Rus pazar\u0131 ve Ukrayna pazar\u0131nda d\u00fc\u015f\u00fc\u015f var. Rusya\u2019daki ekonomik durum yani Ruble&#8217;nin durumu nedeniyle, gelen Ruslar maalesef harcama yapm\u0131yorlar, bunu biz de hissediyoruz. Bize gelen insanlar bile yukar\u0131da yiyecek i\u00e7ecek ve di\u011fer aktivitelerde istenilen seviyede harcama yapm\u0131yorlar. Zaten otele gelen misafirlerin de bir k\u0131sm\u0131 da d\u0131\u015far\u0131ya \u00e7\u0131km\u0131yor. B\u00f6yle bir genel sorun ya\u015fan\u0131yor. Sadece bizde de\u011fil b\u00fct\u00fcn g\u00fcn\u00fcbirlik alanlarda bir d\u00fc\u015f\u00fc\u015f var.\u201ddiye konu\u015ftu.<\/p>\n\n\n\n<p><strong>Olympos Teleferik \u2018Avrupa\u2019n\u0131n en uzun Teleferi\u011fi\u2019<\/strong><\/p>\n\n\n\n<p>Teleferik hakk\u0131nda k\u0131sa bilgiler de veren Genel M\u00fcd\u00fcr Haydar G\u00fcmr\u00fck\u00e7\u00fc, \u201c Teleferi\u011fimiz, Kemer\u2019in simgesi. Avrupa&#8217;n\u0131n en uzun, d\u00fcnyan\u0131n ise ikinci en uzun teleferi\u011fi olma \u00f6zelli\u011fi ta\u015f\u0131yor. Teleferi\u011fimiz ile yolculuk alt istasyon ile Tahtal\u0131 Da\u011f\u0131 2365 mt zirve aras\u0131 yakla\u015f\u0131k 12 dakika s\u00fcr\u00fcyor.\u00a0 \u0130svi\u00e7reli m\u00fchendisler taraf\u0131ndan tasarlanan teleferi\u011fimiz ile yolculuk yapan misafirlerimiz unutulmaz bir yolculuk ya\u015farken, Phaselis ve Olympos Antik Kenti, Antalya ve Kemer&#8217;in manzaras\u0131n\u0131 g\u00f6rme \u015fans\u0131 buluyorlar, bulutlu havalarda ise bulutlar\u0131n i\u00e7erisinden ge\u00e7erken unutulmaz\u0131 ya\u015f\u0131yorlar\u201d diye konu\u015ftu.<\/p>\n\n\n\n<p>HABER MERKEZ\u0130<\/p>\n","protected":false},"excerpt":{"rendered":"<p>Antalya Kemer\u2019de yer alan her y\u0131l binlerce ki\u015fiyi zirveye ta\u015f\u0131yan Olympos Teleferik\u2019in Genel M\u00fcd\u00fcr\u00fc Haydar G\u00fcmr\u00fck\u00e7\u00fc yapt\u0131\u011f\u0131 a\u00e7\u0131klamada, bu sene bug\u00fcne kadar 175 bin ki\u015finin <a href=\"https:\/\/akdenizhaber.com.tr\/index.php\/2023\/09\/13\/haydar-gumrukcu-rus-ve-ukraynalarin-yerini-polonyalilar-ve-ingilizler-aldi\/\" class=\"read-more-link\">[more&#8230;]<\/a><\/p>\n","protected":false},"author":2,"featured_media":15678,"comment_status":"open","ping_status":"open","sticky":false,"template":"","format":"standard","meta":{"footnotes":""},"categories":[2],"tags":[],"class_list":["post-15677","post","type-post","status-publish","format-standard","has-post-thumbnail","hentry","category-gundem"],"_links":{"self":[{"href":"https:\/\/akdenizhaber.com.tr\/index.php\/wp-json\/wp\/v2\/posts\/15677","targetHints":{"allow":["GET"]}}],"collection":[{"href":"https:\/\/akdenizhaber.com.tr\/index.php\/wp-json\/wp\/v2\/posts"}],"about":[{"href":"https:\/\/akdenizhaber.com.tr\/index.php\/wp-json\/wp\/v2\/types\/post"}],"author":[{"embeddable":true,"href":"https:\/\/akdenizhaber.com.tr\/index.php\/wp-json\/wp\/v2\/users\/2"}],"replies":[{"embeddable":true,"href":"https:\/\/akdenizhaber.com.tr\/index.php\/wp-json\/wp\/v2\/comments?post=15677"}],"version-history":[{"count":0,"href":"https:\/\/akdenizhaber.com.tr\/index.php\/wp-json\/wp\/v2\/posts\/15677\/revisions"}],"wp:featuredmedia":[{"embeddable":true,"href":"https:\/\/akdenizhaber.com.tr\/index.php\/wp-json\/wp\/v2\/media\/15678"}],"wp:attachment":[{"href":"https:\/\/akdenizhaber.com.tr\/index.php\/wp-json\/wp\/v2\/media?parent=15677"}],"wp:term":[{"taxonomy":"category","embeddable":true,"href":"https:\/\/akdenizhaber.com.tr\/index.php\/wp-json\/wp\/v2\/categories?post=15677"},{"taxonomy":"post_tag","embeddable":true,"href":"https:\/\/akdenizhaber.com.tr\/index.php\/wp-json\/wp\/v2\/tags?post=15677"}],"curies":[{"name":"wp","href":"https:\/\/api.w.org\/{rel}","templated":true}]}}