{"id":15674,"date":"2023-09-13T11:30:49","date_gmt":"2023-09-13T08:30:49","guid":{"rendered":"https:\/\/akdenizhaber.com.tr\/?p=15674"},"modified":"2023-09-13T11:30:49","modified_gmt":"2023-09-13T08:30:49","slug":"ogrencilerimizin-guvenligi-bizim-icin-en-onemli-konu","status":"publish","type":"post","link":"https:\/\/akdenizhaber.com.tr\/index.php\/2023\/09\/13\/ogrencilerimizin-guvenligi-bizim-icin-en-onemli-konu\/","title":{"rendered":"\u00d6\u011frencilerimizin G\u00fcvenli\u011fi Bizim \u0130\u00e7in En \u00d6nemli Konu"},"content":{"rendered":"\n<p><br>2023-2024 E\u011fitim \u00d6\u011fretim Y\u0131l\u0131 Bilgilendirme ve De\u011ferlendirme Toplant\u0131s\u0131, Vali Vekili Mustafa Hulusi Arat ba\u015fkanl\u0131\u011f\u0131nda Vali Yard\u0131mc\u0131lar\u0131, Kaymakamlar ve ilgili kurum amirlerinin kat\u0131l\u0131mlar\u0131yla \u00e7evrimi\u00e7i olarak ger\u00e7ekle\u015ftirildi. Toplant\u0131da konu\u015fan Vali Vekili Arat; \u201c\u00d6\u011frencilerimizin g\u00fcvenli\u011fi ve servislerin usul\u00fcne uygun \u00e7al\u0131\u015fmas\u0131 bizim i\u00e7in en \u00f6nemli konu.\u201d dedi.<\/p>\n\n\n\n<p><br>Antalya\u2019da okullar\u0131n ba\u015flamas\u0131yla birlikte Vali Vekili Mustafa Hulusi Arat ba\u015fkanl\u0131\u011f\u0131nda Vali Yard\u0131mc\u0131lar\u0131, Kaymakamlar ve ilgili kurum amirlerinin kat\u0131l\u0131mlar\u0131yla \u00e7evrimi\u00e7i olarak 2023-2024 E\u011fitim \u00d6\u011fretim Y\u0131l\u0131 Bilgilendirme ve De\u011ferlendirme Toplant\u0131s\u0131 ger\u00e7ekle\u015ftirildi.<\/p>\n\n\n\n<p><br>Servis \u0130\u015fini Ciddiye Alal\u0131m<br>Toplant\u0131n\u0131n a\u00e7\u0131l\u0131\u015f\u0131nda konu\u015fan Vali Vekili Arat; \u201cOkul servisleriyle ilgili her y\u0131l duymak ve g\u00f6rmek istemedi\u011fimiz olaylarla az da olsa kar\u015f\u0131la\u015fabiliyoruz. Bu olaylar\u0131n \u00f6n\u00fcne ge\u00e7mek i\u00e7in olay\u0131 ba\u015ftan s\u0131k\u0131 tutmal\u0131y\u0131z. Servislere kar\u015f\u0131 denetimlerimizi s\u0131k\u0131 bir \u015fekilde yapmal\u0131y\u0131z. Bu i\u015fi l\u00fctfen s\u0131k\u0131 tutal\u0131m. Servis i\u015fini ciddiye alal\u0131m. Ara\u00e7lar\u0131n teknik \u00f6zelliklerinden, \u015fof\u00f6rlerin bu i\u015fe uygunlu\u011funa kadar her konuyu denetleyelim.\u201d ifadelerini kulland\u0131.<\/p>\n\n\n\n<p><br>\u00c7ocuklar\u0131m\u0131z\u0131 Tehlikeye Atacak Hi\u00e7bir Olaya M\u00fcsaade Etmeyece\u011fiz<br>\u00d6\u011frencilerin g\u00fcvenli\u011finin kendilerine ait oldu\u011funu ve bu konunun en \u00f6nemli konu oldu\u011funun alt\u0131n\u0131 \u00e7izen Vali Vekili Arat \u015funlar\u0131 kaydetti: \u201cOkul \u00e7evrelerini de de\u011ferlendirece\u011fiz. Okul polisi uygulamam\u0131z var. Okul \u00e7evresinde \u00e7ocuklar\u0131m\u0131z\u0131 tehlikeye atacak hi\u00e7bir olaya m\u00fcsaade etmeyece\u011fiz. Okul \u00e7evresindeki esnaflar\u0131 da s\u0131k\u0131 bir \u015fekilde denetleyece\u011fiz. Yak\u0131n temas kurup kontrollerini ger\u00e7ekle\u015ftirece\u011fiz. \u00c7ocuklar\u0131m\u0131z\u0131 k\u00f6t\u00fc al\u0131\u015fkanl\u0131klardan uzak tutmak i\u00e7in elimizden geleni yapaca\u011f\u0131z. \u00c7\u00fcnk\u00fc \u00f6\u011frencilerimizin g\u00fcvenli\u011fi ve servislerin usul\u00fcne uygun \u00e7al\u0131\u015fmas\u0131 bizim i\u00e7in en \u00f6nemli konu.\u201d<\/p>\n\n\n\n<p><br>2023-2024 E\u011fitim \u00d6\u011fretim Y\u0131l\u0131 Bilgilendirme ve De\u011ferlendirme Toplant\u0131s\u0131 ilgili kurumlar\u0131n ger\u00e7ekle\u015ftirdikleri sunumla sona erdi.<\/p>\n\n\n\n<p>Antalya Valili\u011fi \/ B\u00fclten<\/p>\n","protected":false},"excerpt":{"rendered":"<p>2023-2024 E\u011fitim \u00d6\u011fretim Y\u0131l\u0131 Bilgilendirme ve De\u011ferlendirme Toplant\u0131s\u0131, Vali Vekili Mustafa Hulusi Arat ba\u015fkanl\u0131\u011f\u0131nda Vali Yard\u0131mc\u0131lar\u0131, Kaymakamlar ve ilgili kurum amirlerinin kat\u0131l\u0131mlar\u0131yla \u00e7evrimi\u00e7i olarak ger\u00e7ekle\u015ftirildi. <a href=\"https:\/\/akdenizhaber.com.tr\/index.php\/2023\/09\/13\/ogrencilerimizin-guvenligi-bizim-icin-en-onemli-konu\/\" class=\"read-more-link\">[more&#8230;]<\/a><\/p>\n","protected":false},"author":2,"featured_media":15675,"comment_status":"open","ping_status":"open","sticky":false,"template":"","format":"standard","meta":{"footnotes":""},"categories":[2],"tags":[],"class_list":["post-15674","post","type-post","status-publish","format-standard","has-post-thumbnail","hentry","category-gundem"],"_links":{"self":[{"href":"https:\/\/akdenizhaber.com.tr\/index.php\/wp-json\/wp\/v2\/posts\/15674","targetHints":{"allow":["GET"]}}],"collection":[{"href":"https:\/\/akdenizhaber.com.tr\/index.php\/wp-json\/wp\/v2\/posts"}],"about":[{"href":"https:\/\/akdenizhaber.com.tr\/index.php\/wp-json\/wp\/v2\/types\/post"}],"author":[{"embeddable":true,"href":"https:\/\/akdenizhaber.com.tr\/index.php\/wp-json\/wp\/v2\/users\/2"}],"replies":[{"embeddable":true,"href":"https:\/\/akdenizhaber.com.tr\/index.php\/wp-json\/wp\/v2\/comments?post=15674"}],"version-history":[{"count":0,"href":"https:\/\/akdenizhaber.com.tr\/index.php\/wp-json\/wp\/v2\/posts\/15674\/revisions"}],"wp:featuredmedia":[{"embeddable":true,"href":"https:\/\/akdenizhaber.com.tr\/index.php\/wp-json\/wp\/v2\/media\/15675"}],"wp:attachment":[{"href":"https:\/\/akdenizhaber.com.tr\/index.php\/wp-json\/wp\/v2\/media?parent=15674"}],"wp:term":[{"taxonomy":"category","embeddable":true,"href":"https:\/\/akdenizhaber.com.tr\/index.php\/wp-json\/wp\/v2\/categories?post=15674"},{"taxonomy":"post_tag","embeddable":true,"href":"https:\/\/akdenizhaber.com.tr\/index.php\/wp-json\/wp\/v2\/tags?post=15674"}],"curies":[{"name":"wp","href":"https:\/\/api.w.org\/{rel}","templated":true}]}}