{"id":15662,"date":"2023-09-13T11:24:16","date_gmt":"2023-09-13T08:24:16","guid":{"rendered":"https:\/\/akdenizhaber.com.tr\/?p=15662"},"modified":"2023-09-13T11:24:16","modified_gmt":"2023-09-13T08:24:16","slug":"tutuncu-ogrencilerle-bulustu","status":"publish","type":"post","link":"https:\/\/akdenizhaber.com.tr\/index.php\/2023\/09\/13\/tutuncu-ogrencilerle-bulustu\/","title":{"rendered":"T\u00fct\u00fcnc\u00fc \u00f6\u011frencilerle bulu\u015ftu"},"content":{"rendered":"\n<p><\/p>\n\n\n\n<p>Mezun oldu\u011fu Antalya Anadolu \u0130mam Hatip Lisesi\u2019ni 2023-2024 E\u011fitim-\u00d6\u011fretim Y\u0131l\u0131n\u0131n ilk g\u00fcnlerinde ziyaret eden Kepez Belediye Ba\u015fkan\u0131 Hakan T\u00fct\u00fcnc\u00fc, \u00f6\u011frenci ve \u00f6\u011fretmenlere ba\u015far\u0131l\u0131 bir e\u011fitim ve \u00f6\u011fretim y\u0131l\u0131 dile\u011finde bulundu.<\/p>\n\n\n\n<p>Kepez Belediye Ba\u015fkan\u0131 Hakan T\u00fct\u00fcnc\u00fc, 2023-2024 E\u011fitim-\u00d6\u011fretim Y\u0131l\u0131n\u0131n ilk g\u00fcnlerinde Antalya Anadolu \u0130mam Hatip Lisesi \u00f6\u011frencileriyle bir araya geldi. Ba\u015fkan T\u00fct\u00fcnc\u00fc, 2023 -2024 e\u011fitim y\u0131l\u0131n\u0131n ilk g\u00fcn\u00fcnde \u00f6\u011frencilerle bir araya gelmekten dolay\u0131 duydu\u011fu mutlulu\u011fu dile getirdi. Hayat\u0131n\u0131n 6 y\u0131l\u0131n\u0131n bu okulda ge\u00e7ti\u011fini an\u0131msatan Ba\u015fkan T\u00fct\u00fcnc\u00fc, o d\u00f6nemdeki an\u0131lar\u0131n\u0131 okulun \u00f6\u011frencilerine anlatarak hat\u0131ralar\u0131n\u0131 yad etti. Okuman\u0131n \u00e7ok \u00f6nemli oldu\u011funu belirten Ba\u015fkan T\u00fct\u00fcnc\u00fc, dinin ilk emrinin de okumak oldu\u011funu hat\u0131rlatt\u0131. Ba\u015fkan T\u00fct\u00fcnc\u00fc konu\u015fmas\u0131n\u0131n ard\u0131ndan \u00f6\u011frenciler taraf\u0131ndan kendine y\u00f6neltilen sorular\u0131 cevaplad\u0131. Ba\u015fkan T\u00fct\u00fcnc\u00fc konu\u015fmas\u0131 s\u0131ras\u0131nda Antalya Anadolu \u0130mam Hatip Lisesi\u2019ne T\u00fcrkiye\u2019de \u00e7ok konu\u015fulacak bir k\u00fct\u00fcphane yapacaklar\u0131n\u0131 da m\u00fcjdeledi. &nbsp;Yeni bir okul iste\u011fi \u00fczerine Ba\u015fkan T\u00fct\u00fcnc\u00fc, \u201c15 y\u0131lda Kepez\u2019de b\u00fcy\u00fck k\u00fc\u00e7\u00fck 150\u2019den fazla okul yapt\u0131k. Allah\u2019\u0131n izniyle o h\u0131z\u0131m\u0131z\u0131 yine devam ettirece\u011fiz. Onun b\u00fcy\u00fck yans\u0131malar\u0131ndan bir tanesi de bizi bug\u00fcnlere getiren bu g\u00fczel okulumuz olacak. Her nereye bir okul yap\u0131lmak isterseniz biz oraday\u0131z\u201c dedi.<\/p>\n\n\n\n<p>Kepez Belediyesi \/ B\u00fclten<\/p>\n","protected":false},"excerpt":{"rendered":"<p>Mezun oldu\u011fu Antalya Anadolu \u0130mam Hatip Lisesi\u2019ni 2023-2024 E\u011fitim-\u00d6\u011fretim Y\u0131l\u0131n\u0131n ilk g\u00fcnlerinde ziyaret eden Kepez Belediye Ba\u015fkan\u0131 Hakan T\u00fct\u00fcnc\u00fc, \u00f6\u011frenci ve \u00f6\u011fretmenlere ba\u015far\u0131l\u0131 bir e\u011fitim <a href=\"https:\/\/akdenizhaber.com.tr\/index.php\/2023\/09\/13\/tutuncu-ogrencilerle-bulustu\/\" class=\"read-more-link\">[more&#8230;]<\/a><\/p>\n","protected":false},"author":2,"featured_media":15663,"comment_status":"open","ping_status":"open","sticky":false,"template":"","format":"standard","meta":{"footnotes":""},"categories":[2],"tags":[],"class_list":["post-15662","post","type-post","status-publish","format-standard","has-post-thumbnail","hentry","category-gundem"],"_links":{"self":[{"href":"https:\/\/akdenizhaber.com.tr\/index.php\/wp-json\/wp\/v2\/posts\/15662","targetHints":{"allow":["GET"]}}],"collection":[{"href":"https:\/\/akdenizhaber.com.tr\/index.php\/wp-json\/wp\/v2\/posts"}],"about":[{"href":"https:\/\/akdenizhaber.com.tr\/index.php\/wp-json\/wp\/v2\/types\/post"}],"author":[{"embeddable":true,"href":"https:\/\/akdenizhaber.com.tr\/index.php\/wp-json\/wp\/v2\/users\/2"}],"replies":[{"embeddable":true,"href":"https:\/\/akdenizhaber.com.tr\/index.php\/wp-json\/wp\/v2\/comments?post=15662"}],"version-history":[{"count":0,"href":"https:\/\/akdenizhaber.com.tr\/index.php\/wp-json\/wp\/v2\/posts\/15662\/revisions"}],"wp:featuredmedia":[{"embeddable":true,"href":"https:\/\/akdenizhaber.com.tr\/index.php\/wp-json\/wp\/v2\/media\/15663"}],"wp:attachment":[{"href":"https:\/\/akdenizhaber.com.tr\/index.php\/wp-json\/wp\/v2\/media?parent=15662"}],"wp:term":[{"taxonomy":"category","embeddable":true,"href":"https:\/\/akdenizhaber.com.tr\/index.php\/wp-json\/wp\/v2\/categories?post=15662"},{"taxonomy":"post_tag","embeddable":true,"href":"https:\/\/akdenizhaber.com.tr\/index.php\/wp-json\/wp\/v2\/tags?post=15662"}],"curies":[{"name":"wp","href":"https:\/\/api.w.org\/{rel}","templated":true}]}}