{"id":15659,"date":"2023-09-13T11:23:51","date_gmt":"2023-09-13T08:23:51","guid":{"rendered":"https:\/\/akdenizhaber.com.tr\/?p=15659"},"modified":"2023-09-13T11:23:51","modified_gmt":"2023-09-13T08:23:51","slug":"konyaalti-caz-gunleri-basliyor","status":"publish","type":"post","link":"https:\/\/akdenizhaber.com.tr\/index.php\/2023\/09\/13\/konyaalti-caz-gunleri-basliyor\/","title":{"rendered":"Konyaalt\u0131 Caz G\u00fcnleri ba\u015fl\u0131yor"},"content":{"rendered":"\n<p><\/p>\n\n\n\n<p><strong>Konyaalt\u0131 Belediyesi\u2019nin bu y\u0131l ikincisini d\u00fczenleyece\u011fi 2. Konyaalt\u0131 Caz G\u00fcnleri, 16 Eyl\u00fcl Cumartesi g\u00fcn\u00fc ba\u015fl\u0131yor. Etkinli\u011fin a\u00e7\u0131l\u0131\u015f\u0131nda Ay\u015feg\u00fcl &amp; Nezih Ye\u015filnil Quintet konser verecek.<\/strong><\/p>\n\n\n\n<p>Konyaalt\u0131 Belediyesi\u2019nin il\u00e7enin g\u00f6zbebe\u011fi HayatPark\u2019ta ger\u00e7ekle\u015ftirdi\u011fi Konyaalt\u0131 Caz G\u00fcnleri cumartesi ak\u015fam\u0131 Ay\u015feg\u00fcl &amp; Nezih Ye\u015filnil Quintet konseri ile ba\u015fl\u0131yor. Bu y\u0131l ikincisi d\u00fczenlenen ve geleneksel hale getirilmesi ama\u00e7lanan etkinlikte caz m\u00fczi\u011fin sevilen isimleri sanatseverlerle bulu\u015facak.<\/p>\n\n\n\n<p><strong>DO\u011eADA M\u00dcZ\u0130K KEYF\u0130<\/strong><\/p>\n\n\n\n<p>\u015eehrin ortas\u0131nda olmas\u0131na kar\u015f\u0131n, g\u00fcr\u00fclt\u00fcden uzak do\u011fal bir ka\u00e7\u0131\u015f noktas\u0131 olan HayatPark\u2019ta ger\u00e7ekle\u015ftirilen etkinlikte sanatseverler kendini caz m\u00fczi\u011finin ak\u0131\u015f\u0131na b\u0131rakacak. Festivalde 23 Eyl\u00fcl Cumartesi ak\u015fam\u0131 Elif \u00c7a\u011flar Band, 30 Eyl\u00fcl Cumartesi ak\u015fam\u0131 Seran Bilgi sahne alacak. Festivalin kapan\u0131\u015f konserini ise 7 Ekim Cumartesi ak\u015fam\u0131 Ece G\u00f6ksu &amp; \u0130mer Demirer yapacak. \u00dccretsiz olacak olan etkinlikler 20.30\u2019da ger\u00e7ekle\u015ftirilecek.<\/p>\n\n\n\n<p><strong>\u00dcCRETS\u0130Z ETK\u0130NL\u0130K<\/strong><\/p>\n\n\n\n<p>Ge\u00e7ti\u011fimiz y\u0131l ger\u00e7ekle\u015ftirdikleri Konyaalt\u0131 Caz G\u00fcnleri\u2019nin sanatseverlerden yo\u011fun ilgi g\u00f6rd\u00fc\u011f\u00fcn\u00fc dile getiren Konyaalt\u0131 Belediye Ba\u015fkan\u0131 Semih Esen, \u201cEtkinli\u011fimiz HayatPark\u2019\u0131m\u0131za ve Antalya\u2019m\u0131za \u00e7ok yak\u0131\u015ft\u0131. Ge\u00e7ti\u011fimiz y\u0131l sandalyesini alan vatanda\u015flar\u0131m\u0131z etkinli\u011fimize geldi. Do\u011fan\u0131n i\u00e7inde caz m\u00fczi\u011finin t\u0131n\u0131lar\u0131na kendilerini b\u0131rakt\u0131lar. Bu y\u0131l da etkinli\u011fimize yo\u011fun bir kat\u0131l\u0131m bekliyoruz. T\u00fcm vatanda\u015flar\u0131m\u0131z\u0131 \u00fccretsiz ger\u00e7ekle\u015ftirece\u011fimiz Konyaalt\u0131 Caz G\u00fcnleri\u2019ne bekliyorum\u201d diye konu\u015ftu.<\/p>\n\n\n\n<p><strong>Konyaalt\u0131 Belediyesi \/ B\u00fclten<\/strong><\/p>\n","protected":false},"excerpt":{"rendered":"<p>Konyaalt\u0131 Belediyesi\u2019nin bu y\u0131l ikincisini d\u00fczenleyece\u011fi 2. Konyaalt\u0131 Caz G\u00fcnleri, 16 Eyl\u00fcl Cumartesi g\u00fcn\u00fc ba\u015fl\u0131yor. Etkinli\u011fin a\u00e7\u0131l\u0131\u015f\u0131nda Ay\u015feg\u00fcl &amp; Nezih Ye\u015filnil Quintet konser verecek. Konyaalt\u0131 <a href=\"https:\/\/akdenizhaber.com.tr\/index.php\/2023\/09\/13\/konyaalti-caz-gunleri-basliyor\/\" class=\"read-more-link\">[more&#8230;]<\/a><\/p>\n","protected":false},"author":2,"featured_media":15660,"comment_status":"open","ping_status":"open","sticky":false,"template":"","format":"standard","meta":{"footnotes":""},"categories":[2],"tags":[],"class_list":["post-15659","post","type-post","status-publish","format-standard","has-post-thumbnail","hentry","category-gundem"],"_links":{"self":[{"href":"https:\/\/akdenizhaber.com.tr\/index.php\/wp-json\/wp\/v2\/posts\/15659","targetHints":{"allow":["GET"]}}],"collection":[{"href":"https:\/\/akdenizhaber.com.tr\/index.php\/wp-json\/wp\/v2\/posts"}],"about":[{"href":"https:\/\/akdenizhaber.com.tr\/index.php\/wp-json\/wp\/v2\/types\/post"}],"author":[{"embeddable":true,"href":"https:\/\/akdenizhaber.com.tr\/index.php\/wp-json\/wp\/v2\/users\/2"}],"replies":[{"embeddable":true,"href":"https:\/\/akdenizhaber.com.tr\/index.php\/wp-json\/wp\/v2\/comments?post=15659"}],"version-history":[{"count":0,"href":"https:\/\/akdenizhaber.com.tr\/index.php\/wp-json\/wp\/v2\/posts\/15659\/revisions"}],"wp:featuredmedia":[{"embeddable":true,"href":"https:\/\/akdenizhaber.com.tr\/index.php\/wp-json\/wp\/v2\/media\/15660"}],"wp:attachment":[{"href":"https:\/\/akdenizhaber.com.tr\/index.php\/wp-json\/wp\/v2\/media?parent=15659"}],"wp:term":[{"taxonomy":"category","embeddable":true,"href":"https:\/\/akdenizhaber.com.tr\/index.php\/wp-json\/wp\/v2\/categories?post=15659"},{"taxonomy":"post_tag","embeddable":true,"href":"https:\/\/akdenizhaber.com.tr\/index.php\/wp-json\/wp\/v2\/tags?post=15659"}],"curies":[{"name":"wp","href":"https:\/\/api.w.org\/{rel}","templated":true}]}}