{"id":15653,"date":"2023-09-13T11:22:56","date_gmt":"2023-09-13T08:22:56","guid":{"rendered":"https:\/\/akdenizhaber.com.tr\/?p=15653"},"modified":"2023-09-13T11:22:57","modified_gmt":"2023-09-13T08:22:57","slug":"veliler-de-cocuklar-da-mutlu","status":"publish","type":"post","link":"https:\/\/akdenizhaber.com.tr\/index.php\/2023\/09\/13\/veliler-de-cocuklar-da-mutlu\/","title":{"rendered":"Veliler de \u00e7ocuklar da mutlu"},"content":{"rendered":"\n<p><\/p>\n\n\n\n<p>Antalya\u2019da Muratpa\u015fa Belediyesi\u2019nin il\u00e7enin be\u015f farkl\u0131 mahallesinde bulunan kre\u015flerinde ilk ders zili \u00e7ald\u0131. \u00c7ocuklar, ailelerinden ilk kez ayr\u0131lman\u0131n heyecan\u0131n\u0131 ya\u015farken veliler hem \u00e7ocuklar\u0131n\u0131n hem de kendilerinin Muratpa\u015fa kre\u015flerinde mutlu oldu\u011funu s\u00f6yledi.<\/p>\n\n\n\n<p>Kre\u015fleri, ilk ve ortaokul \u00f6\u011frencilerine y\u00f6nelik destek e\u011fitim kurs merkezleri, lise \u00f6\u011frencilerini \u00fcniversite s\u0131nav\u0131na haz\u0131rlayan gen\u00e7lik merkezi, meslek, sanat ve hobi kurslar\u0131yla Muratpa\u015fa\u2019n\u0131n en b\u00fcy\u00fck e\u011fitim kurumu olan Muratpa\u015fa Belediyesi\u2019nde yeni e\u011fitim \u00f6\u011fretim y\u0131l\u0131 ba\u015flad\u0131.<br><br>E\u011fitim kurumlar\u0131nda en b\u00fcy\u00fck heyecan\u0131 ise bu y\u0131l kre\u015flere ba\u015flayan minik \u00f6\u011frenciler ve aileleri ya\u015fad\u0131. \u00dc\u00e7 bu\u00e7uk ya\u015f\u0131ndaki k\u0131z\u0131n\u0131 \u00c7a\u011flayan Mahallesi kre\u015fine kay\u0131t ettirdi\u011fini belirten veli Esma \u00c7\u00f6lbekler kre\u015fin temizli\u011finden, g\u00f6sterilen ilgi ve alakadan, g\u00fcler y\u00fczden memnun oldu\u011funu s\u00f6yledi. \u00c7\u00f6lbekler, \u201cDaha \u00f6nce \u00f6zel kre\u015flere de gitti fakat bu kadar imkan ve bu kadar ilgi g\u00f6sterilmiyordu a\u00e7\u0131k\u00e7as\u0131. \u00d6\u011fretmenlerimizle s\u00fcrekli diyalog i\u00e7erisindeyiz. Her geldi\u011fimde g\u00fcler y\u00fczle kar\u015f\u0131la\u015f\u0131yorum. Mutluyum. \u00c7ocu\u011fum da mutlu\u201d diye konu\u015ftu. \u00c7ocu\u011funu Muratpa\u015fa Belediyesi\u2019nde oldu\u011fu i\u00e7in kendisin \u015fansl\u0131 hissetti\u011fini anlatan ve Burcu K\u0131z\u0131l\u0131rmak ise \u201c\u00c7ok tatl\u0131 bir \u00f6\u011fretmenimizle denk geldim. H\u0131zl\u0131 ve uyumlu bir ge\u00e7i\u015f sa\u011flad\u0131k. Okulun ve \u00f6\u011fretmenimizin \u00e7ok b\u00fcy\u00fck katk\u0131s\u0131 oldu\u011funu d\u00fc\u015f\u00fcn\u00fcyorum\u201d dedi.<br><br>Muratpa\u015fa\u2019n\u0131n Dutlubah\u00e7e, Konuksever, Ermenek, \u00c7a\u011flayan ve So\u011fuksu mahallelerinde 29 s\u0131n\u0131fta ve 580 \u00f6\u011frencisiyle a\u00e7\u0131lan kre\u015flerde \u00e7ocuklar g\u00fcne kahvalt\u0131yla ba\u015fl\u0131yor. Kre\u015flerde \u00e7e\u015fitli oyun, etkinlik, boyama \u00e7al\u0131\u015fmalar\u0131yla \u00e7ocuklar\u0131n hem el becerilerini hem de sosyal becerilerini geli\u015ftirme imkan\u0131 sa\u011flan\u0131yor.<\/p>\n\n\n\n<p>Muratpa\u015fa Belediyesi \/ B\u00fclten<\/p>\n","protected":false},"excerpt":{"rendered":"<p>Antalya\u2019da Muratpa\u015fa Belediyesi\u2019nin il\u00e7enin be\u015f farkl\u0131 mahallesinde bulunan kre\u015flerinde ilk ders zili \u00e7ald\u0131. \u00c7ocuklar, ailelerinden ilk kez ayr\u0131lman\u0131n heyecan\u0131n\u0131 ya\u015farken veliler hem \u00e7ocuklar\u0131n\u0131n hem de <a href=\"https:\/\/akdenizhaber.com.tr\/index.php\/2023\/09\/13\/veliler-de-cocuklar-da-mutlu\/\" class=\"read-more-link\">[more&#8230;]<\/a><\/p>\n","protected":false},"author":2,"featured_media":15654,"comment_status":"open","ping_status":"open","sticky":false,"template":"","format":"standard","meta":{"footnotes":""},"categories":[2],"tags":[],"class_list":["post-15653","post","type-post","status-publish","format-standard","has-post-thumbnail","hentry","category-gundem"],"_links":{"self":[{"href":"https:\/\/akdenizhaber.com.tr\/index.php\/wp-json\/wp\/v2\/posts\/15653","targetHints":{"allow":["GET"]}}],"collection":[{"href":"https:\/\/akdenizhaber.com.tr\/index.php\/wp-json\/wp\/v2\/posts"}],"about":[{"href":"https:\/\/akdenizhaber.com.tr\/index.php\/wp-json\/wp\/v2\/types\/post"}],"author":[{"embeddable":true,"href":"https:\/\/akdenizhaber.com.tr\/index.php\/wp-json\/wp\/v2\/users\/2"}],"replies":[{"embeddable":true,"href":"https:\/\/akdenizhaber.com.tr\/index.php\/wp-json\/wp\/v2\/comments?post=15653"}],"version-history":[{"count":0,"href":"https:\/\/akdenizhaber.com.tr\/index.php\/wp-json\/wp\/v2\/posts\/15653\/revisions"}],"wp:featuredmedia":[{"embeddable":true,"href":"https:\/\/akdenizhaber.com.tr\/index.php\/wp-json\/wp\/v2\/media\/15654"}],"wp:attachment":[{"href":"https:\/\/akdenizhaber.com.tr\/index.php\/wp-json\/wp\/v2\/media?parent=15653"}],"wp:term":[{"taxonomy":"category","embeddable":true,"href":"https:\/\/akdenizhaber.com.tr\/index.php\/wp-json\/wp\/v2\/categories?post=15653"},{"taxonomy":"post_tag","embeddable":true,"href":"https:\/\/akdenizhaber.com.tr\/index.php\/wp-json\/wp\/v2\/tags?post=15653"}],"curies":[{"name":"wp","href":"https:\/\/api.w.org\/{rel}","templated":true}]}}