{"id":15637,"date":"2023-09-12T14:24:31","date_gmt":"2023-09-12T11:24:31","guid":{"rendered":"https:\/\/akdenizhaber.com.tr\/?p=15637"},"modified":"2023-09-12T14:26:48","modified_gmt":"2023-09-12T11:26:48","slug":"emege-saygi","status":"publish","type":"post","link":"https:\/\/akdenizhaber.com.tr\/index.php\/2023\/09\/12\/emege-saygi\/","title":{"rendered":"Eme\u011fe Sayg\u0131"},"content":{"rendered":"\n<p><\/p>\n\n\n\n<p>Ben bu yaz\u0131y\u0131 20 Haziran 2022&#8217;de yazm\u0131\u015ft\u0131m yine yaz\u0131yorum \u00e7\u00fcnk\u00fc emek en y\u00fcce de\u011ferdir. Canla ba\u015fla emek sarf eden emek\u00e7i karde\u015flerime sayg\u0131 duyuyorum ve yaz\u0131yorum. Sivrisinekle m\u00fccadele etmek yerel konudan ziyade genel bir konudur. Sivrisinek suda \u00fcrer ak\u0131nt\u0131s\u0131 olmayan duruyu tercih eder su zengini Manavgat sivrinin \u00fcremesi a\u00e7\u0131s\u0131ndan bir cennettir. Sivrisinek anefel olan\u0131 bula\u015f\u0131c\u0131 s\u0131tma hastal\u0131\u011f\u0131na neden oldu\u011fu bilinmektedir. Sivrilerin geceleri uyurken insandan kan emdi\u011fi ortadad\u0131r hastal\u0131k bula\u015ft\u0131rd\u0131\u011f\u0131 bir yana kan\u0131n\u0131 emdikten sonra ortaya \u00e7\u0131kan ka\u015f\u0131nt\u0131 insan\u0131n gecesini sabah ettiriyor. Ben Manavgat&#8217;a 1979&#8217;da geldim i\u015fim gere\u011fi \u0130zmir&#8217;de oturuyordum i\u015fimin ba\u015f\u0131na \u0130zmir&#8217;e d\u00f6nd\u00fcm 1988&#8217;de e\u015fim Manavgatl\u0131, Manavgat&#8217;a yerle\u015ftim o zamanlar s\u0131tma hastal\u0131\u011f\u0131na kar\u015f\u0131 kinin ta\u015f\u0131yan erkek hem\u015fireler vard\u0131 Sa\u011fl\u0131k Kurulu\u015flar\u0131 ve Belediyenin bu konuda \u00fcst\u00fcnde hassasiyetle durdu\u011fu ortadad\u0131r. \u0130la\u00e7lama arac\u0131 ile ara sokaklar dahil her yeri ila\u00e7lamaktad\u0131r bu \u00e7al\u0131\u015fmalardan dolay\u0131 ba\u015fta belediye ba\u015fkan\u0131 say\u0131n S\u00f6zen olmak \u00fczere yetkili amire, \u015fefe, arac\u0131 kullanan \u015fof\u00f6re, s\u0131rt pompalar\u0131 ile ila\u00e7lama yapan emek\u00e7i karde\u015flerime, eme\u011fi ge\u00e7en herkese t\u00fcm \u00e7al\u0131\u015fanlara, s\u0131tma hastal\u0131\u011f\u0131n\u0131 te\u015fhis eden ve tedavi uygulayan ba\u015fhekiminden doktoruna, hem\u015firesinden hasta bak\u0131c\u0131s\u0131na, t\u00fcm sa\u011fl\u0131k kurulu\u015flar\u0131na devlet veya \u00f6zel hepsine te\u015fekk\u00fcr ediyorum.<\/p>\n\n\n\n<p>Ercan G\u00fcm\u00fc\u015f<\/p>\n","protected":false},"excerpt":{"rendered":"<p>Ben bu yaz\u0131y\u0131 20 Haziran 2022&#8217;de yazm\u0131\u015ft\u0131m yine yaz\u0131yorum \u00e7\u00fcnk\u00fc emek en y\u00fcce de\u011ferdir. Canla ba\u015fla emek sarf eden emek\u00e7i karde\u015flerime sayg\u0131 duyuyorum ve yaz\u0131yorum. <a href=\"https:\/\/akdenizhaber.com.tr\/index.php\/2023\/09\/12\/emege-saygi\/\" class=\"read-more-link\">[more&#8230;]<\/a><\/p>\n","protected":false},"author":2,"featured_media":15638,"comment_status":"open","ping_status":"open","sticky":false,"template":"","format":"standard","meta":{"footnotes":""},"categories":[2],"tags":[],"class_list":["post-15637","post","type-post","status-publish","format-standard","has-post-thumbnail","hentry","category-gundem"],"_links":{"self":[{"href":"https:\/\/akdenizhaber.com.tr\/index.php\/wp-json\/wp\/v2\/posts\/15637","targetHints":{"allow":["GET"]}}],"collection":[{"href":"https:\/\/akdenizhaber.com.tr\/index.php\/wp-json\/wp\/v2\/posts"}],"about":[{"href":"https:\/\/akdenizhaber.com.tr\/index.php\/wp-json\/wp\/v2\/types\/post"}],"author":[{"embeddable":true,"href":"https:\/\/akdenizhaber.com.tr\/index.php\/wp-json\/wp\/v2\/users\/2"}],"replies":[{"embeddable":true,"href":"https:\/\/akdenizhaber.com.tr\/index.php\/wp-json\/wp\/v2\/comments?post=15637"}],"version-history":[{"count":0,"href":"https:\/\/akdenizhaber.com.tr\/index.php\/wp-json\/wp\/v2\/posts\/15637\/revisions"}],"wp:featuredmedia":[{"embeddable":true,"href":"https:\/\/akdenizhaber.com.tr\/index.php\/wp-json\/wp\/v2\/media\/15638"}],"wp:attachment":[{"href":"https:\/\/akdenizhaber.com.tr\/index.php\/wp-json\/wp\/v2\/media?parent=15637"}],"wp:term":[{"taxonomy":"category","embeddable":true,"href":"https:\/\/akdenizhaber.com.tr\/index.php\/wp-json\/wp\/v2\/categories?post=15637"},{"taxonomy":"post_tag","embeddable":true,"href":"https:\/\/akdenizhaber.com.tr\/index.php\/wp-json\/wp\/v2\/tags?post=15637"}],"curies":[{"name":"wp","href":"https:\/\/api.w.org\/{rel}","templated":true}]}}