{"id":15634,"date":"2023-09-12T14:20:18","date_gmt":"2023-09-12T11:20:18","guid":{"rendered":"https:\/\/akdenizhaber.com.tr\/?p=15634"},"modified":"2023-09-12T14:20:19","modified_gmt":"2023-09-12T11:20:19","slug":"manavgat-belediyesinden-200-cocuga-sunnet-dugunu","status":"publish","type":"post","link":"https:\/\/akdenizhaber.com.tr\/index.php\/2023\/09\/12\/manavgat-belediyesinden-200-cocuga-sunnet-dugunu\/","title":{"rendered":"Manavgat Belediyesi\u2019nden 200 \u00c7ocu\u011fa S\u00fcnnet D\u00fc\u011f\u00fcn\u00fc"},"content":{"rendered":"\n<p><\/p>\n\n\n\n<p>Manavgat Belediyesi\u2019nin her y\u0131l geleneksel olarak d\u00fczenledi\u011fi toplu s\u00fcnnet \u015f\u00f6lenini bu y\u0131l 200 \u00e7ocu\u011fun kat\u0131ld\u0131\u011f\u0131 muhte\u015fem bir organizasyonla ger\u00e7ekle\u015fti. Manavgat Belediyesi\u2019nin s\u00fcnnet d\u00fc\u011f\u00fcn\u00fcne Manavgat Belediye Ba\u015fkan\u0131 \u015e\u00fckr\u00fc S\u00f6zen, e\u015fi Hatice S\u00f6zen, belediye meclis \u00fcyeleri, CHP Manavgat \u0130l\u00e7e Ba\u015fkan\u0131 Oykun Ba\u015far, \u0130Y\u0130 Parti Manavgat \u0130l\u00e7e Ba\u015fkan\u0131 H\u00fcseyin Ergen, Saadet Partisi Manavgat \u0130l\u00e7e Ba\u015fkan\u0131 \u0130lhami Demiral, belediye meclis \u00fcyeleri, stk temsilcileri, oda ba\u015fkanlar\u0131 ve binlerce vatanda\u015f kat\u0131ld\u0131. Daha \u00f6nceden \u00d6zel Side Anadolu Hastanesi, Manavgat \u00d6zel Hisar T\u0131p Merkezi, Manavgat \u00d6zel Eslem Hastanesi, \u00d6zel Akdeniz Hastanesi, Manavgat Ya\u015fam Hastanesi gibi \u00f6zel hastanelerde Manavgat Belediyesi taraf\u0131ndan s\u00fcnnet ettirilen 200 \u00e7ocuk, d\u00fc\u011f\u00fcn g\u00fcn\u00fc Manavgat Belediyesi ekiplerince t\u00fcm elbiseleri eksizsiz bir \u015fekilde olmak \u00fczere \u00f6zenle giydirildi. Atat\u00fcrk K\u00fclt\u00fcr Merkezi\u2019nde hat\u0131ra foto\u011fraf\u0131 i\u00e7in bir araya gelen 200 \u00e7ocuk, daha sonra Ba\u015fkan \u015e\u00fckr\u00fc S\u00f6zen\u2019le birlikte \u00fcst\u00fc a\u00e7\u0131k arabalarla \u015fark\u0131lar ve mar\u015flar e\u015fli\u011finde \u015fehir turu yapt\u0131.<\/p>\n\n\n\n<p>E\u011eLENCE BO\u011eAZ OTEL\u2019DE DEVAM ETT\u0130<\/p>\n\n\n\n<p>\u015eehir turunun ard\u0131ndan Bo\u011faz Otel\u2019e gelen \u00e7ocuklar ve aileler, Manavgat Belediyesi taraf\u0131ndan organize edilen oyun aktiviteleri ve renkli animasyon g\u00f6sterileriyle g\u00f6n\u00fcllerince e\u011flendi. \u00c7ocuklar\u0131 bir an olsun yaln\u0131z b\u0131rakmayan Manavgat Belediye Ba\u015fkan\u0131 \u015e\u00fckr\u00fc S\u00f6zen de onlarla beraber oyunlar oynad\u0131, bol bol hat\u0131ra foto\u011fraf\u0131 \u00e7ektirerek ailelerle sohbet etti. \u00c7ocuklar\u0131n hayatlar\u0131 boyunca unutamayaca\u011f\u0131 bir g\u00fcn organize eden belediye ekipleri, \u015fi\u015fme oyun gruplar\u0131, akrobasi g\u00f6sterileri, \u00e7izgi film karakterleri ve palya\u00e7olarla g\u00fcn\u00fc renklendirdi. S\u00fcnnet d\u00fc\u011f\u00fcn\u00fc, yerel sanat\u00e7\u0131 \u00d6zgecan G\u00fcven\u2019in muhte\u015fem sahnesiyle gece boyunca devam etti. Konsere kat\u0131lan \u00e7ocuklar ve aileler ise oyun havalar\u0131 e\u015fli\u011finde unutulmaz bir ak\u015fam ya\u015fad\u0131.<\/p>\n\n\n\n<p>200 \u00c7OCU\u011eA 200 ALTIN<\/p>\n\n\n\n<p>Manavgat Belediye Ba\u015fkan\u0131 \u015e\u00fckr\u00fc S\u00f6zen, Manavgat Belediyesi\u2019nin kulland\u0131\u011f\u0131 imkanlar\u0131n halk\u0131n \u00f6z kaynaklar\u0131 oldu\u011funu belirterek, \u00e7ocuklara ve gen\u00e7lere yap\u0131lan yat\u0131r\u0131mlar\u0131n \u00f6nemine vurgu yapt\u0131. Ba\u015fkan \u015e\u00fckr\u00fc S\u00f6zen, \u201cGelece\u011fimiz, yar\u0131nlar\u0131m\u0131z olan \u00e7ocuklar\u0131m\u0131zla onlar\u0131n hayata at\u0131lmaya ba\u015flad\u0131\u011f\u0131 bu g\u00fczel g\u00fcnlerde onlar\u0131n yan\u0131nda oluyoruz. Kat\u0131l\u0131m g\u00f6steren, \u00e7ocuklar\u0131n\u0131 bizlere emanet eden siz de\u011ferli ailelerimize y\u00fcrekten te\u015fekk\u00fcr ediyorum. \u00c7ocuklar\u0131m\u0131z, varolu\u015fumuzun amac\u0131d\u0131r. Onlar\u0131 yar\u0131nlara haz\u0131rlamak ve bu \u00fclkenin gelece\u011fi ad\u0131na sorumluluk sahibi olarak yeti\u015ftirmek bizlerin g\u00f6revi ve sorumlulu\u011fudur. Sizlerin tevecc\u00fch\u00fc ile 15 y\u0131l\u0131 tamaml\u0131yorum. Bu s\u00fcrede ne yapt\u0131 diyen art niyetliler var. Evet, ben ve ekibim 15 y\u0131lda hi\u00e7 bir \u015fey yapmad\u0131k. Ama \u00e7ocuklara yat\u0131r\u0131m yapt\u0131k. Fiziki yat\u0131r\u0131mlar\u0131, kentteki insanlar\u0131n hayat\u0131na dokunu\u015f yapan yat\u0131r\u0131mlar\u0131n hi\u00e7birini saym\u0131yorum. Ama \u00e7ocuklar\u0131m\u0131z i\u00e7in yapt\u0131\u011f\u0131m\u0131z hizmetleri hi\u00e7 kimse inkar edemez, ettirmeyiz. Onlar\u0131n gelece\u011fine ve yar\u0131nlar\u0131na katk\u0131 yapmak bizim en b\u00fcy\u00fck gururumuz. Hi\u00e7bir \u015fey yapmad\u0131k, \u00e7ocuklar\u0131m\u0131z\u0131n yan\u0131nda olduk. Kre\u015flerimizle, et\u00fct merkezlerimizle, e\u011fitim merkezlerimizle, k\u0131z ve erkek \u00f6\u011frenci yurtlar\u0131m\u0131zla, s\u00fcnnet d\u00fc\u011f\u00fcnlerimizle, \u00e7ocuklar\u0131m\u0131z\u0131n d\u00f6nemsel yaz kamplar\u0131yla bir\u00e7ok aktivitede gen\u00e7lerimizin ve \u00e7ocuklar\u0131m\u0131z\u0131n yan\u0131nda olduk. Bununla da gurur duyuyoruz. Bu sene 12\u2019ncisini ger\u00e7ekle\u015ftiriyoruz bu organizasyonumuzun. Bu 12 y\u0131lda 3 bin 500 \u00e7ocu\u011fumuzu ve ailesini ya\u015fama dahil etmi\u015fiz. Ben ailelere te\u015fekk\u00fcr bor\u00e7luyum. \u00c7\u00fcnk\u00fc bizlere itimat ettiler, bizlere g\u00fcvendiler ve bu \u00f6zel g\u00fcn\u00fc bizlerle ya\u015famay\u0131 arzu ettiler. Bu ailelerimizin hepsi, kendi imkanlar\u0131yla da \u00e7ocu\u011funu s\u00fcnnet ettirebilirdi. Ama bu g\u00fczelli\u011fi bizlerle payla\u015fmak istediler. Manavgat Belediyesi\u2019nin bu etkinlikte kulland\u0131\u011f\u0131 her t\u00fcrl\u00fc ekonomik imkan tamamen sizlerin kendi kaynaklar\u0131d\u0131r. Biz l\u00fctufta bulunmuyoruz. Sizin olanlar\u0131 sizinle payla\u015fmaya gayret ediyoruz. Sizleri seviyoruz. Ama \u00e7ocuklar\u0131m\u0131z\u0131 sizlerden daha \u00e7ok seviyoruz \u00e7\u00fcnk\u00fc onlar birer melek. Atat\u00fcrk\u2019\u00fcm\u00fcz\u00fcn de s\u00f6yledi\u011fi gibi iyi yeti\u015fen, kimlikli, yeti\u015fen, bu \u00fclke i\u00e7in sorumluluk alan \u00e7ocuklar ger\u00e7ek anlamda bizleri muas\u0131r medeniyetler seviyesine ula\u015ft\u0131racakt\u0131r. T\u00fcm \u00e7ocuklar\u0131m\u0131zla gurur duyuyorum. \u0130yi ki vars\u0131n\u0131z. Allah, t\u00fcm \u00e7ocuklar\u0131m\u0131z\u0131n \u00f6mr\u00fcn\u00fc baht\u0131n\u0131 a\u00e7\u0131k etsin\u201d dedi. Konu\u015fman\u0131n ard\u0131ndan Ba\u015fkan \u015e\u00fckr\u00fc S\u00f6zen, e\u015fi Hatice S\u00f6zen ve protokol \u00fcyeleri s\u00fcnnet \u00e7ocuklar\u0131na alt\u0131n takt\u0131.<\/p>\n\n\n\n<p>Manavgat Belediyesi \/ B\u00fclten<\/p>\n","protected":false},"excerpt":{"rendered":"<p>Manavgat Belediyesi\u2019nin her y\u0131l geleneksel olarak d\u00fczenledi\u011fi toplu s\u00fcnnet \u015f\u00f6lenini bu y\u0131l 200 \u00e7ocu\u011fun kat\u0131ld\u0131\u011f\u0131 muhte\u015fem bir organizasyonla ger\u00e7ekle\u015fti. Manavgat Belediyesi\u2019nin s\u00fcnnet d\u00fc\u011f\u00fcn\u00fcne Manavgat Belediye <a href=\"https:\/\/akdenizhaber.com.tr\/index.php\/2023\/09\/12\/manavgat-belediyesinden-200-cocuga-sunnet-dugunu\/\" class=\"read-more-link\">[more&#8230;]<\/a><\/p>\n","protected":false},"author":2,"featured_media":15635,"comment_status":"open","ping_status":"open","sticky":false,"template":"","format":"standard","meta":{"footnotes":""},"categories":[2],"tags":[],"class_list":["post-15634","post","type-post","status-publish","format-standard","has-post-thumbnail","hentry","category-gundem"],"_links":{"self":[{"href":"https:\/\/akdenizhaber.com.tr\/index.php\/wp-json\/wp\/v2\/posts\/15634","targetHints":{"allow":["GET"]}}],"collection":[{"href":"https:\/\/akdenizhaber.com.tr\/index.php\/wp-json\/wp\/v2\/posts"}],"about":[{"href":"https:\/\/akdenizhaber.com.tr\/index.php\/wp-json\/wp\/v2\/types\/post"}],"author":[{"embeddable":true,"href":"https:\/\/akdenizhaber.com.tr\/index.php\/wp-json\/wp\/v2\/users\/2"}],"replies":[{"embeddable":true,"href":"https:\/\/akdenizhaber.com.tr\/index.php\/wp-json\/wp\/v2\/comments?post=15634"}],"version-history":[{"count":0,"href":"https:\/\/akdenizhaber.com.tr\/index.php\/wp-json\/wp\/v2\/posts\/15634\/revisions"}],"wp:featuredmedia":[{"embeddable":true,"href":"https:\/\/akdenizhaber.com.tr\/index.php\/wp-json\/wp\/v2\/media\/15635"}],"wp:attachment":[{"href":"https:\/\/akdenizhaber.com.tr\/index.php\/wp-json\/wp\/v2\/media?parent=15634"}],"wp:term":[{"taxonomy":"category","embeddable":true,"href":"https:\/\/akdenizhaber.com.tr\/index.php\/wp-json\/wp\/v2\/categories?post=15634"},{"taxonomy":"post_tag","embeddable":true,"href":"https:\/\/akdenizhaber.com.tr\/index.php\/wp-json\/wp\/v2\/tags?post=15634"}],"curies":[{"name":"wp","href":"https:\/\/api.w.org\/{rel}","templated":true}]}}